{"id":8341,"date":"2024-03-27T11:39:24","date_gmt":"2024-03-27T09:39:24","guid":{"rendered":"https:\/\/hospitalsagratcormartorell.org\/entre-tots\/?p=8341"},"modified":"2024-03-27T11:39:25","modified_gmt":"2024-03-27T09:39:25","slug":"roberto-narvaiz-parla-a-radio-estel-sobre-el-25e-aniversari-de-la-canonitzacio-de-sant-benito-menni","status":"publish","type":"post","link":"https:\/\/fundaciohospitalariesmartorell.org\/entre-tots\/2024\/03\/roberto-narvaiz-parla-a-radio-estel-sobre-el-25e-aniversari-de-la-canonitzacio-de-sant-benito-menni\/","title":{"rendered":"Roberto Narvaiz parla a R\u00e0dio Estel sobre el 25\u00e8 aniversari de la canonitzaci\u00f3 de Sant Benito Menni"},"content":{"rendered":"\n<p>Roberto Narvaiz, coordinador del Servei de Pastoral i Atenci\u00f3 Espiritual i Religiosa de l\u2019Hospital, va ser entrevistat a R\u00e0dio Estel el 18 de mar\u00e7, per parlar dels actes amb motiu de la celebraci\u00f3 del vint-i-cinqu\u00e8 aniversari de la canonitzaci\u00f3 de Sant Benito Menni. Podeu escoltar <a href=\"https:\/\/www.estelfitxers.com\/audio\/2023-2024\/20240318-18_00SENSEDISTANCIA.MP3\" target=\"_blank\" rel=\"noreferrer noopener\">aqu\u00ed<\/a> la seva intervenci\u00f3 a partir del minut 19:34.<\/p>\n","protected":false},"excerpt":{"rendered":"<p>Roberto Narvaiz, coordinador del Servei de Pastoral i Atenci\u00f3 Espiritual i Religiosa de l\u2019Hospital, va ser entrevistat a R\u00e0dio Estel el 18 de mar\u00e7, per parlar dels actes amb motiu de la celebraci\u00f3 del vint-i-cinqu\u00e8 aniversari de la canonitzaci\u00f3 de Sant Benito Menni. Podeu escoltar aqu\u00ed la seva intervenci\u00f3 a partir del minut 19:34.<\/p>\n","protected":false},"author":2,"featured_media":0,"comment_status":"closed","ping_status":"closed","sticky":false,"template":"","format":"standard","meta":{"footnotes":""},"categories":[44],"tags":[],"class_list":["post-8341","post","type-post","status-publish","format-standard","hentry","category-entre-noticies"],"blocksy_meta":{"styles_descriptor":{"styles":{"desktop":"","tablet":"","mobile":""},"google_fonts":[],"version":6}},"featured_image_urls_v2":{"full":"","thumbnail":"","medium":"","medium_large":"","large":"","1536x1536":"","2048x2048":"","mailpoet_newsletter_max":""},"post_excerpt_stackable_v2":"<p>Roberto Narvaiz, coordinador del Servei de Pastoral i Atenci\u00f3 Espiritual i Religiosa de l\u2019Hospital, va ser entrevistat a R\u00e0dio Estel el 18 de mar\u00e7, per parlar dels actes amb motiu de la celebraci\u00f3 del vint-i-cinqu\u00e8 aniversari de la canonitzaci\u00f3 de Sant Benito Menni. Podeu escoltar aqu\u00ed la seva intervenci\u00f3 a partir del minut 19:34.<\/p>\n","category_list_v2":"<a href=\"https:\/\/fundaciohospitalariesmartorell.org\/entre-tots\/category\/entre-noticies\/\" rel=\"category tag\">ENTRE NOT\u00cdCIES<\/a>","author_info_v2":{"name":"Sagrat Cor","url":"https:\/\/fundaciohospitalariesmartorell.org\/entre-tots\/author\/daniel\/"},"comments_num_v2":"0 comments","_links":{"self":[{"href":"https:\/\/fundaciohospitalariesmartorell.org\/entre-tots\/wp-json\/wp\/v2\/posts\/8341","targetHints":{"allow":["GET"]}}],"collection":[{"href":"https:\/\/fundaciohospitalariesmartorell.org\/entre-tots\/wp-json\/wp\/v2\/posts"}],"about":[{"href":"https:\/\/fundaciohospitalariesmartorell.org\/entre-tots\/wp-json\/wp\/v2\/types\/post"}],"author":[{"embeddable":true,"href":"https:\/\/fundaciohospitalariesmartorell.org\/entre-tots\/wp-json\/wp\/v2\/users\/2"}],"replies":[{"embeddable":true,"href":"https:\/\/fundaciohospitalariesmartorell.org\/entre-tots\/wp-json\/wp\/v2\/comments?post=8341"}],"version-history":[{"count":2,"href":"https:\/\/fundaciohospitalariesmartorell.org\/entre-tots\/wp-json\/wp\/v2\/posts\/8341\/revisions"}],"predecessor-version":[{"id":8343,"href":"https:\/\/fundaciohospitalariesmartorell.org\/entre-tots\/wp-json\/wp\/v2\/posts\/8341\/revisions\/8343"}],"wp:attachment":[{"href":"https:\/\/fundaciohospitalariesmartorell.org\/entre-tots\/wp-json\/wp\/v2\/media?parent=8341"}],"wp:term":[{"taxonomy":"category","embeddable":true,"href":"https:\/\/fundaciohospitalariesmartorell.org\/entre-tots\/wp-json\/wp\/v2\/categories?post=8341"},{"taxonomy":"post_tag","embeddable":true,"href":"https:\/\/fundaciohospitalariesmartorell.org\/entre-tots\/wp-json\/wp\/v2\/tags?post=8341"}],"curies":[{"name":"wp","href":"https:\/\/api.w.org\/{rel}","templated":true}]}}