{"id":8344,"date":"2024-03-27T11:40:22","date_gmt":"2024-03-27T09:40:22","guid":{"rendered":"https:\/\/hospitalsagratcormartorell.org\/entre-tots\/?p=8344"},"modified":"2024-03-27T11:40:23","modified_gmt":"2024-03-27T09:40:23","slug":"els-simptomes-conductuals-de-la-demencia-es-poden-presentar-fins-a-10-anys-abans-de-diagnosticar-la-malaltia","status":"publish","type":"post","link":"https:\/\/fundaciohospitalariesmartorell.org\/entre-tots\/2024\/03\/els-simptomes-conductuals-de-la-demencia-es-poden-presentar-fins-a-10-anys-abans-de-diagnosticar-la-malaltia\/","title":{"rendered":"Els s\u00edmptomes conductuals de la dem\u00e8ncia es poden presentar fins a 10 anys abans de diagnosticar la malaltia"},"content":{"rendered":"\n<p>El 8 de mar\u00e7, es va celebrar una edici\u00f3 molt exitosa del Curs d\u2019Actualitzaci\u00f3 en Psicogeriatria, amb m\u00e9s de 1.600 professionals de tot el m\u00f3n. Un dels temes que s\u2019hi van abordar va ser el dels s\u00edmptomes conductuals de la dem\u00e8ncia i el seu valor per avan\u00e7ar el diagn\u00f2stic de la malaltia. El diari <em>La Raz\u00f3n<\/em> es va fer ress\u00f2 d\u2019aquesta jornada.<\/p>\n\n\n\n<p><a href=\"https:\/\/www.larazon.es\/cataluna\/sintomas-conductuales-demencia-pueden-presentarse-10-anos-antes-diagnostico-enfermedad_2024031165ee7a21d331030001421de2.html\">https:\/\/www.larazon.es\/cataluna\/sintomas-conductuales-demencia-pueden-presentarse-10-anos-antes-diagnostico-enfermedad_2024031165ee7a21d331030001421de2.html<\/a><\/p>\n","protected":false},"excerpt":{"rendered":"<p>El 8 de mar\u00e7, es va celebrar una edici\u00f3 molt exitosa del Curs d\u2019Actualitzaci\u00f3 en Psicogeriatria, amb m\u00e9s de 1.600 professionals de tot el m\u00f3n. Un dels temes que s\u2019hi van abordar va ser el dels s\u00edmptomes conductuals de la dem\u00e8ncia i el seu valor per avan\u00e7ar el diagn\u00f2stic de la malaltia. El diari La [&hellip;]<\/p>\n","protected":false},"author":2,"featured_media":0,"comment_status":"closed","ping_status":"closed","sticky":false,"template":"","format":"standard","meta":{"footnotes":""},"categories":[44],"tags":[],"class_list":["post-8344","post","type-post","status-publish","format-standard","hentry","category-entre-noticies"],"blocksy_meta":{"styles_descriptor":{"styles":{"desktop":"","tablet":"","mobile":""},"google_fonts":[],"version":6}},"featured_image_urls_v2":{"full":"","thumbnail":"","medium":"","medium_large":"","large":"","1536x1536":"","2048x2048":"","mailpoet_newsletter_max":""},"post_excerpt_stackable_v2":"<p>El 8 de mar\u00e7, es va celebrar una edici\u00f3 molt exitosa del Curs d\u2019Actualitzaci\u00f3 en Psicogeriatria, amb m\u00e9s de 1.600 professionals de tot el m\u00f3n. Un dels temes que s\u2019hi van abordar va ser el dels s\u00edmptomes conductuals de la dem\u00e8ncia i el seu valor per avan\u00e7ar el diagn\u00f2stic de la malaltia. El diari La Raz\u00f3n es va fer ress\u00f2 d\u2019aquesta jornada. https:\/\/www.larazon.es\/cataluna\/sintomas-conductuales-demencia-pueden-presentarse-10-anos-antes-diagnostico-enfermedad_2024031165ee7a21d331030001421de2.html<\/p>\n","category_list_v2":"<a href=\"https:\/\/fundaciohospitalariesmartorell.org\/entre-tots\/category\/entre-noticies\/\" rel=\"category tag\">ENTRE NOT\u00cdCIES<\/a>","author_info_v2":{"name":"Sagrat Cor","url":"https:\/\/fundaciohospitalariesmartorell.org\/entre-tots\/author\/daniel\/"},"comments_num_v2":"0 comments","_links":{"self":[{"href":"https:\/\/fundaciohospitalariesmartorell.org\/entre-tots\/wp-json\/wp\/v2\/posts\/8344","targetHints":{"allow":["GET"]}}],"collection":[{"href":"https:\/\/fundaciohospitalariesmartorell.org\/entre-tots\/wp-json\/wp\/v2\/posts"}],"about":[{"href":"https:\/\/fundaciohospitalariesmartorell.org\/entre-tots\/wp-json\/wp\/v2\/types\/post"}],"author":[{"embeddable":true,"href":"https:\/\/fundaciohospitalariesmartorell.org\/entre-tots\/wp-json\/wp\/v2\/users\/2"}],"replies":[{"embeddable":true,"href":"https:\/\/fundaciohospitalariesmartorell.org\/entre-tots\/wp-json\/wp\/v2\/comments?post=8344"}],"version-history":[{"count":2,"href":"https:\/\/fundaciohospitalariesmartorell.org\/entre-tots\/wp-json\/wp\/v2\/posts\/8344\/revisions"}],"predecessor-version":[{"id":8346,"href":"https:\/\/fundaciohospitalariesmartorell.org\/entre-tots\/wp-json\/wp\/v2\/posts\/8344\/revisions\/8346"}],"wp:attachment":[{"href":"https:\/\/fundaciohospitalariesmartorell.org\/entre-tots\/wp-json\/wp\/v2\/media?parent=8344"}],"wp:term":[{"taxonomy":"category","embeddable":true,"href":"https:\/\/fundaciohospitalariesmartorell.org\/entre-tots\/wp-json\/wp\/v2\/categories?post=8344"},{"taxonomy":"post_tag","embeddable":true,"href":"https:\/\/fundaciohospitalariesmartorell.org\/entre-tots\/wp-json\/wp\/v2\/tags?post=8344"}],"curies":[{"name":"wp","href":"https:\/\/api.w.org\/{rel}","templated":true}]}}