{"id":8347,"date":"2024-03-27T11:41:15","date_gmt":"2024-03-27T09:41:15","guid":{"rendered":"https:\/\/hospitalsagratcormartorell.org\/entre-tots\/?p=8347"},"modified":"2024-03-27T11:41:17","modified_gmt":"2024-03-27T09:41:17","slug":"roger-ballesca-interve-en-un-podcast-de-rac1","status":"publish","type":"post","link":"https:\/\/fundaciohospitalariesmartorell.org\/entre-tots\/2024\/03\/roger-ballesca-interve-en-un-podcast-de-rac1\/","title":{"rendered":"Roger Ballesc\u00e0 interv\u00e9 en un p\u00f2dcast de RAC1"},"content":{"rendered":"\n<p>Roger Ballesc\u00e0, coordinador de l\u2019\u00c0rea de Salut Mental Infantojuvenil de l\u2019Hospital, va intervenir en un p\u00f2dcast de RAC1, <em>Quan els fills manen<\/em>, en el qual va explicar com la tasca dels pares s\u2019assembla molt a la d\u2019un jardiner, que ha de regar i podar. \u201cCom a \u00e9ssers humans, ens agrada molt m\u00e9s regar que podar, \u00e9s a dir, preferim donar amor que posar l\u00edmits o, m\u00e9s ben dit, donar l\u00edmits, per\u00f2 s\u00f3n essencials per ajudar els nostres fills a construir la seva identitat\u201d, va explicar Roger Ballesc\u00e0.<\/p>\n\n\n\n<p><a href=\"https:\/\/www.rac1.cat\/rac-mes-1\/detail\/0234aa29-cd95-4fd8-a60d-b12d00b691fd\">https:\/\/www.rac1.cat\/rac-mes-1\/detail\/0234aa29-cd95-4fd8-a60d-b12d00b691fd<\/a><\/p>\n","protected":false},"excerpt":{"rendered":"<p>Roger Ballesc\u00e0, coordinador de l\u2019\u00c0rea de Salut Mental Infantojuvenil de l\u2019Hospital, va intervenir en un p\u00f2dcast de RAC1, Quan els fills manen, en el qual va explicar com la tasca dels pares s\u2019assembla molt a la d\u2019un jardiner, que ha de regar i podar. \u201cCom a \u00e9ssers humans, ens agrada molt m\u00e9s regar que podar, [&hellip;]<\/p>\n","protected":false},"author":2,"featured_media":0,"comment_status":"closed","ping_status":"closed","sticky":false,"template":"","format":"standard","meta":{"footnotes":""},"categories":[44],"tags":[],"class_list":["post-8347","post","type-post","status-publish","format-standard","hentry","category-entre-noticies"],"blocksy_meta":{"styles_descriptor":{"styles":{"desktop":"","tablet":"","mobile":""},"google_fonts":[],"version":6}},"featured_image_urls_v2":{"full":"","thumbnail":"","medium":"","medium_large":"","large":"","1536x1536":"","2048x2048":"","mailpoet_newsletter_max":""},"post_excerpt_stackable_v2":"<p>Roger Ballesc\u00e0, coordinador de l\u2019\u00c0rea de Salut Mental Infantojuvenil de l\u2019Hospital, va intervenir en un p\u00f2dcast de RAC1, Quan els fills manen, en el qual va explicar com la tasca dels pares s\u2019assembla molt a la d\u2019un jardiner, que ha de regar i podar. \u201cCom a \u00e9ssers humans, ens agrada molt m\u00e9s regar que podar, \u00e9s a dir, preferim donar amor que posar l\u00edmits o, m\u00e9s ben dit, donar l\u00edmits, per\u00f2 s\u00f3n essencials per ajudar els nostres fills a construir la seva identitat\u201d, va explicar Roger Ballesc\u00e0. https:\/\/www.rac1.cat\/rac-mes-1\/detail\/0234aa29-cd95-4fd8-a60d-b12d00b691fd<\/p>\n","category_list_v2":"<a href=\"https:\/\/fundaciohospitalariesmartorell.org\/entre-tots\/category\/entre-noticies\/\" rel=\"category tag\">ENTRE NOT\u00cdCIES<\/a>","author_info_v2":{"name":"Sagrat Cor","url":"https:\/\/fundaciohospitalariesmartorell.org\/entre-tots\/author\/daniel\/"},"comments_num_v2":"0 comments","_links":{"self":[{"href":"https:\/\/fundaciohospitalariesmartorell.org\/entre-tots\/wp-json\/wp\/v2\/posts\/8347","targetHints":{"allow":["GET"]}}],"collection":[{"href":"https:\/\/fundaciohospitalariesmartorell.org\/entre-tots\/wp-json\/wp\/v2\/posts"}],"about":[{"href":"https:\/\/fundaciohospitalariesmartorell.org\/entre-tots\/wp-json\/wp\/v2\/types\/post"}],"author":[{"embeddable":true,"href":"https:\/\/fundaciohospitalariesmartorell.org\/entre-tots\/wp-json\/wp\/v2\/users\/2"}],"replies":[{"embeddable":true,"href":"https:\/\/fundaciohospitalariesmartorell.org\/entre-tots\/wp-json\/wp\/v2\/comments?post=8347"}],"version-history":[{"count":2,"href":"https:\/\/fundaciohospitalariesmartorell.org\/entre-tots\/wp-json\/wp\/v2\/posts\/8347\/revisions"}],"predecessor-version":[{"id":8349,"href":"https:\/\/fundaciohospitalariesmartorell.org\/entre-tots\/wp-json\/wp\/v2\/posts\/8347\/revisions\/8349"}],"wp:attachment":[{"href":"https:\/\/fundaciohospitalariesmartorell.org\/entre-tots\/wp-json\/wp\/v2\/media?parent=8347"}],"wp:term":[{"taxonomy":"category","embeddable":true,"href":"https:\/\/fundaciohospitalariesmartorell.org\/entre-tots\/wp-json\/wp\/v2\/categories?post=8347"},{"taxonomy":"post_tag","embeddable":true,"href":"https:\/\/fundaciohospitalariesmartorell.org\/entre-tots\/wp-json\/wp\/v2\/tags?post=8347"}],"curies":[{"name":"wp","href":"https:\/\/api.w.org\/{rel}","templated":true}]}}