{"id":8353,"date":"2024-03-27T11:44:02","date_gmt":"2024-03-27T09:44:02","guid":{"rendered":"https:\/\/hospitalsagratcormartorell.org\/entre-tots\/?p=8353"},"modified":"2024-03-27T11:44:50","modified_gmt":"2024-03-27T09:44:50","slug":"que-passa-amb-la-salut-mental-dels-nostres-fills","status":"publish","type":"post","link":"https:\/\/fundaciohospitalariesmartorell.org\/entre-tots\/2024\/03\/que-passa-amb-la-salut-mental-dels-nostres-fills\/","title":{"rendered":"Qu\u00e8 passa amb la salut mental dels nostres fills?"},"content":{"rendered":"\n<p>La revista <em>Psicolog\u00eda y Mente<\/em> va publicar un article sobre els problemes de salut mental actuals en la inf\u00e0ncia i l\u2019adolesc\u00e8ncia, recalcant com els \u00faltims anys han augmentat tant el nombre de consultes com la complexitat. Roger Ballesc\u00e0, coordinador de l\u2019\u00c0rea de Salut Mental Infantojuvenil de l\u2019Hospital, hi va participar en qualitat d\u2019expert.<\/p>\n\n\n\n<p><a href=\"https:\/\/psicologiaymente.com\/desarrollo\/que-ocurre-con-salud-mental-de-nuestros-hijos\">https:\/\/psicologiaymente.com\/desarrollo\/que-ocurre-con-salud-mental-de-nuestros-hijos<\/a><\/p>\n","protected":false},"excerpt":{"rendered":"<p>La revista Psicolog\u00eda y Mente va publicar un article sobre els problemes de salut mental actuals en la inf\u00e0ncia i l\u2019adolesc\u00e8ncia, recalcant com els \u00faltims anys han augmentat tant el nombre de consultes com la complexitat. Roger Ballesc\u00e0, coordinador de l\u2019\u00c0rea de Salut Mental Infantojuvenil de l\u2019Hospital, hi va participar en qualitat d\u2019expert. https:\/\/psicologiaymente.com\/desarrollo\/que-ocurre-con-salud-mental-de-nuestros-hijos<\/p>\n","protected":false},"author":2,"featured_media":0,"comment_status":"closed","ping_status":"closed","sticky":false,"template":"","format":"standard","meta":{"footnotes":""},"categories":[44],"tags":[],"class_list":["post-8353","post","type-post","status-publish","format-standard","hentry","category-entre-noticies"],"blocksy_meta":{"styles_descriptor":{"styles":{"desktop":"","tablet":"","mobile":""},"google_fonts":[],"version":6}},"featured_image_urls_v2":{"full":"","thumbnail":"","medium":"","medium_large":"","large":"","1536x1536":"","2048x2048":"","mailpoet_newsletter_max":""},"post_excerpt_stackable_v2":"<p>La revista Psicolog\u00eda y Mente va publicar un article sobre els problemes de salut mental actuals en la inf\u00e0ncia i l\u2019adolesc\u00e8ncia, recalcant com els \u00faltims anys han augmentat tant el nombre de consultes com la complexitat. Roger Ballesc\u00e0, coordinador de l\u2019\u00c0rea de Salut Mental Infantojuvenil de l\u2019Hospital, hi va participar en qualitat d\u2019expert. https:\/\/psicologiaymente.com\/desarrollo\/que-ocurre-con-salud-mental-de-nuestros-hijos<\/p>\n","category_list_v2":"<a href=\"https:\/\/fundaciohospitalariesmartorell.org\/entre-tots\/category\/entre-noticies\/\" rel=\"category tag\">ENTRE NOT\u00cdCIES<\/a>","author_info_v2":{"name":"Sagrat Cor","url":"https:\/\/fundaciohospitalariesmartorell.org\/entre-tots\/author\/daniel\/"},"comments_num_v2":"0 comments","_links":{"self":[{"href":"https:\/\/fundaciohospitalariesmartorell.org\/entre-tots\/wp-json\/wp\/v2\/posts\/8353","targetHints":{"allow":["GET"]}}],"collection":[{"href":"https:\/\/fundaciohospitalariesmartorell.org\/entre-tots\/wp-json\/wp\/v2\/posts"}],"about":[{"href":"https:\/\/fundaciohospitalariesmartorell.org\/entre-tots\/wp-json\/wp\/v2\/types\/post"}],"author":[{"embeddable":true,"href":"https:\/\/fundaciohospitalariesmartorell.org\/entre-tots\/wp-json\/wp\/v2\/users\/2"}],"replies":[{"embeddable":true,"href":"https:\/\/fundaciohospitalariesmartorell.org\/entre-tots\/wp-json\/wp\/v2\/comments?post=8353"}],"version-history":[{"count":2,"href":"https:\/\/fundaciohospitalariesmartorell.org\/entre-tots\/wp-json\/wp\/v2\/posts\/8353\/revisions"}],"predecessor-version":[{"id":8355,"href":"https:\/\/fundaciohospitalariesmartorell.org\/entre-tots\/wp-json\/wp\/v2\/posts\/8353\/revisions\/8355"}],"wp:attachment":[{"href":"https:\/\/fundaciohospitalariesmartorell.org\/entre-tots\/wp-json\/wp\/v2\/media?parent=8353"}],"wp:term":[{"taxonomy":"category","embeddable":true,"href":"https:\/\/fundaciohospitalariesmartorell.org\/entre-tots\/wp-json\/wp\/v2\/categories?post=8353"},{"taxonomy":"post_tag","embeddable":true,"href":"https:\/\/fundaciohospitalariesmartorell.org\/entre-tots\/wp-json\/wp\/v2\/tags?post=8353"}],"curies":[{"name":"wp","href":"https:\/\/api.w.org\/{rel}","templated":true}]}}