{"id":8927,"date":"2024-04-28T21:55:51","date_gmt":"2024-04-28T20:55:51","guid":{"rendered":"https:\/\/hospitalsagratcormartorell.org\/entre-tots\/?p=8927"},"modified":"2024-04-28T21:55:26","modified_gmt":"2024-04-28T20:55:26","slug":"lacte-del-25e-aniversari-de-la-canonitzacio-de-sant-benito-menni-congrega-mes-de-200-persones","status":"publish","type":"post","link":"https:\/\/fundaciohospitalariesmartorell.org\/entre-tots\/2024\/04\/lacte-del-25e-aniversari-de-la-canonitzacio-de-sant-benito-menni-congrega-mes-de-200-persones\/","title":{"rendered":"L\u2019acte del 25\u00e8 aniversari de la canonitzaci\u00f3 de Sant Benito Menni congrega m\u00e9s de 200 persones"},"content":{"rendered":"<figure class=\"wp-block-post-featured-image\"><img loading=\"lazy\" decoding=\"async\" width=\"1368\" height=\"912\" src=\"https:\/\/fundaciohospitalariesmartorell.org\/entre-tots\/wp-content\/uploads\/2024\/04\/DSC2354.jpeg\" class=\"attachment-post-thumbnail size-post-thumbnail wp-post-image\" alt=\"\" style=\"object-fit:cover;\" srcset=\"https:\/\/fundaciohospitalariesmartorell.org\/entre-tots\/wp-content\/uploads\/2024\/04\/DSC2354.jpeg 1368w, https:\/\/fundaciohospitalariesmartorell.org\/entre-tots\/wp-content\/uploads\/2024\/04\/DSC2354-300x200.jpeg 300w, https:\/\/fundaciohospitalariesmartorell.org\/entre-tots\/wp-content\/uploads\/2024\/04\/DSC2354-1024x683.jpeg 1024w, https:\/\/fundaciohospitalariesmartorell.org\/entre-tots\/wp-content\/uploads\/2024\/04\/DSC2354-768x512.jpeg 768w, https:\/\/fundaciohospitalariesmartorell.org\/entre-tots\/wp-content\/uploads\/2024\/04\/DSC2354-1320x880.jpeg 1320w\" sizes=\"auto, (max-width: 1368px) 100vw, 1368px\" \/><\/figure>\n\n\n<p>El divendres 12 d&#8217;abril, l&#8217;Esgl\u00e9sia de Nostra Senyora del Sagrat Cor va acollir l&#8217;acte de commemoraci\u00f3 del 25\u00e8 aniversari de la canonitzaci\u00f3 de Sant Benito Menni, fundador de les Germanes Hospital\u00e0ries del Sagrat Cor de Jes\u00fas. L&#8217;esdeveniment, celebrat amb el lema &#8216;Una Hist\u00f2ria Llaurada amb el Cor&#8217; i organitzat conjuntament pels cinc centres de Germanes Hospital\u00e0ries de Catalunya, va reunir m\u00e9s de 200 persones, entre elles, Germanes, personal col\u00b7laborador, voluntariat i persones usu\u00e0ries dels centres. L&#8217;acte va comptar amb la pres\u00e8ncia de Mons. Joan-Enric Vives, Bisbe d&#8217;Urgell i Copr\u00edncep d&#8217;Andorra, que va oficiar l&#8217;eucaristia final.<\/p>\n\n\n\n<p>Trobareu m\u00e9s informaci\u00f3 sobre aquest acte <a href=\"https:\/\/hospitalsagratcormartorell.org\/lacte-del-25e-aniversari-de-la-canonitzacio-de-sant-benito-menni-congrega-mes-de-200-persones\/\">aqu\u00ed<\/a><\/p>\n\n\n\n<figure class=\"wp-block-gallery has-nested-images columns-default is-cropped wp-block-gallery-1 is-layout-flex wp-block-gallery-is-layout-flex\">\n<figure class=\"wp-block-image size-large\"><img loading=\"lazy\" decoding=\"async\" width=\"1024\" height=\"683\" data-id=\"8932\" src=\"https:\/\/hospitalsagratcormartorell.org\/entre-tots\/wp-content\/uploads\/2024\/04\/DSC2395-1024x683.jpeg\" alt=\"\" class=\"wp-image-8932\" srcset=\"https:\/\/fundaciohospitalariesmartorell.org\/entre-tots\/wp-content\/uploads\/2024\/04\/DSC2395-1024x683.jpeg 1024w, https:\/\/fundaciohospitalariesmartorell.org\/entre-tots\/wp-content\/uploads\/2024\/04\/DSC2395-300x200.jpeg 300w, https:\/\/fundaciohospitalariesmartorell.org\/entre-tots\/wp-content\/uploads\/2024\/04\/DSC2395-768x512.jpeg 768w, https:\/\/fundaciohospitalariesmartorell.org\/entre-tots\/wp-content\/uploads\/2024\/04\/DSC2395-1320x880.jpeg 1320w, https:\/\/fundaciohospitalariesmartorell.org\/entre-tots\/wp-content\/uploads\/2024\/04\/DSC2395.jpeg 1368w\" sizes=\"auto, (max-width: 1024px) 100vw, 1024px\" \/><\/figure>\n\n\n\n<figure class=\"wp-block-image size-large\"><img loading=\"lazy\" decoding=\"async\" width=\"1024\" height=\"683\" data-id=\"8931\" src=\"https:\/\/hospitalsagratcormartorell.org\/entre-tots\/wp-content\/uploads\/2024\/04\/DSC2522-1024x683.jpeg\" alt=\"\" class=\"wp-image-8931\" srcset=\"https:\/\/fundaciohospitalariesmartorell.org\/entre-tots\/wp-content\/uploads\/2024\/04\/DSC2522-1024x683.jpeg 1024w, https:\/\/fundaciohospitalariesmartorell.org\/entre-tots\/wp-content\/uploads\/2024\/04\/DSC2522-300x200.jpeg 300w, https:\/\/fundaciohospitalariesmartorell.org\/entre-tots\/wp-content\/uploads\/2024\/04\/DSC2522-768x512.jpeg 768w, https:\/\/fundaciohospitalariesmartorell.org\/entre-tots\/wp-content\/uploads\/2024\/04\/DSC2522-1320x880.jpeg 1320w, https:\/\/fundaciohospitalariesmartorell.org\/entre-tots\/wp-content\/uploads\/2024\/04\/DSC2522.jpeg 1368w\" sizes=\"auto, (max-width: 1024px) 100vw, 1024px\" \/><\/figure>\n\n\n\n<figure class=\"wp-block-image size-large\"><img loading=\"lazy\" decoding=\"async\" width=\"683\" height=\"1024\" data-id=\"8930\" src=\"https:\/\/hospitalsagratcormartorell.org\/entre-tots\/wp-content\/uploads\/2024\/04\/DSC2568-683x1024.jpeg\" alt=\"\" class=\"wp-image-8930\" srcset=\"https:\/\/fundaciohospitalariesmartorell.org\/entre-tots\/wp-content\/uploads\/2024\/04\/DSC2568-683x1024.jpeg 683w, https:\/\/fundaciohospitalariesmartorell.org\/entre-tots\/wp-content\/uploads\/2024\/04\/DSC2568-200x300.jpeg 200w, https:\/\/fundaciohospitalariesmartorell.org\/entre-tots\/wp-content\/uploads\/2024\/04\/DSC2568-768x1152.jpeg 768w, https:\/\/fundaciohospitalariesmartorell.org\/entre-tots\/wp-content\/uploads\/2024\/04\/DSC2568-rotated.jpeg 912w\" sizes=\"auto, (max-width: 683px) 100vw, 683px\" \/><\/figure>\n\n\n\n<figure class=\"wp-block-image size-large\"><img loading=\"lazy\" decoding=\"async\" width=\"1024\" height=\"768\" data-id=\"8929\" src=\"https:\/\/hospitalsagratcormartorell.org\/entre-tots\/wp-content\/uploads\/2024\/04\/Canonizacion-1024x768.jpg\" alt=\"\" class=\"wp-image-8929\" srcset=\"https:\/\/fundaciohospitalariesmartorell.org\/entre-tots\/wp-content\/uploads\/2024\/04\/Canonizacion-1024x768.jpg 1024w, https:\/\/fundaciohospitalariesmartorell.org\/entre-tots\/wp-content\/uploads\/2024\/04\/Canonizacion-300x225.jpg 300w, https:\/\/fundaciohospitalariesmartorell.org\/entre-tots\/wp-content\/uploads\/2024\/04\/Canonizacion-768x576.jpg 768w, https:\/\/fundaciohospitalariesmartorell.org\/entre-tots\/wp-content\/uploads\/2024\/04\/Canonizacion-1536x1152.jpg 1536w, https:\/\/fundaciohospitalariesmartorell.org\/entre-tots\/wp-content\/uploads\/2024\/04\/Canonizacion-1320x990.jpg 1320w, https:\/\/fundaciohospitalariesmartorell.org\/entre-tots\/wp-content\/uploads\/2024\/04\/Canonizacion.jpg 2040w\" sizes=\"auto, (max-width: 1024px) 100vw, 1024px\" \/><\/figure>\n<\/figure>\n","protected":false},"excerpt":{"rendered":"<p>El divendres 12 d&#8217;abril, l&#8217;Esgl\u00e9sia de Nostra Senyora del Sagrat Cor va acollir l&#8217;acte de commemoraci\u00f3 del 25\u00e8 aniversari de la canonitzaci\u00f3 de Sant Benito Menni, fundador de les Germanes Hospital\u00e0ries del Sagrat Cor de Jes\u00fas. L&#8217;esdeveniment, celebrat amb el lema &#8216;Una Hist\u00f2ria Llaurada amb el Cor&#8217; i organitzat conjuntament pels cinc centres de Germanes [&hellip;]<\/p>\n","protected":false},"author":2,"featured_media":8933,"comment_status":"closed","ping_status":"closed","sticky":false,"template":"","format":"standard","meta":{"footnotes":""},"categories":[27],"tags":[],"class_list":["post-8927","post","type-post","status-publish","format-standard","has-post-thumbnail","hentry","category-actualitat"],"blocksy_meta":{"styles_descriptor":{"styles":{"desktop":"","tablet":"","mobile":""},"google_fonts":[],"version":6}},"featured_image_urls_v2":{"full":["https:\/\/fundaciohospitalariesmartorell.org\/entre-tots\/wp-content\/uploads\/2024\/04\/DSC2354.jpeg",1368,912,false],"thumbnail":["https:\/\/fundaciohospitalariesmartorell.org\/entre-tots\/wp-content\/uploads\/2024\/04\/DSC2354-150x150.jpeg",150,150,true],"medium":["https:\/\/fundaciohospitalariesmartorell.org\/entre-tots\/wp-content\/uploads\/2024\/04\/DSC2354-300x200.jpeg",300,200,true],"medium_large":["https:\/\/fundaciohospitalariesmartorell.org\/entre-tots\/wp-content\/uploads\/2024\/04\/DSC2354-768x512.jpeg",768,512,true],"large":["https:\/\/fundaciohospitalariesmartorell.org\/entre-tots\/wp-content\/uploads\/2024\/04\/DSC2354-1024x683.jpeg",1024,683,true],"1536x1536":["https:\/\/fundaciohospitalariesmartorell.org\/entre-tots\/wp-content\/uploads\/2024\/04\/DSC2354.jpeg",1368,912,false],"2048x2048":["https:\/\/fundaciohospitalariesmartorell.org\/entre-tots\/wp-content\/uploads\/2024\/04\/DSC2354.jpeg",1368,912,false],"mailpoet_newsletter_max":["https:\/\/fundaciohospitalariesmartorell.org\/entre-tots\/wp-content\/uploads\/2024\/04\/DSC2354-1320x880.jpeg",1320,880,true]},"post_excerpt_stackable_v2":"<p>El divendres 12 d&#8217;abril, l&#8217;Esgl\u00e9sia de Nostra Senyora del Sagrat Cor va acollir l&#8217;acte de commemoraci\u00f3 del 25\u00e8 aniversari de la canonitzaci\u00f3 de Sant Benito Menni, fundador de les Germanes Hospital\u00e0ries del Sagrat Cor de Jes\u00fas. L&#8217;esdeveniment, celebrat amb el lema &#8216;Una Hist\u00f2ria Llaurada amb el Cor&#8217; i organitzat conjuntament pels cinc centres de Germanes Hospital\u00e0ries de Catalunya, va reunir m\u00e9s de 200 persones, entre elles, Germanes, personal col\u00b7laborador, voluntariat i persones usu\u00e0ries dels centres. L&#8217;acte va comptar amb la pres\u00e8ncia de Mons. Joan-Enric Vives, Bisbe d&#8217;Urgell i Copr\u00edncep d&#8217;Andorra, que va oficiar l&#8217;eucaristia final. Trobareu m\u00e9s informaci\u00f3 sobre aquest&hellip;<\/p>\n","category_list_v2":"<a href=\"https:\/\/fundaciohospitalariesmartorell.org\/entre-tots\/category\/actualitat\/\" rel=\"category tag\">ACTUALITAT<\/a>","author_info_v2":{"name":"Sagrat Cor","url":"https:\/\/fundaciohospitalariesmartorell.org\/entre-tots\/author\/daniel\/"},"comments_num_v2":"0 comments","_links":{"self":[{"href":"https:\/\/fundaciohospitalariesmartorell.org\/entre-tots\/wp-json\/wp\/v2\/posts\/8927","targetHints":{"allow":["GET"]}}],"collection":[{"href":"https:\/\/fundaciohospitalariesmartorell.org\/entre-tots\/wp-json\/wp\/v2\/posts"}],"about":[{"href":"https:\/\/fundaciohospitalariesmartorell.org\/entre-tots\/wp-json\/wp\/v2\/types\/post"}],"author":[{"embeddable":true,"href":"https:\/\/fundaciohospitalariesmartorell.org\/entre-tots\/wp-json\/wp\/v2\/users\/2"}],"replies":[{"embeddable":true,"href":"https:\/\/fundaciohospitalariesmartorell.org\/entre-tots\/wp-json\/wp\/v2\/comments?post=8927"}],"version-history":[{"count":2,"href":"https:\/\/fundaciohospitalariesmartorell.org\/entre-tots\/wp-json\/wp\/v2\/posts\/8927\/revisions"}],"predecessor-version":[{"id":8934,"href":"https:\/\/fundaciohospitalariesmartorell.org\/entre-tots\/wp-json\/wp\/v2\/posts\/8927\/revisions\/8934"}],"wp:featuredmedia":[{"embeddable":true,"href":"https:\/\/fundaciohospitalariesmartorell.org\/entre-tots\/wp-json\/wp\/v2\/media\/8933"}],"wp:attachment":[{"href":"https:\/\/fundaciohospitalariesmartorell.org\/entre-tots\/wp-json\/wp\/v2\/media?parent=8927"}],"wp:term":[{"taxonomy":"category","embeddable":true,"href":"https:\/\/fundaciohospitalariesmartorell.org\/entre-tots\/wp-json\/wp\/v2\/categories?post=8927"},{"taxonomy":"post_tag","embeddable":true,"href":"https:\/\/fundaciohospitalariesmartorell.org\/entre-tots\/wp-json\/wp\/v2\/tags?post=8927"}],"curies":[{"name":"wp","href":"https:\/\/api.w.org\/{rel}","templated":true}]}}