{"id":8937,"date":"2024-04-28T21:27:27","date_gmt":"2024-04-28T20:27:27","guid":{"rendered":"https:\/\/hospitalsagratcormartorell.org\/entre-tots\/?p=8937"},"modified":"2024-04-30T08:47:05","modified_gmt":"2024-04-30T07:47:05","slug":"la-unitat-de-psiquiatria-geriatrica-de-lhospital-sagrat-cor-al-tn-migdia-de-tv3","status":"publish","type":"post","link":"https:\/\/fundaciohospitalariesmartorell.org\/entre-tots\/2024\/04\/la-unitat-de-psiquiatria-geriatrica-de-lhospital-sagrat-cor-al-tn-migdia-de-tv3\/","title":{"rendered":"La Unitat de Psiquiatria Geri\u00e0trica de l&#8217;Hospital Sagrat Cor al &#8216;TN migdia&#8217; de TV3"},"content":{"rendered":"<figure class=\"wp-block-post-featured-image\"><img loading=\"lazy\" decoding=\"async\" width=\"1455\" height=\"821\" src=\"https:\/\/fundaciohospitalariesmartorell.org\/entre-tots\/wp-content\/uploads\/2024\/04\/ivanov.png\" class=\"attachment-post-thumbnail size-post-thumbnail wp-post-image\" alt=\"\" style=\"object-fit:cover;\" srcset=\"https:\/\/fundaciohospitalariesmartorell.org\/entre-tots\/wp-content\/uploads\/2024\/04\/ivanov.png 1455w, https:\/\/fundaciohospitalariesmartorell.org\/entre-tots\/wp-content\/uploads\/2024\/04\/ivanov-300x169.png 300w, https:\/\/fundaciohospitalariesmartorell.org\/entre-tots\/wp-content\/uploads\/2024\/04\/ivanov-1024x578.png 1024w, https:\/\/fundaciohospitalariesmartorell.org\/entre-tots\/wp-content\/uploads\/2024\/04\/ivanov-768x433.png 768w, https:\/\/fundaciohospitalariesmartorell.org\/entre-tots\/wp-content\/uploads\/2024\/04\/ivanov-1320x745.png 1320w\" sizes=\"auto, (max-width: 1455px) 100vw, 1455px\" \/><\/figure>\n\n\n<p>La Unitat de Psiquiatria Geri\u00e0trica de l&#8217;Hospital Sagrat Cor va ser una de les protagonistes del <em>TN migdia<\/em> de TV3 del 9 d\u2019abril. Un recurs assistencial pioner a tot l&#8217;Estat que ofereix una atenci\u00f3 psiqui\u00e0trica espec\u00edfica a les persones grans en situacions agudes.<\/p>\n\n\n\n<p>El Dr. Paul Ivanov, metge adjunt de la Unitat, va explicar que les persones grans amb problemes de salut mental tenen necessitats particulars, i aix\u00f2 \u201cels pot fer sentir orfes de recursos. Perqu\u00e8 ning\u00fa assumeix de forma integral la seva cura. Es queden en uns llimbs entre la psiquiatria i la geriatria\u201d.<\/p>\n\n\n\n<p>Per la seva banda, el coordinador de la Unitat, el doctor Manel S\u00e1nchez, va destacar la import\u00e0ncia de disposar d&#8217;una unitat especialitzada \u201cper ajudar a evitar mals majors, en funci\u00f3 del que vulguem resoldre i que el remei no sigui pitjor que la malaltia\u201d. Aix\u00ed, doncs, recon\u00e8ixer i tractar de manera preco\u00e7 els trastorns de conducta derivats de problemes f\u00edsics, com ara infeccions urin\u00e0ries o arr\u00edtmies, evita visites repetides a urg\u00e8ncies i el deteriorament del pacient mentre es busca un recurs adequat.<\/p>\n\n\n\n<p>El reportatge ha estat fruit de la difusi\u00f3 als mitjans de comunicaci\u00f3 del <a href=\"https:\/\/hospitalsagratcormartorell.org\/els-simptomes-conductuals-de-la-demencia-es-poden-presentar-fins-a-deu-anys-abans-de-diagnosticar-la-malaltia\/\">XVII Curs d\u2019Actualitzaci\u00f3 en Psicogeriatria<\/a>, organitzat per l\u2019Hospital Sagrat Cor juntament amb la Universitat Aut\u00f2noma de Barcelona, que va tenir lloc el 8 de mar\u00e7.<\/p>\n\n\n\n<p>V\u00eddeo TV3: <a href=\"https:\/\/www.ccma.cat\/3cat\/la-societat-catalana-de-psiquiatria-reclama-recursos-especifics-per-a-pacients-psiquiatrics-geriatrics\/video\/6275678\/?ext=SM_WP_F4_CE24_\">Telenot\u00edcies &#8211; La Societat Catalana de Psiquiatria reclama recursos espec\u00edfics per a la gent gran &#8211; 3Cat (ccma.cat)<\/a><\/p>\n","protected":false},"excerpt":{"rendered":"<p>La Unitat de Psiquiatria Geri\u00e0trica de l&#8217;Hospital Sagrat Cor va ser una de les protagonistes del TN migdia de TV3 del 9 d\u2019abril. Un recurs assistencial pioner a tot l&#8217;Estat que ofereix una atenci\u00f3 psiqui\u00e0trica espec\u00edfica a les persones grans en situacions agudes. El Dr. Paul Ivanov, metge adjunt de la Unitat, va explicar que [&hellip;]<\/p>\n","protected":false},"author":2,"featured_media":8939,"comment_status":"closed","ping_status":"closed","sticky":false,"template":"","format":"standard","meta":{"footnotes":""},"categories":[27],"tags":[],"class_list":["post-8937","post","type-post","status-publish","format-standard","has-post-thumbnail","hentry","category-actualitat"],"blocksy_meta":{"styles_descriptor":{"styles":{"desktop":"","tablet":"","mobile":""},"google_fonts":[],"version":6}},"featured_image_urls_v2":{"full":["https:\/\/fundaciohospitalariesmartorell.org\/entre-tots\/wp-content\/uploads\/2024\/04\/ivanov.png",1455,821,false],"thumbnail":["https:\/\/fundaciohospitalariesmartorell.org\/entre-tots\/wp-content\/uploads\/2024\/04\/ivanov-150x150.png",150,150,true],"medium":["https:\/\/fundaciohospitalariesmartorell.org\/entre-tots\/wp-content\/uploads\/2024\/04\/ivanov-300x169.png",300,169,true],"medium_large":["https:\/\/fundaciohospitalariesmartorell.org\/entre-tots\/wp-content\/uploads\/2024\/04\/ivanov-768x433.png",768,433,true],"large":["https:\/\/fundaciohospitalariesmartorell.org\/entre-tots\/wp-content\/uploads\/2024\/04\/ivanov-1024x578.png",1024,578,true],"1536x1536":["https:\/\/fundaciohospitalariesmartorell.org\/entre-tots\/wp-content\/uploads\/2024\/04\/ivanov.png",1455,821,false],"2048x2048":["https:\/\/fundaciohospitalariesmartorell.org\/entre-tots\/wp-content\/uploads\/2024\/04\/ivanov.png",1455,821,false],"mailpoet_newsletter_max":["https:\/\/fundaciohospitalariesmartorell.org\/entre-tots\/wp-content\/uploads\/2024\/04\/ivanov-1320x745.png",1320,745,true]},"post_excerpt_stackable_v2":"<p>La Unitat de Psiquiatria Geri\u00e0trica de l&#8217;Hospital Sagrat Cor va ser una de les protagonistes del TN migdia de TV3 del 9 d\u2019abril. Un recurs assistencial pioner a tot l&#8217;Estat que ofereix una atenci\u00f3 psiqui\u00e0trica espec\u00edfica a les persones grans en situacions agudes. El Dr. Paul Ivanov, metge adjunt de la Unitat, va explicar que les persones grans amb problemes de salut mental tenen necessitats particulars, i aix\u00f2 \u201cels pot fer sentir orfes de recursos. Perqu\u00e8 ning\u00fa assumeix de forma integral la seva cura. Es queden en uns llimbs entre la psiquiatria i la geriatria\u201d. Per la seva banda, el&hellip;<\/p>\n","category_list_v2":"<a href=\"https:\/\/fundaciohospitalariesmartorell.org\/entre-tots\/category\/actualitat\/\" rel=\"category tag\">ACTUALITAT<\/a>","author_info_v2":{"name":"Sagrat Cor","url":"https:\/\/fundaciohospitalariesmartorell.org\/entre-tots\/author\/daniel\/"},"comments_num_v2":"0 comments","_links":{"self":[{"href":"https:\/\/fundaciohospitalariesmartorell.org\/entre-tots\/wp-json\/wp\/v2\/posts\/8937","targetHints":{"allow":["GET"]}}],"collection":[{"href":"https:\/\/fundaciohospitalariesmartorell.org\/entre-tots\/wp-json\/wp\/v2\/posts"}],"about":[{"href":"https:\/\/fundaciohospitalariesmartorell.org\/entre-tots\/wp-json\/wp\/v2\/types\/post"}],"author":[{"embeddable":true,"href":"https:\/\/fundaciohospitalariesmartorell.org\/entre-tots\/wp-json\/wp\/v2\/users\/2"}],"replies":[{"embeddable":true,"href":"https:\/\/fundaciohospitalariesmartorell.org\/entre-tots\/wp-json\/wp\/v2\/comments?post=8937"}],"version-history":[{"count":3,"href":"https:\/\/fundaciohospitalariesmartorell.org\/entre-tots\/wp-json\/wp\/v2\/posts\/8937\/revisions"}],"predecessor-version":[{"id":9119,"href":"https:\/\/fundaciohospitalariesmartorell.org\/entre-tots\/wp-json\/wp\/v2\/posts\/8937\/revisions\/9119"}],"wp:featuredmedia":[{"embeddable":true,"href":"https:\/\/fundaciohospitalariesmartorell.org\/entre-tots\/wp-json\/wp\/v2\/media\/8939"}],"wp:attachment":[{"href":"https:\/\/fundaciohospitalariesmartorell.org\/entre-tots\/wp-json\/wp\/v2\/media?parent=8937"}],"wp:term":[{"taxonomy":"category","embeddable":true,"href":"https:\/\/fundaciohospitalariesmartorell.org\/entre-tots\/wp-json\/wp\/v2\/categories?post=8937"},{"taxonomy":"post_tag","embeddable":true,"href":"https:\/\/fundaciohospitalariesmartorell.org\/entre-tots\/wp-json\/wp\/v2\/tags?post=8937"}],"curies":[{"name":"wp","href":"https:\/\/api.w.org\/{rel}","templated":true}]}}