{"id":8941,"date":"2024-04-28T21:29:14","date_gmt":"2024-04-28T20:29:14","guid":{"rendered":"https:\/\/hospitalsagratcormartorell.org\/entre-tots\/?p=8941"},"modified":"2024-04-30T08:46:17","modified_gmt":"2024-04-30T07:46:17","slug":"josep-tristany-nou-director-del-pla-director-de-salut-mental-i-addiccions-de-la-generalitat-de-catalunya","status":"publish","type":"post","link":"https:\/\/fundaciohospitalariesmartorell.org\/entre-tots\/2024\/04\/josep-tristany-nou-director-del-pla-director-de-salut-mental-i-addiccions-de-la-generalitat-de-catalunya\/","title":{"rendered":"Josep Tristany, nou director del Pla Director de Salut Mental i Addiccions de la Generalitat de Catalunya"},"content":{"rendered":"<figure class=\"wp-block-post-featured-image\"><img loading=\"lazy\" decoding=\"async\" width=\"1600\" height=\"1200\" src=\"https:\/\/fundaciohospitalariesmartorell.org\/entre-tots\/wp-content\/uploads\/2024\/04\/Dr.-Tristany.jpeg\" class=\"attachment-post-thumbnail size-post-thumbnail wp-post-image\" alt=\"\" style=\"object-fit:cover;\" srcset=\"https:\/\/fundaciohospitalariesmartorell.org\/entre-tots\/wp-content\/uploads\/2024\/04\/Dr.-Tristany.jpeg 1600w, https:\/\/fundaciohospitalariesmartorell.org\/entre-tots\/wp-content\/uploads\/2024\/04\/Dr.-Tristany-300x225.jpeg 300w, https:\/\/fundaciohospitalariesmartorell.org\/entre-tots\/wp-content\/uploads\/2024\/04\/Dr.-Tristany-1024x768.jpeg 1024w, https:\/\/fundaciohospitalariesmartorell.org\/entre-tots\/wp-content\/uploads\/2024\/04\/Dr.-Tristany-768x576.jpeg 768w, https:\/\/fundaciohospitalariesmartorell.org\/entre-tots\/wp-content\/uploads\/2024\/04\/Dr.-Tristany-1536x1152.jpeg 1536w, https:\/\/fundaciohospitalariesmartorell.org\/entre-tots\/wp-content\/uploads\/2024\/04\/Dr.-Tristany-1320x990.jpeg 1320w\" sizes=\"auto, (max-width: 1600px) 100vw, 1600px\" \/><\/figure>\n\n\n<p>El psic\u00f2leg cl\u00ednic Josep Tristany Claret, que fins ara era responsable de l&#8217;\u00c0rea de Rehabilitaci\u00f3 de l&#8217;Hospital Sagrat Cor, ha estat nomenat director del Pla Director de Salut Mental i Addiccions (PDSMiA) del Departament de Salut de la Generalitat de Catalunya.<\/p>\n\n\n\n<p>Amb una extensa traject\u00f2ria professional, Josep Tristany ha dedicat una part molt important de la seva carrera a l&#8217;Hospital Sagrat Cor. Els seus inicis a la nostra instituci\u00f3 es remunten a l&#8217;1 de mar\u00e7 del 1993, al Centre de Dia de Berga. L&#8217;any 1999, va assumir la coordinaci\u00f3 de l&#8217;\u00c0rea de Rehabilitaci\u00f3 de l&#8217;Hospital Sagrat Cor, a Martorell, una responsabilitat que va compaginar amb la coordinaci\u00f3 del centre de dia de la capital del Bergued\u00e0. Amb el nomenament del Dr. Franquelo com a director m\u00e8dic del centre, va continuar dirigint l&#8217;\u00c0rea de Rehabilitaci\u00f3 Hospital\u00e0ria i se li va encarregar que coordin\u00e9s el model assistencial de tots els recursos de rehabilitaci\u00f3, tant hospitalaris com comunitaris. Tamb\u00e9 ha coordinat els serveis comunitaris del Bergued\u00e0 (CSMA, SRC, HD, CAS, PSI, llar amb suport), la Unitat de Subaguts i la Unitat Funcional de Recuperaci\u00f3 i Projecte de Vida, entre altres programes.<\/p>\n\n\n\n<p>Tant ell com la instituci\u00f3 tenim el desig i el ferm prop\u00f2sit que, en algun moment, pugui tornar amb nosaltres per compartir tot el coneixement i l\u2019experi\u00e8ncia que ben segur adquirir\u00e0 amb aquesta nova responsabilitat. Estem conven\u00e7uts que Tristany far\u00e0 molt bona feina com a director del Pla, impulsant les estrat\u00e8gies nacionals en mat\u00e8ria de salut mental que ja ha contribu\u00eft a dissenyar. Li agra\u00efm profundament la dedicaci\u00f3 i el comprom\u00eds amb l&#8217;Hospital Sagrat Cor i amb Germanes Hospital\u00e0ries, i li desitgem molt d\u2019\u00e8xit en aquesta nova etapa professional.<\/p>\n","protected":false},"excerpt":{"rendered":"<p>El psic\u00f2leg cl\u00ednic Josep Tristany Claret, que fins ara era responsable de l&#8217;\u00c0rea de Rehabilitaci\u00f3 de l&#8217;Hospital Sagrat Cor, ha estat nomenat director del Pla Director de Salut Mental i Addiccions (PDSMiA) del Departament de Salut de la Generalitat de Catalunya. Amb una extensa traject\u00f2ria professional, Josep Tristany ha dedicat una part molt important de [&hellip;]<\/p>\n","protected":false},"author":2,"featured_media":8943,"comment_status":"closed","ping_status":"closed","sticky":false,"template":"","format":"standard","meta":{"footnotes":""},"categories":[27],"tags":[],"class_list":["post-8941","post","type-post","status-publish","format-standard","has-post-thumbnail","hentry","category-actualitat"],"blocksy_meta":{"styles_descriptor":{"styles":{"desktop":"","tablet":"","mobile":""},"google_fonts":[],"version":6}},"featured_image_urls_v2":{"full":["https:\/\/fundaciohospitalariesmartorell.org\/entre-tots\/wp-content\/uploads\/2024\/04\/Dr.-Tristany.jpeg",1600,1200,false],"thumbnail":["https:\/\/fundaciohospitalariesmartorell.org\/entre-tots\/wp-content\/uploads\/2024\/04\/Dr.-Tristany-150x150.jpeg",150,150,true],"medium":["https:\/\/fundaciohospitalariesmartorell.org\/entre-tots\/wp-content\/uploads\/2024\/04\/Dr.-Tristany-300x225.jpeg",300,225,true],"medium_large":["https:\/\/fundaciohospitalariesmartorell.org\/entre-tots\/wp-content\/uploads\/2024\/04\/Dr.-Tristany-768x576.jpeg",768,576,true],"large":["https:\/\/fundaciohospitalariesmartorell.org\/entre-tots\/wp-content\/uploads\/2024\/04\/Dr.-Tristany-1024x768.jpeg",1024,768,true],"1536x1536":["https:\/\/fundaciohospitalariesmartorell.org\/entre-tots\/wp-content\/uploads\/2024\/04\/Dr.-Tristany-1536x1152.jpeg",1536,1152,true],"2048x2048":["https:\/\/fundaciohospitalariesmartorell.org\/entre-tots\/wp-content\/uploads\/2024\/04\/Dr.-Tristany.jpeg",1600,1200,false],"mailpoet_newsletter_max":["https:\/\/fundaciohospitalariesmartorell.org\/entre-tots\/wp-content\/uploads\/2024\/04\/Dr.-Tristany-1320x990.jpeg",1320,990,true]},"post_excerpt_stackable_v2":"<p>El psic\u00f2leg cl\u00ednic Josep Tristany Claret, que fins ara era responsable de l&#8217;\u00c0rea de Rehabilitaci\u00f3 de l&#8217;Hospital Sagrat Cor, ha estat nomenat director del Pla Director de Salut Mental i Addiccions (PDSMiA) del Departament de Salut de la Generalitat de Catalunya. Amb una extensa traject\u00f2ria professional, Josep Tristany ha dedicat una part molt important de la seva carrera a l&#8217;Hospital Sagrat Cor. Els seus inicis a la nostra instituci\u00f3 es remunten a l&#8217;1 de mar\u00e7 del 1993, al Centre de Dia de Berga. L&#8217;any 1999, va assumir la coordinaci\u00f3 de l&#8217;\u00c0rea de Rehabilitaci\u00f3 de l&#8217;Hospital Sagrat Cor, a Martorell, una&hellip;<\/p>\n","category_list_v2":"<a href=\"https:\/\/fundaciohospitalariesmartorell.org\/entre-tots\/category\/actualitat\/\" rel=\"category tag\">ACTUALITAT<\/a>","author_info_v2":{"name":"Sagrat Cor","url":"https:\/\/fundaciohospitalariesmartorell.org\/entre-tots\/author\/daniel\/"},"comments_num_v2":"0 comments","_links":{"self":[{"href":"https:\/\/fundaciohospitalariesmartorell.org\/entre-tots\/wp-json\/wp\/v2\/posts\/8941","targetHints":{"allow":["GET"]}}],"collection":[{"href":"https:\/\/fundaciohospitalariesmartorell.org\/entre-tots\/wp-json\/wp\/v2\/posts"}],"about":[{"href":"https:\/\/fundaciohospitalariesmartorell.org\/entre-tots\/wp-json\/wp\/v2\/types\/post"}],"author":[{"embeddable":true,"href":"https:\/\/fundaciohospitalariesmartorell.org\/entre-tots\/wp-json\/wp\/v2\/users\/2"}],"replies":[{"embeddable":true,"href":"https:\/\/fundaciohospitalariesmartorell.org\/entre-tots\/wp-json\/wp\/v2\/comments?post=8941"}],"version-history":[{"count":3,"href":"https:\/\/fundaciohospitalariesmartorell.org\/entre-tots\/wp-json\/wp\/v2\/posts\/8941\/revisions"}],"predecessor-version":[{"id":9118,"href":"https:\/\/fundaciohospitalariesmartorell.org\/entre-tots\/wp-json\/wp\/v2\/posts\/8941\/revisions\/9118"}],"wp:featuredmedia":[{"embeddable":true,"href":"https:\/\/fundaciohospitalariesmartorell.org\/entre-tots\/wp-json\/wp\/v2\/media\/8943"}],"wp:attachment":[{"href":"https:\/\/fundaciohospitalariesmartorell.org\/entre-tots\/wp-json\/wp\/v2\/media?parent=8941"}],"wp:term":[{"taxonomy":"category","embeddable":true,"href":"https:\/\/fundaciohospitalariesmartorell.org\/entre-tots\/wp-json\/wp\/v2\/categories?post=8941"},{"taxonomy":"post_tag","embeddable":true,"href":"https:\/\/fundaciohospitalariesmartorell.org\/entre-tots\/wp-json\/wp\/v2\/tags?post=8941"}],"curies":[{"name":"wp","href":"https:\/\/api.w.org\/{rel}","templated":true}]}}