{"id":8945,"date":"2024-04-28T21:32:38","date_gmt":"2024-04-28T20:32:38","guid":{"rendered":"https:\/\/hospitalsagratcormartorell.org\/entre-tots\/?p=8945"},"modified":"2024-04-30T08:45:33","modified_gmt":"2024-04-30T07:45:33","slug":"coordinacio-i-integracio-social-claus-dun-servei-de-rehabilitacio-comunitaria","status":"publish","type":"post","link":"https:\/\/fundaciohospitalariesmartorell.org\/entre-tots\/2024\/04\/coordinacio-i-integracio-social-claus-dun-servei-de-rehabilitacio-comunitaria\/","title":{"rendered":"Coordinaci\u00f3 i integraci\u00f3 social, claus d&#8217;un servei de rehabilitaci\u00f3 comunit\u00e0ria"},"content":{"rendered":"<figure class=\"wp-block-post-featured-image\"><img loading=\"lazy\" decoding=\"async\" width=\"843\" height=\"474\" src=\"https:\/\/fundaciohospitalariesmartorell.org\/entre-tots\/wp-content\/uploads\/2024\/04\/rc.png\" class=\"attachment-post-thumbnail size-post-thumbnail wp-post-image\" alt=\"\" style=\"object-fit:cover;\" srcset=\"https:\/\/fundaciohospitalariesmartorell.org\/entre-tots\/wp-content\/uploads\/2024\/04\/rc.png 843w, https:\/\/fundaciohospitalariesmartorell.org\/entre-tots\/wp-content\/uploads\/2024\/04\/rc-300x169.png 300w, https:\/\/fundaciohospitalariesmartorell.org\/entre-tots\/wp-content\/uploads\/2024\/04\/rc-768x432.png 768w\" sizes=\"auto, (max-width: 843px) 100vw, 843px\" \/><\/figure>\n\n\n<p>El 18 d&#8217;abril, es va celebrar el <em>webinar<\/em> <em>Pla funcional d&#8217;un servei de rehabilitaci\u00f3 comunit\u00e0ria. De la teoria a la pr\u00e0ctica. Del passat al futur<\/em>, organitzat per la Comissi\u00f3 de Salut Mental i Rehabilitaci\u00f3 de Germanes Hospital\u00e0ries. La Comissi\u00f3 ha desenvolupat diversos grups de treball, els darrers anys, d&#8217;acord amb unes l\u00ednies estrat\u00e8giques determinades. Una d&#8217;aquestes l\u00ednies ha estat la de <em>models organitzatius<\/em>. D&#8217;aqu\u00ed va sorgir el grup Servei de Rehabilitaci\u00f3 Comunit\u00e0ria (SRC), que ha elaborat un document marc sobre un pla funcional d&#8217;aquest tipus de servei.<\/p>\n\n\n\n<figure class=\"wp-block-image size-large\"><img loading=\"lazy\" decoding=\"async\" width=\"1024\" height=\"478\" src=\"https:\/\/hospitalsagratcormartorell.org\/entre-tots\/wp-content\/uploads\/2024\/04\/Presentacio-del-Pla-funcional-dun-servei-de-rehabilitacio-comunitaria-2-1024x478.png\" alt=\"\" class=\"wp-image-8948\" srcset=\"https:\/\/fundaciohospitalariesmartorell.org\/entre-tots\/wp-content\/uploads\/2024\/04\/Presentacio-del-Pla-funcional-dun-servei-de-rehabilitacio-comunitaria-2-1024x478.png 1024w, https:\/\/fundaciohospitalariesmartorell.org\/entre-tots\/wp-content\/uploads\/2024\/04\/Presentacio-del-Pla-funcional-dun-servei-de-rehabilitacio-comunitaria-2-300x140.png 300w, https:\/\/fundaciohospitalariesmartorell.org\/entre-tots\/wp-content\/uploads\/2024\/04\/Presentacio-del-Pla-funcional-dun-servei-de-rehabilitacio-comunitaria-2-768x359.png 768w, https:\/\/fundaciohospitalariesmartorell.org\/entre-tots\/wp-content\/uploads\/2024\/04\/Presentacio-del-Pla-funcional-dun-servei-de-rehabilitacio-comunitaria-2-1536x717.png 1536w, https:\/\/fundaciohospitalariesmartorell.org\/entre-tots\/wp-content\/uploads\/2024\/04\/Presentacio-del-Pla-funcional-dun-servei-de-rehabilitacio-comunitaria-2-1320x617.png 1320w, https:\/\/fundaciohospitalariesmartorell.org\/entre-tots\/wp-content\/uploads\/2024\/04\/Presentacio-del-Pla-funcional-dun-servei-de-rehabilitacio-comunitaria-2.png 1642w\" sizes=\"auto, (max-width: 1024px) 100vw, 1024px\" \/><\/figure>\n\n\n\n<p>La sessi\u00f3, m\u00e9s enll\u00e0 de comentar els aspectes clau del document elaborat i recon\u00e8ixer el treball que han fet els membres del grup, ha mostrat, a trav\u00e9s de diversos casos cl\u00ednics, el dia a dia d&#8217;un servei de rehabilitaci\u00f3 comunit\u00e0ria. Aix\u00ed, s&#8217;han comentat els perfils d&#8217;usuari actuals i el proc\u00e9s assistencial des de la derivaci\u00f3 fins a l&#8217;alta, posant un \u00e8mfasi especial en l&#8217;elaboraci\u00f3 i el seguiment del pla terap\u00e8utic individualitzat (PTI) i la import\u00e0ncia de la participaci\u00f3 de la persona atesa en el seu projecte de vida. Tamb\u00e9 s&#8217;ha parlat dels diferents perfils professionals que hi intervenen, del rol espec\u00edfic de cadasc\u00fa i del treball en equip. Finalment, s&#8217;ha remarcat la import\u00e0ncia de la coordinaci\u00f3 i el treball en xarxa per tal de garantir la continu\u00eftat assistencial i la integraci\u00f3 social d&#8217;aquests usuaris.<\/p>\n\n\n\n<p>Alejandro Florit, director assistencial i educatiu de Germanes Hospital\u00e0ries, ha introdu\u00eft la sessi\u00f3 emmarcant-la dintre del model de recuperaci\u00f3 i el seu desenvolupament al llarg dels anys.<\/p>\n\n\n\n<p>L&#8217;acte va estar moderat pel doctor Carles Franquelo, director m\u00e8dic de l&#8217;Hospital Sagrat Cor i coordinador del Grup SRC de la Comissi\u00f3 de Salut Mental i Rehabilitaci\u00f3 de la Prov\u00edncia.<\/p>\n\n\n\n<figure class=\"wp-block-image size-large\"><img loading=\"lazy\" decoding=\"async\" width=\"1024\" height=\"573\" src=\"https:\/\/hospitalsagratcormartorell.org\/entre-tots\/wp-content\/uploads\/2024\/04\/Captura-de-pantalla-2024-04-18-123107-1024x573.png\" alt=\"\" class=\"wp-image-8947\" srcset=\"https:\/\/fundaciohospitalariesmartorell.org\/entre-tots\/wp-content\/uploads\/2024\/04\/Captura-de-pantalla-2024-04-18-123107-1024x573.png 1024w, https:\/\/fundaciohospitalariesmartorell.org\/entre-tots\/wp-content\/uploads\/2024\/04\/Captura-de-pantalla-2024-04-18-123107-300x168.png 300w, https:\/\/fundaciohospitalariesmartorell.org\/entre-tots\/wp-content\/uploads\/2024\/04\/Captura-de-pantalla-2024-04-18-123107-768x430.png 768w, https:\/\/fundaciohospitalariesmartorell.org\/entre-tots\/wp-content\/uploads\/2024\/04\/Captura-de-pantalla-2024-04-18-123107-1320x738.png 1320w, https:\/\/fundaciohospitalariesmartorell.org\/entre-tots\/wp-content\/uploads\/2024\/04\/Captura-de-pantalla-2024-04-18-123107.png 1421w\" sizes=\"auto, (max-width: 1024px) 100vw, 1024px\" \/><\/figure>\n","protected":false},"excerpt":{"rendered":"<p>El 18 d&#8217;abril, es va celebrar el webinar Pla funcional d&#8217;un servei de rehabilitaci\u00f3 comunit\u00e0ria. De la teoria a la pr\u00e0ctica. Del passat al futur, organitzat per la Comissi\u00f3 de Salut Mental i Rehabilitaci\u00f3 de Germanes Hospital\u00e0ries. La Comissi\u00f3 ha desenvolupat diversos grups de treball, els darrers anys, d&#8217;acord amb unes l\u00ednies estrat\u00e8giques determinades. Una [&hellip;]<\/p>\n","protected":false},"author":2,"featured_media":8949,"comment_status":"closed","ping_status":"closed","sticky":false,"template":"","format":"standard","meta":{"footnotes":""},"categories":[27],"tags":[],"class_list":["post-8945","post","type-post","status-publish","format-standard","has-post-thumbnail","hentry","category-actualitat"],"blocksy_meta":{"styles_descriptor":{"styles":{"desktop":"","tablet":"","mobile":""},"google_fonts":[],"version":6}},"featured_image_urls_v2":{"full":["https:\/\/fundaciohospitalariesmartorell.org\/entre-tots\/wp-content\/uploads\/2024\/04\/rc.png",843,474,false],"thumbnail":["https:\/\/fundaciohospitalariesmartorell.org\/entre-tots\/wp-content\/uploads\/2024\/04\/rc-150x150.png",150,150,true],"medium":["https:\/\/fundaciohospitalariesmartorell.org\/entre-tots\/wp-content\/uploads\/2024\/04\/rc-300x169.png",300,169,true],"medium_large":["https:\/\/fundaciohospitalariesmartorell.org\/entre-tots\/wp-content\/uploads\/2024\/04\/rc-768x432.png",768,432,true],"large":["https:\/\/fundaciohospitalariesmartorell.org\/entre-tots\/wp-content\/uploads\/2024\/04\/rc.png",843,474,false],"1536x1536":["https:\/\/fundaciohospitalariesmartorell.org\/entre-tots\/wp-content\/uploads\/2024\/04\/rc.png",843,474,false],"2048x2048":["https:\/\/fundaciohospitalariesmartorell.org\/entre-tots\/wp-content\/uploads\/2024\/04\/rc.png",843,474,false],"mailpoet_newsletter_max":["https:\/\/fundaciohospitalariesmartorell.org\/entre-tots\/wp-content\/uploads\/2024\/04\/rc.png",843,474,false]},"post_excerpt_stackable_v2":"<p>El 18 d&#8217;abril, es va celebrar el webinar Pla funcional d&#8217;un servei de rehabilitaci\u00f3 comunit\u00e0ria. De la teoria a la pr\u00e0ctica. Del passat al futur, organitzat per la Comissi\u00f3 de Salut Mental i Rehabilitaci\u00f3 de Germanes Hospital\u00e0ries. La Comissi\u00f3 ha desenvolupat diversos grups de treball, els darrers anys, d&#8217;acord amb unes l\u00ednies estrat\u00e8giques determinades. Una d&#8217;aquestes l\u00ednies ha estat la de models organitzatius. D&#8217;aqu\u00ed va sorgir el grup Servei de Rehabilitaci\u00f3 Comunit\u00e0ria (SRC), que ha elaborat un document marc sobre un pla funcional d&#8217;aquest tipus de servei. La sessi\u00f3, m\u00e9s enll\u00e0 de comentar els aspectes clau del document elaborat i&hellip;<\/p>\n","category_list_v2":"<a href=\"https:\/\/fundaciohospitalariesmartorell.org\/entre-tots\/category\/actualitat\/\" rel=\"category tag\">ACTUALITAT<\/a>","author_info_v2":{"name":"Sagrat Cor","url":"https:\/\/fundaciohospitalariesmartorell.org\/entre-tots\/author\/daniel\/"},"comments_num_v2":"0 comments","_links":{"self":[{"href":"https:\/\/fundaciohospitalariesmartorell.org\/entre-tots\/wp-json\/wp\/v2\/posts\/8945","targetHints":{"allow":["GET"]}}],"collection":[{"href":"https:\/\/fundaciohospitalariesmartorell.org\/entre-tots\/wp-json\/wp\/v2\/posts"}],"about":[{"href":"https:\/\/fundaciohospitalariesmartorell.org\/entre-tots\/wp-json\/wp\/v2\/types\/post"}],"author":[{"embeddable":true,"href":"https:\/\/fundaciohospitalariesmartorell.org\/entre-tots\/wp-json\/wp\/v2\/users\/2"}],"replies":[{"embeddable":true,"href":"https:\/\/fundaciohospitalariesmartorell.org\/entre-tots\/wp-json\/wp\/v2\/comments?post=8945"}],"version-history":[{"count":3,"href":"https:\/\/fundaciohospitalariesmartorell.org\/entre-tots\/wp-json\/wp\/v2\/posts\/8945\/revisions"}],"predecessor-version":[{"id":9117,"href":"https:\/\/fundaciohospitalariesmartorell.org\/entre-tots\/wp-json\/wp\/v2\/posts\/8945\/revisions\/9117"}],"wp:featuredmedia":[{"embeddable":true,"href":"https:\/\/fundaciohospitalariesmartorell.org\/entre-tots\/wp-json\/wp\/v2\/media\/8949"}],"wp:attachment":[{"href":"https:\/\/fundaciohospitalariesmartorell.org\/entre-tots\/wp-json\/wp\/v2\/media?parent=8945"}],"wp:term":[{"taxonomy":"category","embeddable":true,"href":"https:\/\/fundaciohospitalariesmartorell.org\/entre-tots\/wp-json\/wp\/v2\/categories?post=8945"},{"taxonomy":"post_tag","embeddable":true,"href":"https:\/\/fundaciohospitalariesmartorell.org\/entre-tots\/wp-json\/wp\/v2\/tags?post=8945"}],"curies":[{"name":"wp","href":"https:\/\/api.w.org\/{rel}","templated":true}]}}