{"id":8951,"date":"2024-04-28T21:35:46","date_gmt":"2024-04-28T20:35:46","guid":{"rendered":"https:\/\/hospitalsagratcormartorell.org\/entre-tots\/?p=8951"},"modified":"2024-04-30T08:43:34","modified_gmt":"2024-04-30T07:43:34","slug":"participacio-del-csma-i-el-casd-del-bergueda-en-la-jornada-salut-mental-i-discapacitat-intellectual-avancem-junts","status":"publish","type":"post","link":"https:\/\/fundaciohospitalariesmartorell.org\/entre-tots\/2024\/04\/participacio-del-csma-i-el-casd-del-bergueda-en-la-jornada-salut-mental-i-discapacitat-intellectual-avancem-junts\/","title":{"rendered":"Participaci\u00f3 del CSMA i el CASD del Bergued\u00e0 en la jornada Salut Mental i Discapacitat Intel.lectual: &#8216;Avancem Junts&#8217;"},"content":{"rendered":"<figure class=\"wp-block-post-featured-image\"><img loading=\"lazy\" decoding=\"async\" width=\"1600\" height=\"702\" src=\"https:\/\/fundaciohospitalariesmartorell.org\/entre-tots\/wp-content\/uploads\/2024\/04\/thumbnail_IMG-20240410-WA0031.jpg\" class=\"attachment-post-thumbnail size-post-thumbnail wp-post-image\" alt=\"\" style=\"object-fit:cover;\" srcset=\"https:\/\/fundaciohospitalariesmartorell.org\/entre-tots\/wp-content\/uploads\/2024\/04\/thumbnail_IMG-20240410-WA0031.jpg 1600w, https:\/\/fundaciohospitalariesmartorell.org\/entre-tots\/wp-content\/uploads\/2024\/04\/thumbnail_IMG-20240410-WA0031-300x132.jpg 300w, https:\/\/fundaciohospitalariesmartorell.org\/entre-tots\/wp-content\/uploads\/2024\/04\/thumbnail_IMG-20240410-WA0031-1024x449.jpg 1024w, https:\/\/fundaciohospitalariesmartorell.org\/entre-tots\/wp-content\/uploads\/2024\/04\/thumbnail_IMG-20240410-WA0031-768x337.jpg 768w, https:\/\/fundaciohospitalariesmartorell.org\/entre-tots\/wp-content\/uploads\/2024\/04\/thumbnail_IMG-20240410-WA0031-1536x674.jpg 1536w, https:\/\/fundaciohospitalariesmartorell.org\/entre-tots\/wp-content\/uploads\/2024\/04\/thumbnail_IMG-20240410-WA0031-1320x579.jpg 1320w\" sizes=\"auto, (max-width: 1600px) 100vw, 1600px\" \/><\/figure>\n\n\n<p>Representants del CSMA i el CASD del Bergued\u00e0 van participar en la jornada Salut Mental i Discapacitat Intel\u00b7lectual: &#8216;Avancem Junts&#8217;, que es va celebrar a l&#8217;Hospital de Berga el dimecres 10 d\u2019abril. L\u2019esdeveniment, que va reunir m\u00e9s de 200 professionals, el van organitzar diverses entitats socials i sanit\u00e0ries amb l&#8217;objectiu de millorar la comunicaci\u00f3 entre els professionals sanitaris i les persones usu\u00e0ries.<\/p>\n\n\n\n<p>Carles Barcons, psic\u00f2leg del CSMA i del CASD del Bergued\u00e0, va prendre part en la segona part de la sessi\u00f3, que va consistir en una taula d&#8217;experi\u00e8ncies de professionals de la salut i testimonis de la Fundaci\u00f3 La Llar, Fundaci\u00f3 Horitz\u00f3 i Serveis de Salut Mental d\u2019Adults del Bergued\u00e0. En aquesta taula, professionals de diversos \u00e0mbits de la salut van compartir les seves viv\u00e8ncies i testimonis, oferint una visi\u00f3 en primera persona de les situacions en les quals s&#8217;havien trobat a l\u2019hora d\u2019interaccionar amb les persones usu\u00e0ries. Despr\u00e9s d&#8217;escoltar aquestes experi\u00e8ncies, es va ressaltar la import\u00e0ncia d&#8217;una atenci\u00f3 centrada en la persona. Es va posar \u00e8mfasi en la necessitat que els professionals escoltin activament les persones usu\u00e0ries i hi empatitzin, tenint en compte les seves necessitats i preocupacions individuals.<\/p>\n\n\n\n<figure class=\"wp-block-image size-large\"><img loading=\"lazy\" decoding=\"async\" width=\"1024\" height=\"449\" src=\"https:\/\/hospitalsagratcormartorell.org\/entre-tots\/wp-content\/uploads\/2024\/04\/IMG-20240410-WA0032-1024x449.jpg\" alt=\"\" class=\"wp-image-8954\" srcset=\"https:\/\/fundaciohospitalariesmartorell.org\/entre-tots\/wp-content\/uploads\/2024\/04\/IMG-20240410-WA0032-1024x449.jpg 1024w, https:\/\/fundaciohospitalariesmartorell.org\/entre-tots\/wp-content\/uploads\/2024\/04\/IMG-20240410-WA0032-300x132.jpg 300w, https:\/\/fundaciohospitalariesmartorell.org\/entre-tots\/wp-content\/uploads\/2024\/04\/IMG-20240410-WA0032-768x337.jpg 768w, https:\/\/fundaciohospitalariesmartorell.org\/entre-tots\/wp-content\/uploads\/2024\/04\/IMG-20240410-WA0032-1536x674.jpg 1536w, https:\/\/fundaciohospitalariesmartorell.org\/entre-tots\/wp-content\/uploads\/2024\/04\/IMG-20240410-WA0032-1320x579.jpg 1320w, https:\/\/fundaciohospitalariesmartorell.org\/entre-tots\/wp-content\/uploads\/2024\/04\/IMG-20240410-WA0032.jpg 1600w\" sizes=\"auto, (max-width: 1024px) 100vw, 1024px\" \/><\/figure>\n\n\n\n<p>Despr\u00e9s de l\u2019\u00e8xit d\u2019aquesta primera edici\u00f3, es va fer pal\u00e8s el desig de donar continu\u00eftat a la jornada. L&#8217;objectiu \u00e9s que totes les entitats i les organitzacions de l\u2019\u00e0mbit de la salut i l\u2019atenci\u00f3 a persones amb discapacitat intel\u00b7lectual de la zona puguin coordinar-se de manera m\u00e9s efectiva. Aix\u00f2 inclou crear teixit comunitari, col\u00b7laborar en xarxa, la formaci\u00f3 conjunta dels professionals i la millora de la comunicaci\u00f3 i el tracte amb les persones usu\u00e0ries.<\/p>\n\n\n\n<figure class=\"wp-block-image size-large\"><img loading=\"lazy\" decoding=\"async\" width=\"1024\" height=\"561\" src=\"https:\/\/hospitalsagratcormartorell.org\/entre-tots\/wp-content\/uploads\/2024\/04\/IMG-20240410-WA0030-1024x561.jpg\" alt=\"\" class=\"wp-image-8953\" srcset=\"https:\/\/fundaciohospitalariesmartorell.org\/entre-tots\/wp-content\/uploads\/2024\/04\/IMG-20240410-WA0030-1024x561.jpg 1024w, https:\/\/fundaciohospitalariesmartorell.org\/entre-tots\/wp-content\/uploads\/2024\/04\/IMG-20240410-WA0030-300x164.jpg 300w, https:\/\/fundaciohospitalariesmartorell.org\/entre-tots\/wp-content\/uploads\/2024\/04\/IMG-20240410-WA0030-768x420.jpg 768w, https:\/\/fundaciohospitalariesmartorell.org\/entre-tots\/wp-content\/uploads\/2024\/04\/IMG-20240410-WA0030-1536x841.jpg 1536w, https:\/\/fundaciohospitalariesmartorell.org\/entre-tots\/wp-content\/uploads\/2024\/04\/IMG-20240410-WA0030-1320x723.jpg 1320w, https:\/\/fundaciohospitalariesmartorell.org\/entre-tots\/wp-content\/uploads\/2024\/04\/IMG-20240410-WA0030.jpg 1600w\" sizes=\"auto, (max-width: 1024px) 100vw, 1024px\" \/><\/figure>\n","protected":false},"excerpt":{"rendered":"<p>Representants del CSMA i el CASD del Bergued\u00e0 van participar en la jornada Salut Mental i Discapacitat Intel\u00b7lectual: &#8216;Avancem Junts&#8217;, que es va celebrar a l&#8217;Hospital de Berga el dimecres 10 d\u2019abril. L\u2019esdeveniment, que va reunir m\u00e9s de 200 professionals, el van organitzar diverses entitats socials i sanit\u00e0ries amb l&#8217;objectiu de millorar la comunicaci\u00f3 entre [&hellip;]<\/p>\n","protected":false},"author":2,"featured_media":8955,"comment_status":"closed","ping_status":"closed","sticky":false,"template":"","format":"standard","meta":{"footnotes":""},"categories":[27],"tags":[],"class_list":["post-8951","post","type-post","status-publish","format-standard","has-post-thumbnail","hentry","category-actualitat"],"blocksy_meta":{"styles_descriptor":{"styles":{"desktop":"","tablet":"","mobile":""},"google_fonts":[],"version":6}},"featured_image_urls_v2":{"full":["https:\/\/fundaciohospitalariesmartorell.org\/entre-tots\/wp-content\/uploads\/2024\/04\/thumbnail_IMG-20240410-WA0031.jpg",1600,702,false],"thumbnail":["https:\/\/fundaciohospitalariesmartorell.org\/entre-tots\/wp-content\/uploads\/2024\/04\/thumbnail_IMG-20240410-WA0031-150x150.jpg",150,150,true],"medium":["https:\/\/fundaciohospitalariesmartorell.org\/entre-tots\/wp-content\/uploads\/2024\/04\/thumbnail_IMG-20240410-WA0031-300x132.jpg",300,132,true],"medium_large":["https:\/\/fundaciohospitalariesmartorell.org\/entre-tots\/wp-content\/uploads\/2024\/04\/thumbnail_IMG-20240410-WA0031-768x337.jpg",768,337,true],"large":["https:\/\/fundaciohospitalariesmartorell.org\/entre-tots\/wp-content\/uploads\/2024\/04\/thumbnail_IMG-20240410-WA0031-1024x449.jpg",1024,449,true],"1536x1536":["https:\/\/fundaciohospitalariesmartorell.org\/entre-tots\/wp-content\/uploads\/2024\/04\/thumbnail_IMG-20240410-WA0031-1536x674.jpg",1536,674,true],"2048x2048":["https:\/\/fundaciohospitalariesmartorell.org\/entre-tots\/wp-content\/uploads\/2024\/04\/thumbnail_IMG-20240410-WA0031.jpg",1600,702,false],"mailpoet_newsletter_max":["https:\/\/fundaciohospitalariesmartorell.org\/entre-tots\/wp-content\/uploads\/2024\/04\/thumbnail_IMG-20240410-WA0031-1320x579.jpg",1320,579,true]},"post_excerpt_stackable_v2":"<p>Representants del CSMA i el CASD del Bergued\u00e0 van participar en la jornada Salut Mental i Discapacitat Intel\u00b7lectual: &#8216;Avancem Junts&#8217;, que es va celebrar a l&#8217;Hospital de Berga el dimecres 10 d\u2019abril. L\u2019esdeveniment, que va reunir m\u00e9s de 200 professionals, el van organitzar diverses entitats socials i sanit\u00e0ries amb l&#8217;objectiu de millorar la comunicaci\u00f3 entre els professionals sanitaris i les persones usu\u00e0ries. Carles Barcons, psic\u00f2leg del CSMA i del CASD del Bergued\u00e0, va prendre part en la segona part de la sessi\u00f3, que va consistir en una taula d&#8217;experi\u00e8ncies de professionals de la salut i testimonis de la Fundaci\u00f3 La&hellip;<\/p>\n","category_list_v2":"<a href=\"https:\/\/fundaciohospitalariesmartorell.org\/entre-tots\/category\/actualitat\/\" rel=\"category tag\">ACTUALITAT<\/a>","author_info_v2":{"name":"Sagrat Cor","url":"https:\/\/fundaciohospitalariesmartorell.org\/entre-tots\/author\/daniel\/"},"comments_num_v2":"0 comments","_links":{"self":[{"href":"https:\/\/fundaciohospitalariesmartorell.org\/entre-tots\/wp-json\/wp\/v2\/posts\/8951","targetHints":{"allow":["GET"]}}],"collection":[{"href":"https:\/\/fundaciohospitalariesmartorell.org\/entre-tots\/wp-json\/wp\/v2\/posts"}],"about":[{"href":"https:\/\/fundaciohospitalariesmartorell.org\/entre-tots\/wp-json\/wp\/v2\/types\/post"}],"author":[{"embeddable":true,"href":"https:\/\/fundaciohospitalariesmartorell.org\/entre-tots\/wp-json\/wp\/v2\/users\/2"}],"replies":[{"embeddable":true,"href":"https:\/\/fundaciohospitalariesmartorell.org\/entre-tots\/wp-json\/wp\/v2\/comments?post=8951"}],"version-history":[{"count":4,"href":"https:\/\/fundaciohospitalariesmartorell.org\/entre-tots\/wp-json\/wp\/v2\/posts\/8951\/revisions"}],"predecessor-version":[{"id":9115,"href":"https:\/\/fundaciohospitalariesmartorell.org\/entre-tots\/wp-json\/wp\/v2\/posts\/8951\/revisions\/9115"}],"wp:featuredmedia":[{"embeddable":true,"href":"https:\/\/fundaciohospitalariesmartorell.org\/entre-tots\/wp-json\/wp\/v2\/media\/8955"}],"wp:attachment":[{"href":"https:\/\/fundaciohospitalariesmartorell.org\/entre-tots\/wp-json\/wp\/v2\/media?parent=8951"}],"wp:term":[{"taxonomy":"category","embeddable":true,"href":"https:\/\/fundaciohospitalariesmartorell.org\/entre-tots\/wp-json\/wp\/v2\/categories?post=8951"},{"taxonomy":"post_tag","embeddable":true,"href":"https:\/\/fundaciohospitalariesmartorell.org\/entre-tots\/wp-json\/wp\/v2\/tags?post=8951"}],"curies":[{"name":"wp","href":"https:\/\/api.w.org\/{rel}","templated":true}]}}