{"id":8957,"date":"2024-04-28T21:37:05","date_gmt":"2024-04-28T20:37:05","guid":{"rendered":"https:\/\/hospitalsagratcormartorell.org\/entre-tots\/?p=8957"},"modified":"2024-04-30T08:42:52","modified_gmt":"2024-04-30T07:42:52","slug":"jornada-de-treball-conjunta-entre-lhospital-sagrat-cor-i-el-parc-sanitari-sant-joan-de-deu-sobre-salut-mental","status":"publish","type":"post","link":"https:\/\/fundaciohospitalariesmartorell.org\/entre-tots\/2024\/04\/jornada-de-treball-conjunta-entre-lhospital-sagrat-cor-i-el-parc-sanitari-sant-joan-de-deu-sobre-salut-mental\/","title":{"rendered":"Jornada de treball conjunta entre l\u2019Hospital Sagrat Cor i el Parc Sanitari Sant Joan de D\u00e9u sobre salut mental"},"content":{"rendered":"<figure class=\"wp-block-post-featured-image\"><img loading=\"lazy\" decoding=\"async\" width=\"1200\" height=\"800\" src=\"https:\/\/fundaciohospitalariesmartorell.org\/entre-tots\/wp-content\/uploads\/2024\/04\/PS-HSC.png\" class=\"attachment-post-thumbnail size-post-thumbnail wp-post-image\" alt=\"\" style=\"object-fit:cover;\" srcset=\"https:\/\/fundaciohospitalariesmartorell.org\/entre-tots\/wp-content\/uploads\/2024\/04\/PS-HSC.png 1200w, https:\/\/fundaciohospitalariesmartorell.org\/entre-tots\/wp-content\/uploads\/2024\/04\/PS-HSC-300x200.png 300w, https:\/\/fundaciohospitalariesmartorell.org\/entre-tots\/wp-content\/uploads\/2024\/04\/PS-HSC-1024x683.png 1024w, https:\/\/fundaciohospitalariesmartorell.org\/entre-tots\/wp-content\/uploads\/2024\/04\/PS-HSC-768x512.png 768w\" sizes=\"auto, (max-width: 1200px) 100vw, 1200px\" \/><\/figure>\n\n\n<p>L\u2019Hospital Sagrat Cor i el Parc Sanitari Sant Joan de D\u00e9u van unir esfor\u00e7os en una jornada de treball el passat 16 d\u2019abril per abordar temes rellevants relacionats amb la gesti\u00f3 i la pr\u00e0ctica assistencial en l\u2019\u00e0mbit de la salut mental. Hi van participar representants de la direcci\u00f3 assistencial, c\u00e0rrecs intermedis i t\u00e8cnics del servei de prevenci\u00f3 d\u2019ambd\u00f3s centres. En aquesta ocasi\u00f3, la trobada va tenir lloc a l\u2019Hospital Sagrat Cor i es va evidenciar una notable similitud en les preocupacions i dificultats compartides per les dues institucions, aix\u00ed com en la manera de fer i en la visi\u00f3 de gesti\u00f3. Per tant, es va acordar programar una visita rec\u00edproca en el futur per continuar intercanviant coneixements i experi\u00e8ncies.<\/p>\n\n\n\n<p>Podeu trobar m\u00e9s informaci\u00f3 <a href=\"https:\/\/hospitalsagratcormartorell.org\/jornada-de-treball-conjunta-entre-lhospital-sagrat-cor-i-el-parc-sanitari-sant-joan-de-deu-sobre-salut-mental\/\">aqu\u00ed<\/a>.<\/p>\n","protected":false},"excerpt":{"rendered":"<p>L\u2019Hospital Sagrat Cor i el Parc Sanitari Sant Joan de D\u00e9u van unir esfor\u00e7os en una jornada de treball el passat 16 d\u2019abril per abordar temes rellevants relacionats amb la gesti\u00f3 i la pr\u00e0ctica assistencial en l\u2019\u00e0mbit de la salut mental. Hi van participar representants de la direcci\u00f3 assistencial, c\u00e0rrecs intermedis i t\u00e8cnics del servei [&hellip;]<\/p>\n","protected":false},"author":2,"featured_media":8959,"comment_status":"closed","ping_status":"closed","sticky":false,"template":"","format":"standard","meta":{"footnotes":""},"categories":[27],"tags":[],"class_list":["post-8957","post","type-post","status-publish","format-standard","has-post-thumbnail","hentry","category-actualitat"],"blocksy_meta":{"styles_descriptor":{"styles":{"desktop":"","tablet":"","mobile":""},"google_fonts":[],"version":6}},"featured_image_urls_v2":{"full":["https:\/\/fundaciohospitalariesmartorell.org\/entre-tots\/wp-content\/uploads\/2024\/04\/PS-HSC.png",1200,800,false],"thumbnail":["https:\/\/fundaciohospitalariesmartorell.org\/entre-tots\/wp-content\/uploads\/2024\/04\/PS-HSC-150x150.png",150,150,true],"medium":["https:\/\/fundaciohospitalariesmartorell.org\/entre-tots\/wp-content\/uploads\/2024\/04\/PS-HSC-300x200.png",300,200,true],"medium_large":["https:\/\/fundaciohospitalariesmartorell.org\/entre-tots\/wp-content\/uploads\/2024\/04\/PS-HSC-768x512.png",768,512,true],"large":["https:\/\/fundaciohospitalariesmartorell.org\/entre-tots\/wp-content\/uploads\/2024\/04\/PS-HSC-1024x683.png",1024,683,true],"1536x1536":["https:\/\/fundaciohospitalariesmartorell.org\/entre-tots\/wp-content\/uploads\/2024\/04\/PS-HSC.png",1200,800,false],"2048x2048":["https:\/\/fundaciohospitalariesmartorell.org\/entre-tots\/wp-content\/uploads\/2024\/04\/PS-HSC.png",1200,800,false],"mailpoet_newsletter_max":["https:\/\/fundaciohospitalariesmartorell.org\/entre-tots\/wp-content\/uploads\/2024\/04\/PS-HSC.png",1200,800,false]},"post_excerpt_stackable_v2":"<p>L\u2019Hospital Sagrat Cor i el Parc Sanitari Sant Joan de D\u00e9u van unir esfor\u00e7os en una jornada de treball el passat 16 d\u2019abril per abordar temes rellevants relacionats amb la gesti\u00f3 i la pr\u00e0ctica assistencial en l\u2019\u00e0mbit de la salut mental. Hi van participar representants de la direcci\u00f3 assistencial, c\u00e0rrecs intermedis i t\u00e8cnics del servei de prevenci\u00f3 d\u2019ambd\u00f3s centres. En aquesta ocasi\u00f3, la trobada va tenir lloc a l\u2019Hospital Sagrat Cor i es va evidenciar una notable similitud en les preocupacions i dificultats compartides per les dues institucions, aix\u00ed com en la manera de fer i en la visi\u00f3 de&hellip;<\/p>\n","category_list_v2":"<a href=\"https:\/\/fundaciohospitalariesmartorell.org\/entre-tots\/category\/actualitat\/\" rel=\"category tag\">ACTUALITAT<\/a>","author_info_v2":{"name":"Sagrat Cor","url":"https:\/\/fundaciohospitalariesmartorell.org\/entre-tots\/author\/daniel\/"},"comments_num_v2":"0 comments","_links":{"self":[{"href":"https:\/\/fundaciohospitalariesmartorell.org\/entre-tots\/wp-json\/wp\/v2\/posts\/8957","targetHints":{"allow":["GET"]}}],"collection":[{"href":"https:\/\/fundaciohospitalariesmartorell.org\/entre-tots\/wp-json\/wp\/v2\/posts"}],"about":[{"href":"https:\/\/fundaciohospitalariesmartorell.org\/entre-tots\/wp-json\/wp\/v2\/types\/post"}],"author":[{"embeddable":true,"href":"https:\/\/fundaciohospitalariesmartorell.org\/entre-tots\/wp-json\/wp\/v2\/users\/2"}],"replies":[{"embeddable":true,"href":"https:\/\/fundaciohospitalariesmartorell.org\/entre-tots\/wp-json\/wp\/v2\/comments?post=8957"}],"version-history":[{"count":3,"href":"https:\/\/fundaciohospitalariesmartorell.org\/entre-tots\/wp-json\/wp\/v2\/posts\/8957\/revisions"}],"predecessor-version":[{"id":9114,"href":"https:\/\/fundaciohospitalariesmartorell.org\/entre-tots\/wp-json\/wp\/v2\/posts\/8957\/revisions\/9114"}],"wp:featuredmedia":[{"embeddable":true,"href":"https:\/\/fundaciohospitalariesmartorell.org\/entre-tots\/wp-json\/wp\/v2\/media\/8959"}],"wp:attachment":[{"href":"https:\/\/fundaciohospitalariesmartorell.org\/entre-tots\/wp-json\/wp\/v2\/media?parent=8957"}],"wp:term":[{"taxonomy":"category","embeddable":true,"href":"https:\/\/fundaciohospitalariesmartorell.org\/entre-tots\/wp-json\/wp\/v2\/categories?post=8957"},{"taxonomy":"post_tag","embeddable":true,"href":"https:\/\/fundaciohospitalariesmartorell.org\/entre-tots\/wp-json\/wp\/v2\/tags?post=8957"}],"curies":[{"name":"wp","href":"https:\/\/api.w.org\/{rel}","templated":true}]}}