{"id":8961,"date":"2024-04-28T21:41:57","date_gmt":"2024-04-28T20:41:57","guid":{"rendered":"https:\/\/hospitalsagratcormartorell.org\/entre-tots\/?p=8961"},"modified":"2024-04-30T08:42:03","modified_gmt":"2024-04-30T07:42:03","slug":"lhospital-sagrat-cor-primer-centre-a-catalunya-en-certificar-tots-els-seus-dispositius-comunitaris-de-salut-mental-amb-el-segell-de-compromis-antiestigma-dobertament","status":"publish","type":"post","link":"https:\/\/fundaciohospitalariesmartorell.org\/entre-tots\/2024\/04\/lhospital-sagrat-cor-primer-centre-a-catalunya-en-certificar-tots-els-seus-dispositius-comunitaris-de-salut-mental-amb-el-segell-de-compromis-antiestigma-dobertament\/","title":{"rendered":"L\u2019Hospital Sagrat Cor, primer centre a Catalunya a certificar tots els seus dispositius comunitaris de salut mental amb el segell de Comprom\u00eds Antiestigma d\u2019Obertament"},"content":{"rendered":"<figure class=\"wp-block-post-featured-image\"><img loading=\"lazy\" decoding=\"async\" width=\"1600\" height=\"1200\" src=\"https:\/\/fundaciohospitalariesmartorell.org\/entre-tots\/wp-content\/uploads\/2024\/04\/WhatsApp-Image-2024-04-19-at-11.00.13-5.jpeg\" class=\"attachment-post-thumbnail size-post-thumbnail wp-post-image\" alt=\"\" style=\"object-fit:cover;\" srcset=\"https:\/\/fundaciohospitalariesmartorell.org\/entre-tots\/wp-content\/uploads\/2024\/04\/WhatsApp-Image-2024-04-19-at-11.00.13-5.jpeg 1600w, https:\/\/fundaciohospitalariesmartorell.org\/entre-tots\/wp-content\/uploads\/2024\/04\/WhatsApp-Image-2024-04-19-at-11.00.13-5-300x225.jpeg 300w, https:\/\/fundaciohospitalariesmartorell.org\/entre-tots\/wp-content\/uploads\/2024\/04\/WhatsApp-Image-2024-04-19-at-11.00.13-5-1024x768.jpeg 1024w, https:\/\/fundaciohospitalariesmartorell.org\/entre-tots\/wp-content\/uploads\/2024\/04\/WhatsApp-Image-2024-04-19-at-11.00.13-5-768x576.jpeg 768w, https:\/\/fundaciohospitalariesmartorell.org\/entre-tots\/wp-content\/uploads\/2024\/04\/WhatsApp-Image-2024-04-19-at-11.00.13-5-1536x1152.jpeg 1536w, https:\/\/fundaciohospitalariesmartorell.org\/entre-tots\/wp-content\/uploads\/2024\/04\/WhatsApp-Image-2024-04-19-at-11.00.13-5-1320x990.jpeg 1320w\" sizes=\"auto, (max-width: 1600px) 100vw, 1600px\" \/><\/figure>\n\n\n<p>L\u2019Hospital Sagrat Cor ha obtingut el distintiu de Comprom\u00eds Antiestigma en Salut Mental d\u2019Obertament, el primer segell de qualificaci\u00f3 a l\u2019Estat espanyol que reconeix i posa en valor l\u2019aposta d\u2019entitats, serveis i professionals que han realitzat esfor\u00e7os concrets i tangibles en la lluita contra l\u2019estigma en salut mental. Es tracta del primer centre a Catalunya en aconseguir la certificaci\u00f3 de totes els seus dispositius comunitaris de salut mental amb aquest segell.<\/p>\n\n\n\n<p>Un total de 14 serveis comunitaris han merescut aquest distintiu despr\u00e9s d\u2019un intens treball de 105 professionals dels centres que s\u2019han format per garantir el seu comprom\u00eds real en la lluita contra l\u2019estigma. Aquesta implicaci\u00f3 s&#8217;ha materialitzat a trav\u00e9s de 5 formacions, jornades de treball i reflexi\u00f3, aix\u00ed com una campanya de comunicaci\u00f3 interna basada en la difusi\u00f3 de materials gr\u00e0fics adre\u00e7ats tant a les persones usu\u00e0ries com als professionals.<\/p>\n\n\n\n<p>Podeu trobar m\u00e9s informaci\u00f3 <a href=\"https:\/\/hospitalsagratcormartorell.org\/lhospital-sagrat-cor-primer-centre-a-catalunya-en-certificar-tots-els-seus-dispositius-amb-el-segell-de-compromis-antiestigma-dobertament\/\">aqu\u00ed<\/a>.<\/p>\n\n\n\n<figure class=\"wp-block-gallery has-nested-images columns-default wp-block-gallery-1 is-layout-flex wp-block-gallery-is-layout-flex\">\n<figure class=\"wp-block-image size-large\"><img loading=\"lazy\" decoding=\"async\" width=\"768\" height=\"1024\" data-id=\"8963\" src=\"https:\/\/hospitalsagratcormartorell.org\/entre-tots\/wp-content\/uploads\/2024\/04\/WhatsApp-Image-2024-04-19-at-11.00.13-10-768x1024.jpeg\" alt=\"\" class=\"wp-image-8963\" srcset=\"https:\/\/fundaciohospitalariesmartorell.org\/entre-tots\/wp-content\/uploads\/2024\/04\/WhatsApp-Image-2024-04-19-at-11.00.13-10-768x1024.jpeg 768w, https:\/\/fundaciohospitalariesmartorell.org\/entre-tots\/wp-content\/uploads\/2024\/04\/WhatsApp-Image-2024-04-19-at-11.00.13-10-225x300.jpeg 225w, https:\/\/fundaciohospitalariesmartorell.org\/entre-tots\/wp-content\/uploads\/2024\/04\/WhatsApp-Image-2024-04-19-at-11.00.13-10-1152x1536.jpeg 1152w, https:\/\/fundaciohospitalariesmartorell.org\/entre-tots\/wp-content\/uploads\/2024\/04\/WhatsApp-Image-2024-04-19-at-11.00.13-10.jpeg 1200w\" sizes=\"auto, (max-width: 768px) 100vw, 768px\" \/><\/figure>\n\n\n\n<figure class=\"wp-block-image size-large\"><img loading=\"lazy\" decoding=\"async\" width=\"1024\" height=\"768\" data-id=\"8965\" src=\"https:\/\/hospitalsagratcormartorell.org\/entre-tots\/wp-content\/uploads\/2024\/04\/WhatsApp-Image-2024-04-19-at-11.00.13-3-1024x768.jpeg\" alt=\"\" class=\"wp-image-8965\" srcset=\"https:\/\/fundaciohospitalariesmartorell.org\/entre-tots\/wp-content\/uploads\/2024\/04\/WhatsApp-Image-2024-04-19-at-11.00.13-3-1024x768.jpeg 1024w, https:\/\/fundaciohospitalariesmartorell.org\/entre-tots\/wp-content\/uploads\/2024\/04\/WhatsApp-Image-2024-04-19-at-11.00.13-3-300x225.jpeg 300w, https:\/\/fundaciohospitalariesmartorell.org\/entre-tots\/wp-content\/uploads\/2024\/04\/WhatsApp-Image-2024-04-19-at-11.00.13-3-768x576.jpeg 768w, https:\/\/fundaciohospitalariesmartorell.org\/entre-tots\/wp-content\/uploads\/2024\/04\/WhatsApp-Image-2024-04-19-at-11.00.13-3-1536x1152.jpeg 1536w, https:\/\/fundaciohospitalariesmartorell.org\/entre-tots\/wp-content\/uploads\/2024\/04\/WhatsApp-Image-2024-04-19-at-11.00.13-3-1320x990.jpeg 1320w, https:\/\/fundaciohospitalariesmartorell.org\/entre-tots\/wp-content\/uploads\/2024\/04\/WhatsApp-Image-2024-04-19-at-11.00.13-3.jpeg 1600w\" sizes=\"auto, (max-width: 1024px) 100vw, 1024px\" \/><\/figure>\n<\/figure>\n","protected":false},"excerpt":{"rendered":"<p>L\u2019Hospital Sagrat Cor ha obtingut el distintiu de Comprom\u00eds Antiestigma en Salut Mental d\u2019Obertament, el primer segell de qualificaci\u00f3 a l\u2019Estat espanyol que reconeix i posa en valor l\u2019aposta d\u2019entitats, serveis i professionals que han realitzat esfor\u00e7os concrets i tangibles en la lluita contra l\u2019estigma en salut mental. Es tracta del primer centre a Catalunya [&hellip;]<\/p>\n","protected":false},"author":2,"featured_media":8964,"comment_status":"closed","ping_status":"closed","sticky":false,"template":"","format":"standard","meta":{"footnotes":""},"categories":[27],"tags":[],"class_list":["post-8961","post","type-post","status-publish","format-standard","has-post-thumbnail","hentry","category-actualitat"],"blocksy_meta":{"styles_descriptor":{"styles":{"desktop":"","tablet":"","mobile":""},"google_fonts":[],"version":6}},"featured_image_urls_v2":{"full":["https:\/\/fundaciohospitalariesmartorell.org\/entre-tots\/wp-content\/uploads\/2024\/04\/WhatsApp-Image-2024-04-19-at-11.00.13-5.jpeg",1600,1200,false],"thumbnail":["https:\/\/fundaciohospitalariesmartorell.org\/entre-tots\/wp-content\/uploads\/2024\/04\/WhatsApp-Image-2024-04-19-at-11.00.13-5-150x150.jpeg",150,150,true],"medium":["https:\/\/fundaciohospitalariesmartorell.org\/entre-tots\/wp-content\/uploads\/2024\/04\/WhatsApp-Image-2024-04-19-at-11.00.13-5-300x225.jpeg",300,225,true],"medium_large":["https:\/\/fundaciohospitalariesmartorell.org\/entre-tots\/wp-content\/uploads\/2024\/04\/WhatsApp-Image-2024-04-19-at-11.00.13-5-768x576.jpeg",768,576,true],"large":["https:\/\/fundaciohospitalariesmartorell.org\/entre-tots\/wp-content\/uploads\/2024\/04\/WhatsApp-Image-2024-04-19-at-11.00.13-5-1024x768.jpeg",1024,768,true],"1536x1536":["https:\/\/fundaciohospitalariesmartorell.org\/entre-tots\/wp-content\/uploads\/2024\/04\/WhatsApp-Image-2024-04-19-at-11.00.13-5-1536x1152.jpeg",1536,1152,true],"2048x2048":["https:\/\/fundaciohospitalariesmartorell.org\/entre-tots\/wp-content\/uploads\/2024\/04\/WhatsApp-Image-2024-04-19-at-11.00.13-5.jpeg",1600,1200,false],"mailpoet_newsletter_max":["https:\/\/fundaciohospitalariesmartorell.org\/entre-tots\/wp-content\/uploads\/2024\/04\/WhatsApp-Image-2024-04-19-at-11.00.13-5-1320x990.jpeg",1320,990,true]},"post_excerpt_stackable_v2":"<p>L\u2019Hospital Sagrat Cor ha obtingut el distintiu de Comprom\u00eds Antiestigma en Salut Mental d\u2019Obertament, el primer segell de qualificaci\u00f3 a l\u2019Estat espanyol que reconeix i posa en valor l\u2019aposta d\u2019entitats, serveis i professionals que han realitzat esfor\u00e7os concrets i tangibles en la lluita contra l\u2019estigma en salut mental. Es tracta del primer centre a Catalunya en aconseguir la certificaci\u00f3 de totes els seus dispositius comunitaris de salut mental amb aquest segell. Un total de 14 serveis comunitaris han merescut aquest distintiu despr\u00e9s d\u2019un intens treball de 105 professionals dels centres que s\u2019han format per garantir el seu comprom\u00eds real en&hellip;<\/p>\n","category_list_v2":"<a href=\"https:\/\/fundaciohospitalariesmartorell.org\/entre-tots\/category\/actualitat\/\" rel=\"category tag\">ACTUALITAT<\/a>","author_info_v2":{"name":"Sagrat Cor","url":"https:\/\/fundaciohospitalariesmartorell.org\/entre-tots\/author\/daniel\/"},"comments_num_v2":"0 comments","_links":{"self":[{"href":"https:\/\/fundaciohospitalariesmartorell.org\/entre-tots\/wp-json\/wp\/v2\/posts\/8961","targetHints":{"allow":["GET"]}}],"collection":[{"href":"https:\/\/fundaciohospitalariesmartorell.org\/entre-tots\/wp-json\/wp\/v2\/posts"}],"about":[{"href":"https:\/\/fundaciohospitalariesmartorell.org\/entre-tots\/wp-json\/wp\/v2\/types\/post"}],"author":[{"embeddable":true,"href":"https:\/\/fundaciohospitalariesmartorell.org\/entre-tots\/wp-json\/wp\/v2\/users\/2"}],"replies":[{"embeddable":true,"href":"https:\/\/fundaciohospitalariesmartorell.org\/entre-tots\/wp-json\/wp\/v2\/comments?post=8961"}],"version-history":[{"count":4,"href":"https:\/\/fundaciohospitalariesmartorell.org\/entre-tots\/wp-json\/wp\/v2\/posts\/8961\/revisions"}],"predecessor-version":[{"id":9113,"href":"https:\/\/fundaciohospitalariesmartorell.org\/entre-tots\/wp-json\/wp\/v2\/posts\/8961\/revisions\/9113"}],"wp:featuredmedia":[{"embeddable":true,"href":"https:\/\/fundaciohospitalariesmartorell.org\/entre-tots\/wp-json\/wp\/v2\/media\/8964"}],"wp:attachment":[{"href":"https:\/\/fundaciohospitalariesmartorell.org\/entre-tots\/wp-json\/wp\/v2\/media?parent=8961"}],"wp:term":[{"taxonomy":"category","embeddable":true,"href":"https:\/\/fundaciohospitalariesmartorell.org\/entre-tots\/wp-json\/wp\/v2\/categories?post=8961"},{"taxonomy":"post_tag","embeddable":true,"href":"https:\/\/fundaciohospitalariesmartorell.org\/entre-tots\/wp-json\/wp\/v2\/tags?post=8961"}],"curies":[{"name":"wp","href":"https:\/\/api.w.org\/{rel}","templated":true}]}}