{"id":9012,"date":"2024-04-28T22:05:19","date_gmt":"2024-04-28T21:05:19","guid":{"rendered":"https:\/\/hospitalsagratcormartorell.org\/entre-tots\/?p=9012"},"modified":"2024-04-28T22:15:24","modified_gmt":"2024-04-28T21:15:24","slug":"les-germanes-hospitalaries-fan-un-pas-endavant-en-la-lluita-contra-lestigma-en-la-salut-mental","status":"publish","type":"post","link":"https:\/\/fundaciohospitalariesmartorell.org\/entre-tots\/2024\/04\/les-germanes-hospitalaries-fan-un-pas-endavant-en-la-lluita-contra-lestigma-en-la-salut-mental\/","title":{"rendered":"Les Germanes Hospital\u00e0ries fan un pas endavant en la lluita contra l\u2019estigma en la salut mental"},"content":{"rendered":"\n<figure class=\"wp-block-image size-large\"><img loading=\"lazy\" decoding=\"async\" width=\"1024\" height=\"806\" src=\"https:\/\/hospitalsagratcormartorell.org\/entre-tots\/wp-content\/uploads\/2024\/04\/Captura-de-pantalla-2024-04-28-a-les-23.14.20-1024x806.jpg\" alt=\"\" class=\"wp-image-9024\" srcset=\"https:\/\/fundaciohospitalariesmartorell.org\/entre-tots\/wp-content\/uploads\/2024\/04\/Captura-de-pantalla-2024-04-28-a-les-23.14.20-1024x806.jpg 1024w, https:\/\/fundaciohospitalariesmartorell.org\/entre-tots\/wp-content\/uploads\/2024\/04\/Captura-de-pantalla-2024-04-28-a-les-23.14.20-300x236.jpg 300w, https:\/\/fundaciohospitalariesmartorell.org\/entre-tots\/wp-content\/uploads\/2024\/04\/Captura-de-pantalla-2024-04-28-a-les-23.14.20-768x605.jpg 768w, https:\/\/fundaciohospitalariesmartorell.org\/entre-tots\/wp-content\/uploads\/2024\/04\/Captura-de-pantalla-2024-04-28-a-les-23.14.20-1536x1209.jpg 1536w, https:\/\/fundaciohospitalariesmartorell.org\/entre-tots\/wp-content\/uploads\/2024\/04\/Captura-de-pantalla-2024-04-28-a-les-23.14.20-2048x1612.jpg 2048w, https:\/\/fundaciohospitalariesmartorell.org\/entre-tots\/wp-content\/uploads\/2024\/04\/Captura-de-pantalla-2024-04-28-a-les-23.14.20-1320x1039.jpg 1320w\" sizes=\"auto, (max-width: 1024px) 100vw, 1024px\" \/><\/figure>\n\n\n\n<p>El mitj\u00e0 de comunicaci\u00f3 local <em>La Fura <\/em>es fa ress\u00f2 que els catorze serveis comunitaris de l\u2019Hospital Sagrat Cor han estat certificats amb el segell Comprom\u00eds Antiestigma d\u2019Obertament.Aix\u00f2 inclou els tres dispositius de l\u2019Hospital a la comarca de l\u2019Alt Pened\u00e8s: el Centre de Salut Mental d\u2019Adults, l\u2019Hospital de Dia i el Servei de Rehabilitaci\u00f3 Comunit\u00e0ria.<\/p>\n\n\n\n<p><a href=\"https:\/\/lafurapenedes.cat\/les-germanes-hospitalaries-fan-un-pas-endavant-per-la-lluita-contra-lestigma-en-la-salut-mental\/\">https:\/\/lafurapenedes.cat\/les-germanes-hospitalaries-fan-un-pas-endavant-per-la-lluita-contra-lestigma-en-la-salut-mental\/<\/a><\/p>\n","protected":false},"excerpt":{"rendered":"<p>El mitj\u00e0 de comunicaci\u00f3 local La Fura es fa ress\u00f2 que els catorze serveis comunitaris de l\u2019Hospital Sagrat Cor han estat certificats amb el segell Comprom\u00eds Antiestigma d\u2019Obertament.Aix\u00f2 inclou els tres dispositius de l\u2019Hospital a la comarca de l\u2019Alt Pened\u00e8s: el Centre de Salut Mental d\u2019Adults, l\u2019Hospital de Dia i el Servei de Rehabilitaci\u00f3 Comunit\u00e0ria. [&hellip;]<\/p>\n","protected":false},"author":2,"featured_media":0,"comment_status":"closed","ping_status":"closed","sticky":false,"template":"","format":"standard","meta":{"footnotes":""},"categories":[44],"tags":[],"class_list":["post-9012","post","type-post","status-publish","format-standard","hentry","category-entre-noticies"],"blocksy_meta":{"styles_descriptor":{"styles":{"desktop":"","tablet":"","mobile":""},"google_fonts":[],"version":6}},"featured_image_urls_v2":{"full":"","thumbnail":"","medium":"","medium_large":"","large":"","1536x1536":"","2048x2048":"","mailpoet_newsletter_max":""},"post_excerpt_stackable_v2":"<p>El mitj\u00e0 de comunicaci\u00f3 local La Fura es fa ress\u00f2 que els catorze serveis comunitaris de l\u2019Hospital Sagrat Cor han estat certificats amb el segell Comprom\u00eds Antiestigma d\u2019Obertament.Aix\u00f2 inclou els tres dispositius de l\u2019Hospital a la comarca de l\u2019Alt Pened\u00e8s: el Centre de Salut Mental d\u2019Adults, l\u2019Hospital de Dia i el Servei de Rehabilitaci\u00f3 Comunit\u00e0ria. https:\/\/lafurapenedes.cat\/les-germanes-hospitalaries-fan-un-pas-endavant-per-la-lluita-contra-lestigma-en-la-salut-mental\/<\/p>\n","category_list_v2":"<a href=\"https:\/\/fundaciohospitalariesmartorell.org\/entre-tots\/category\/entre-noticies\/\" rel=\"category tag\">ENTRE NOT\u00cdCIES<\/a>","author_info_v2":{"name":"Sagrat Cor","url":"https:\/\/fundaciohospitalariesmartorell.org\/entre-tots\/author\/daniel\/"},"comments_num_v2":"0 comments","_links":{"self":[{"href":"https:\/\/fundaciohospitalariesmartorell.org\/entre-tots\/wp-json\/wp\/v2\/posts\/9012","targetHints":{"allow":["GET"]}}],"collection":[{"href":"https:\/\/fundaciohospitalariesmartorell.org\/entre-tots\/wp-json\/wp\/v2\/posts"}],"about":[{"href":"https:\/\/fundaciohospitalariesmartorell.org\/entre-tots\/wp-json\/wp\/v2\/types\/post"}],"author":[{"embeddable":true,"href":"https:\/\/fundaciohospitalariesmartorell.org\/entre-tots\/wp-json\/wp\/v2\/users\/2"}],"replies":[{"embeddable":true,"href":"https:\/\/fundaciohospitalariesmartorell.org\/entre-tots\/wp-json\/wp\/v2\/comments?post=9012"}],"version-history":[{"count":4,"href":"https:\/\/fundaciohospitalariesmartorell.org\/entre-tots\/wp-json\/wp\/v2\/posts\/9012\/revisions"}],"predecessor-version":[{"id":9026,"href":"https:\/\/fundaciohospitalariesmartorell.org\/entre-tots\/wp-json\/wp\/v2\/posts\/9012\/revisions\/9026"}],"wp:attachment":[{"href":"https:\/\/fundaciohospitalariesmartorell.org\/entre-tots\/wp-json\/wp\/v2\/media?parent=9012"}],"wp:term":[{"taxonomy":"category","embeddable":true,"href":"https:\/\/fundaciohospitalariesmartorell.org\/entre-tots\/wp-json\/wp\/v2\/categories?post=9012"},{"taxonomy":"post_tag","embeddable":true,"href":"https:\/\/fundaciohospitalariesmartorell.org\/entre-tots\/wp-json\/wp\/v2\/tags?post=9012"}],"curies":[{"name":"wp","href":"https:\/\/api.w.org\/{rel}","templated":true}]}}