{"id":9015,"date":"2024-04-28T22:06:14","date_gmt":"2024-04-28T21:06:14","guid":{"rendered":"https:\/\/hospitalsagratcormartorell.org\/entre-tots\/?p=9015"},"modified":"2024-04-28T22:15:38","modified_gmt":"2024-04-28T21:15:38","slug":"unitats-especifiques-de-psiquiatria-per-a-gent-gran-per-que-son-necessaries","status":"publish","type":"post","link":"https:\/\/fundaciohospitalariesmartorell.org\/entre-tots\/2024\/04\/unitats-especifiques-de-psiquiatria-per-a-gent-gran-per-que-son-necessaries\/","title":{"rendered":"Unitats espec\u00edfiques de psiquiatria per a gent gran: per qu\u00e8 s\u00f3n necess\u00e0ries"},"content":{"rendered":"\n<figure class=\"wp-block-image size-large\"><img loading=\"lazy\" decoding=\"async\" width=\"1024\" height=\"576\" src=\"https:\/\/hospitalsagratcormartorell.org\/entre-tots\/wp-content\/uploads\/2024\/04\/Captura-de-pantalla-2024-04-28-a-les-23.12.41-1024x576.jpg\" alt=\"\" class=\"wp-image-9022\" srcset=\"https:\/\/fundaciohospitalariesmartorell.org\/entre-tots\/wp-content\/uploads\/2024\/04\/Captura-de-pantalla-2024-04-28-a-les-23.12.41-1024x576.jpg 1024w, https:\/\/fundaciohospitalariesmartorell.org\/entre-tots\/wp-content\/uploads\/2024\/04\/Captura-de-pantalla-2024-04-28-a-les-23.12.41-300x169.jpg 300w, https:\/\/fundaciohospitalariesmartorell.org\/entre-tots\/wp-content\/uploads\/2024\/04\/Captura-de-pantalla-2024-04-28-a-les-23.12.41-768x432.jpg 768w, https:\/\/fundaciohospitalariesmartorell.org\/entre-tots\/wp-content\/uploads\/2024\/04\/Captura-de-pantalla-2024-04-28-a-les-23.12.41-1536x864.jpg 1536w, https:\/\/fundaciohospitalariesmartorell.org\/entre-tots\/wp-content\/uploads\/2024\/04\/Captura-de-pantalla-2024-04-28-a-les-23.12.41-2048x1152.jpg 2048w, https:\/\/fundaciohospitalariesmartorell.org\/entre-tots\/wp-content\/uploads\/2024\/04\/Captura-de-pantalla-2024-04-28-a-les-23.12.41-1320x743.jpg 1320w\" sizes=\"auto, (max-width: 1024px) 100vw, 1024px\" \/><\/figure>\n\n\n\n<p>La Unitat de Psiquiatria Geri\u00e0trica de l&#8217;Hospital Sagrat Cor va ser una de les protagonistes del <em>TN migdia<\/em> de TV3 del 9 d\u2019abril. Un recurs assistencial pioner a tot l&#8217;Estat que ofereix una atenci\u00f3 psiqui\u00e0trica espec\u00edfica a les persones grans en situacions agudes. Tamb\u00e9 en van publicar una ressenya a la p\u00e0gina web.<\/p>\n\n\n\n<p><a href=\"https:\/\/www.ccma.cat\/324\/unitats-especifiques-de-psiquiatria-per-a-gent-gran-per-que-son-necessaries\/noticia\/3285964\/\">https:\/\/www.ccma.cat\/324\/unitats-especifiques-de-psiquiatria-per-a-gent-gran-per-que-son-necessaries\/noticia\/3285964\/<\/a><\/p>\n","protected":false},"excerpt":{"rendered":"<p>La Unitat de Psiquiatria Geri\u00e0trica de l&#8217;Hospital Sagrat Cor va ser una de les protagonistes del TN migdia de TV3 del 9 d\u2019abril. Un recurs assistencial pioner a tot l&#8217;Estat que ofereix una atenci\u00f3 psiqui\u00e0trica espec\u00edfica a les persones grans en situacions agudes. Tamb\u00e9 en van publicar una ressenya a la p\u00e0gina web. https:\/\/www.ccma.cat\/324\/unitats-especifiques-de-psiquiatria-per-a-gent-gran-per-que-son-necessaries\/noticia\/3285964\/<\/p>\n","protected":false},"author":2,"featured_media":0,"comment_status":"closed","ping_status":"closed","sticky":false,"template":"","format":"standard","meta":{"footnotes":""},"categories":[44],"tags":[],"class_list":["post-9015","post","type-post","status-publish","format-standard","hentry","category-entre-noticies"],"blocksy_meta":{"styles_descriptor":{"styles":{"desktop":"","tablet":"","mobile":""},"google_fonts":[],"version":6}},"featured_image_urls_v2":{"full":"","thumbnail":"","medium":"","medium_large":"","large":"","1536x1536":"","2048x2048":"","mailpoet_newsletter_max":""},"post_excerpt_stackable_v2":"<p>La Unitat de Psiquiatria Geri\u00e0trica de l&#8217;Hospital Sagrat Cor va ser una de les protagonistes del TN migdia de TV3 del 9 d\u2019abril. Un recurs assistencial pioner a tot l&#8217;Estat que ofereix una atenci\u00f3 psiqui\u00e0trica espec\u00edfica a les persones grans en situacions agudes. Tamb\u00e9 en van publicar una ressenya a la p\u00e0gina web. https:\/\/www.ccma.cat\/324\/unitats-especifiques-de-psiquiatria-per-a-gent-gran-per-que-son-necessaries\/noticia\/3285964\/<\/p>\n","category_list_v2":"<a href=\"https:\/\/fundaciohospitalariesmartorell.org\/entre-tots\/category\/entre-noticies\/\" rel=\"category tag\">ENTRE NOT\u00cdCIES<\/a>","author_info_v2":{"name":"Sagrat Cor","url":"https:\/\/fundaciohospitalariesmartorell.org\/entre-tots\/author\/daniel\/"},"comments_num_v2":"0 comments","_links":{"self":[{"href":"https:\/\/fundaciohospitalariesmartorell.org\/entre-tots\/wp-json\/wp\/v2\/posts\/9015","targetHints":{"allow":["GET"]}}],"collection":[{"href":"https:\/\/fundaciohospitalariesmartorell.org\/entre-tots\/wp-json\/wp\/v2\/posts"}],"about":[{"href":"https:\/\/fundaciohospitalariesmartorell.org\/entre-tots\/wp-json\/wp\/v2\/types\/post"}],"author":[{"embeddable":true,"href":"https:\/\/fundaciohospitalariesmartorell.org\/entre-tots\/wp-json\/wp\/v2\/users\/2"}],"replies":[{"embeddable":true,"href":"https:\/\/fundaciohospitalariesmartorell.org\/entre-tots\/wp-json\/wp\/v2\/comments?post=9015"}],"version-history":[{"count":4,"href":"https:\/\/fundaciohospitalariesmartorell.org\/entre-tots\/wp-json\/wp\/v2\/posts\/9015\/revisions"}],"predecessor-version":[{"id":9027,"href":"https:\/\/fundaciohospitalariesmartorell.org\/entre-tots\/wp-json\/wp\/v2\/posts\/9015\/revisions\/9027"}],"wp:attachment":[{"href":"https:\/\/fundaciohospitalariesmartorell.org\/entre-tots\/wp-json\/wp\/v2\/media?parent=9015"}],"wp:term":[{"taxonomy":"category","embeddable":true,"href":"https:\/\/fundaciohospitalariesmartorell.org\/entre-tots\/wp-json\/wp\/v2\/categories?post=9015"},{"taxonomy":"post_tag","embeddable":true,"href":"https:\/\/fundaciohospitalariesmartorell.org\/entre-tots\/wp-json\/wp\/v2\/tags?post=9015"}],"curies":[{"name":"wp","href":"https:\/\/api.w.org\/{rel}","templated":true}]}}