{"id":9018,"date":"2024-04-28T22:08:39","date_gmt":"2024-04-28T21:08:39","guid":{"rendered":"https:\/\/hospitalsagratcormartorell.org\/entre-tots\/?p=9018"},"modified":"2024-04-28T22:15:58","modified_gmt":"2024-04-28T21:15:58","slug":"el-departament-daccio-social-impulsa-la-xarxa-de-treball-social-del-baix-llobregat-nord-amb-el-lema-buen-vivir-futur-compartit-per-al-canvi-transformador","status":"publish","type":"post","link":"https:\/\/fundaciohospitalariesmartorell.org\/entre-tots\/2024\/04\/el-departament-daccio-social-impulsa-la-xarxa-de-treball-social-del-baix-llobregat-nord-amb-el-lema-buen-vivir-futur-compartit-per-al-canvi-transformador\/","title":{"rendered":"El Departament d&#8217;Acci\u00f3 Social impulsa la Xarxa de Treball Social del Baix Llobregat Nord amb el lema \u2018Buen Vivir: futur compartit per al canvi transformador\u2019"},"content":{"rendered":"\n<figure class=\"wp-block-image size-large\"><img loading=\"lazy\" decoding=\"async\" width=\"1024\" height=\"722\" src=\"https:\/\/hospitalsagratcormartorell.org\/entre-tots\/wp-content\/uploads\/2024\/04\/Captura-de-pantalla-2024-04-28-a-les-23.08.01-1024x722.jpg\" alt=\"\" class=\"wp-image-9020\" srcset=\"https:\/\/fundaciohospitalariesmartorell.org\/entre-tots\/wp-content\/uploads\/2024\/04\/Captura-de-pantalla-2024-04-28-a-les-23.08.01-1024x722.jpg 1024w, https:\/\/fundaciohospitalariesmartorell.org\/entre-tots\/wp-content\/uploads\/2024\/04\/Captura-de-pantalla-2024-04-28-a-les-23.08.01-300x212.jpg 300w, https:\/\/fundaciohospitalariesmartorell.org\/entre-tots\/wp-content\/uploads\/2024\/04\/Captura-de-pantalla-2024-04-28-a-les-23.08.01-768x542.jpg 768w, https:\/\/fundaciohospitalariesmartorell.org\/entre-tots\/wp-content\/uploads\/2024\/04\/Captura-de-pantalla-2024-04-28-a-les-23.08.01-1536x1083.jpg 1536w, https:\/\/fundaciohospitalariesmartorell.org\/entre-tots\/wp-content\/uploads\/2024\/04\/Captura-de-pantalla-2024-04-28-a-les-23.08.01-1320x931.jpg 1320w, https:\/\/fundaciohospitalariesmartorell.org\/entre-tots\/wp-content\/uploads\/2024\/04\/Captura-de-pantalla-2024-04-28-a-les-23.08.01.jpg 1906w\" sizes=\"auto, (max-width: 1024px) 100vw, 1024px\" \/><\/figure>\n\n\n\n<p>El Teatre N\u00faria Espert de Sant Andreu de la Barca va acollir, el dimarts 19 de mar\u00e7, la commemoraci\u00f3 del Dia Mundial del Treball Social, impulsada per la comissi\u00f3 de treballadors i treballadores socials dels Ajuntaments del Baix Llobregat Nord, amb el lema <em>Buen Vivir: futur compartit per al canvi transformador<\/em>. R\u00e0dio Abrera va recollir l\u2019efem\u00e8ride, en la qual va participar Bea Vieito, de l&#8217;Hospital Sagrat Cor.<\/p>\n\n\n\n<p><a href=\"https:\/\/www.radioabrera.cat\/pl8\/actualitat\/id4495\/el-departament-d-accio-social-de-l-ajuntament-d-abrera-impulsa-la-xarxa-de-treball-social-del-baix-llobregat-nord-amb-el-lema-buen-vivir-futur-compartit-per-al-canvi-transformador.htm\">https:\/\/www.radioabrera.cat\/pl8\/actualitat\/id4495\/el-departament-d-accio-social-de-l-ajuntament-d-abrera-impulsa-la-xarxa-de-treball-social-del-baix-llobregat-nord-amb-el-lema-buen-vivir-futur-compartit-per-al-canvi-transformador.htm<\/a><\/p>\n","protected":false},"excerpt":{"rendered":"<p>El Teatre N\u00faria Espert de Sant Andreu de la Barca va acollir, el dimarts 19 de mar\u00e7, la commemoraci\u00f3 del Dia Mundial del Treball Social, impulsada per la comissi\u00f3 de treballadors i treballadores socials dels Ajuntaments del Baix Llobregat Nord, amb el lema Buen Vivir: futur compartit per al canvi transformador. R\u00e0dio Abrera va recollir [&hellip;]<\/p>\n","protected":false},"author":2,"featured_media":0,"comment_status":"closed","ping_status":"closed","sticky":false,"template":"","format":"standard","meta":{"footnotes":""},"categories":[44],"tags":[],"class_list":["post-9018","post","type-post","status-publish","format-standard","hentry","category-entre-noticies"],"blocksy_meta":{"styles_descriptor":{"styles":{"desktop":"","tablet":"","mobile":""},"google_fonts":[],"version":6}},"featured_image_urls_v2":{"full":"","thumbnail":"","medium":"","medium_large":"","large":"","1536x1536":"","2048x2048":"","mailpoet_newsletter_max":""},"post_excerpt_stackable_v2":"<p>El Teatre N\u00faria Espert de Sant Andreu de la Barca va acollir, el dimarts 19 de mar\u00e7, la commemoraci\u00f3 del Dia Mundial del Treball Social, impulsada per la comissi\u00f3 de treballadors i treballadores socials dels Ajuntaments del Baix Llobregat Nord, amb el lema Buen Vivir: futur compartit per al canvi transformador. R\u00e0dio Abrera va recollir l\u2019efem\u00e8ride, en la qual va participar Bea Vieito, de l&#8217;Hospital Sagrat Cor. https:\/\/www.radioabrera.cat\/pl8\/actualitat\/id4495\/el-departament-d-accio-social-de-l-ajuntament-d-abrera-impulsa-la-xarxa-de-treball-social-del-baix-llobregat-nord-amb-el-lema-buen-vivir-futur-compartit-per-al-canvi-transformador.htm<\/p>\n","category_list_v2":"<a href=\"https:\/\/fundaciohospitalariesmartorell.org\/entre-tots\/category\/entre-noticies\/\" rel=\"category tag\">ENTRE NOT\u00cdCIES<\/a>","author_info_v2":{"name":"Sagrat Cor","url":"https:\/\/fundaciohospitalariesmartorell.org\/entre-tots\/author\/daniel\/"},"comments_num_v2":"0 comments","_links":{"self":[{"href":"https:\/\/fundaciohospitalariesmartorell.org\/entre-tots\/wp-json\/wp\/v2\/posts\/9018","targetHints":{"allow":["GET"]}}],"collection":[{"href":"https:\/\/fundaciohospitalariesmartorell.org\/entre-tots\/wp-json\/wp\/v2\/posts"}],"about":[{"href":"https:\/\/fundaciohospitalariesmartorell.org\/entre-tots\/wp-json\/wp\/v2\/types\/post"}],"author":[{"embeddable":true,"href":"https:\/\/fundaciohospitalariesmartorell.org\/entre-tots\/wp-json\/wp\/v2\/users\/2"}],"replies":[{"embeddable":true,"href":"https:\/\/fundaciohospitalariesmartorell.org\/entre-tots\/wp-json\/wp\/v2\/comments?post=9018"}],"version-history":[{"count":3,"href":"https:\/\/fundaciohospitalariesmartorell.org\/entre-tots\/wp-json\/wp\/v2\/posts\/9018\/revisions"}],"predecessor-version":[{"id":9028,"href":"https:\/\/fundaciohospitalariesmartorell.org\/entre-tots\/wp-json\/wp\/v2\/posts\/9018\/revisions\/9028"}],"wp:attachment":[{"href":"https:\/\/fundaciohospitalariesmartorell.org\/entre-tots\/wp-json\/wp\/v2\/media?parent=9018"}],"wp:term":[{"taxonomy":"category","embeddable":true,"href":"https:\/\/fundaciohospitalariesmartorell.org\/entre-tots\/wp-json\/wp\/v2\/categories?post=9018"},{"taxonomy":"post_tag","embeddable":true,"href":"https:\/\/fundaciohospitalariesmartorell.org\/entre-tots\/wp-json\/wp\/v2\/tags?post=9018"}],"curies":[{"name":"wp","href":"https:\/\/api.w.org\/{rel}","templated":true}]}}