{"id":9059,"date":"2024-04-29T08:50:58","date_gmt":"2024-04-29T07:50:58","guid":{"rendered":"https:\/\/hospitalsagratcormartorell.org\/entre-tots\/?p=9059"},"modified":"2024-04-30T08:41:24","modified_gmt":"2024-04-30T07:41:24","slug":"el-mes-hospitalari-convida-a-coneixer-i-seguir-els-passos-de-sant-benito-menni","status":"publish","type":"post","link":"https:\/\/fundaciohospitalariesmartorell.org\/entre-tots\/2024\/04\/el-mes-hospitalari-convida-a-coneixer-i-seguir-els-passos-de-sant-benito-menni\/","title":{"rendered":"El Mes Hospitalari convida a con\u00e8ixer i seguir els passos de Sant Benito Menni"},"content":{"rendered":"<figure style=\"aspect-ratio:auto; padding-top:0;padding-bottom:0;\" class=\"wp-block-post-featured-image\"><img loading=\"lazy\" decoding=\"async\" width=\"2000\" height=\"1500\" src=\"https:\/\/fundaciohospitalariesmartorell.org\/entre-tots\/wp-content\/uploads\/2024\/04\/Egoiz.jpg\" class=\"attachment-post-thumbnail size-post-thumbnail wp-post-image\" alt=\"\" style=\"width:100%;height:100%;object-fit:cover;\" srcset=\"https:\/\/fundaciohospitalariesmartorell.org\/entre-tots\/wp-content\/uploads\/2024\/04\/Egoiz.jpg 2000w, https:\/\/fundaciohospitalariesmartorell.org\/entre-tots\/wp-content\/uploads\/2024\/04\/Egoiz-300x225.jpg 300w, https:\/\/fundaciohospitalariesmartorell.org\/entre-tots\/wp-content\/uploads\/2024\/04\/Egoiz-1024x768.jpg 1024w, https:\/\/fundaciohospitalariesmartorell.org\/entre-tots\/wp-content\/uploads\/2024\/04\/Egoiz-768x576.jpg 768w, https:\/\/fundaciohospitalariesmartorell.org\/entre-tots\/wp-content\/uploads\/2024\/04\/Egoiz-1536x1152.jpg 1536w, https:\/\/fundaciohospitalariesmartorell.org\/entre-tots\/wp-content\/uploads\/2024\/04\/Egoiz-1320x990.jpg 1320w\" sizes=\"auto, (max-width: 2000px) 100vw, 2000px\" \/><\/figure>\n\n\n<p>El programa d\u2019actes del Mes Hospitalari el va inaugurar la confer\u00e8ncia &#8220;Una altra mirada avui&#8221;, de la m\u00e0 d\u2019Egoitz Zabala, pastoralista de l&#8217;Hospital Aita Menni, Mondrag\u00f3. Egoiz va recordar la biografia de Benito Menni i va homenatjar les primeres germanes que van fundar la Congregaci\u00f3. Ens va recordar que &#8220;la vulnerabilitat era el motor de Benito Menni i ens correspon a nosaltres saber mirar el nostre entorn per detectar les necessitats actuals, trencar la invisibilitzaci\u00f3 de les persones m\u00e9s fr\u00e0gils i mobilitzar per a transformar la societat. La pena i la indifer\u00e8ncia no ens porten enlloc. El que realment dona fruits \u00e9s l&#8217;Hospitalitat&#8221;.<\/p>\n\n\n\n<figure class=\"wp-block-image size-large\"><img loading=\"lazy\" decoding=\"async\" width=\"768\" height=\"1024\" src=\"https:\/\/hospitalsagratcormartorell.org\/entre-tots\/wp-content\/uploads\/2024\/04\/Egoiz2-768x1024.jpg\" alt=\"\" class=\"wp-image-9067\" srcset=\"https:\/\/fundaciohospitalariesmartorell.org\/entre-tots\/wp-content\/uploads\/2024\/04\/Egoiz2-768x1024.jpg 768w, https:\/\/fundaciohospitalariesmartorell.org\/entre-tots\/wp-content\/uploads\/2024\/04\/Egoiz2-225x300.jpg 225w, https:\/\/fundaciohospitalariesmartorell.org\/entre-tots\/wp-content\/uploads\/2024\/04\/Egoiz2-1152x1536.jpg 1152w, https:\/\/fundaciohospitalariesmartorell.org\/entre-tots\/wp-content\/uploads\/2024\/04\/Egoiz2-1320x1760.jpg 1320w, https:\/\/fundaciohospitalariesmartorell.org\/entre-tots\/wp-content\/uploads\/2024\/04\/Egoiz2.jpg 1500w\" sizes=\"auto, (max-width: 768px) 100vw, 768px\" \/><\/figure>\n\n\n\n<p>D&#8217;altra banda, el dia 18 d&#8217;abril el grup de voluntaris Los Iluminados de la Fundaci\u00f3 Ana Ribot de Pallej\u00e0 van interpretar el sainet &#8220;La Consulta del Dr. Buenestado&#8221;. Hi van assistir persones usu\u00e0ries de diverses unitats de l&#8217;Hospital, aix\u00ed com familiars i germanes, que van gaudir de l&#8217;actuaci\u00f3 i van passar una estona agradable.<\/p>\n\n\n\n<p>Les persones volunt\u00e0ries del nostre centre no nom\u00e9s van acompanyar els i les pacients, sin\u00f3 que tamb\u00e9 van celebrar una trobada molt enriquidora amb els voluntaris de la Fundaci\u00f3 Ana Ribot. Sor Isabel Bl\u00e1zquez, superiora del centre, els va donar la benvinguda, mentre que Sandra Morillas, coordinadora del voluntariat de la Fundaci\u00f3 Ana Ribot, va presentar el grup i va fer una breu explicaci\u00f3 de l&#8217;obra. Al final de l&#8217;acte es va lliurar un diploma d&#8217;agra\u00efment i es va compartir un refrigeri.<\/p>\n\n\n\n<figure class=\"wp-block-image size-large\"><img loading=\"lazy\" decoding=\"async\" width=\"1024\" height=\"473\" src=\"https:\/\/hospitalsagratcormartorell.org\/entre-tots\/wp-content\/uploads\/2024\/04\/Doctor-Buenestado-1024x473.jpg\" alt=\"\" class=\"wp-image-9065\" srcset=\"https:\/\/fundaciohospitalariesmartorell.org\/entre-tots\/wp-content\/uploads\/2024\/04\/Doctor-Buenestado-1024x473.jpg 1024w, https:\/\/fundaciohospitalariesmartorell.org\/entre-tots\/wp-content\/uploads\/2024\/04\/Doctor-Buenestado-300x138.jpg 300w, https:\/\/fundaciohospitalariesmartorell.org\/entre-tots\/wp-content\/uploads\/2024\/04\/Doctor-Buenestado-768x354.jpg 768w, https:\/\/fundaciohospitalariesmartorell.org\/entre-tots\/wp-content\/uploads\/2024\/04\/Doctor-Buenestado-1536x709.jpg 1536w, https:\/\/fundaciohospitalariesmartorell.org\/entre-tots\/wp-content\/uploads\/2024\/04\/Doctor-Buenestado-1320x609.jpg 1320w, https:\/\/fundaciohospitalariesmartorell.org\/entre-tots\/wp-content\/uploads\/2024\/04\/Doctor-Buenestado.jpg 1920w\" sizes=\"auto, (max-width: 1024px) 100vw, 1024px\" \/><\/figure>\n","protected":false},"excerpt":{"rendered":"<p>El programa d\u2019actes del Mes Hospitalari el va inaugurar la confer\u00e8ncia &#8220;Una altra mirada avui&#8221;, de la m\u00e0 d\u2019Egoitz Zabala, pastoralista de l&#8217;Hospital Aita Menni, Mondrag\u00f3. Egoiz va recordar la biografia de Benito Menni i va homenatjar les primeres germanes que van fundar la Congregaci\u00f3. Ens va recordar que &#8220;la vulnerabilitat era el motor de [&hellip;]<\/p>\n","protected":false},"author":2,"featured_media":9066,"comment_status":"closed","ping_status":"closed","sticky":false,"template":"","format":"standard","meta":{"footnotes":""},"categories":[27],"tags":[],"class_list":["post-9059","post","type-post","status-publish","format-standard","has-post-thumbnail","hentry","category-actualitat"],"blocksy_meta":{"styles_descriptor":{"styles":{"desktop":"","tablet":"","mobile":""},"google_fonts":[],"version":6}},"featured_image_urls_v2":{"full":["https:\/\/fundaciohospitalariesmartorell.org\/entre-tots\/wp-content\/uploads\/2024\/04\/Egoiz.jpg",2000,1500,false],"thumbnail":["https:\/\/fundaciohospitalariesmartorell.org\/entre-tots\/wp-content\/uploads\/2024\/04\/Egoiz-150x150.jpg",150,150,true],"medium":["https:\/\/fundaciohospitalariesmartorell.org\/entre-tots\/wp-content\/uploads\/2024\/04\/Egoiz-300x225.jpg",300,225,true],"medium_large":["https:\/\/fundaciohospitalariesmartorell.org\/entre-tots\/wp-content\/uploads\/2024\/04\/Egoiz-768x576.jpg",768,576,true],"large":["https:\/\/fundaciohospitalariesmartorell.org\/entre-tots\/wp-content\/uploads\/2024\/04\/Egoiz-1024x768.jpg",1024,768,true],"1536x1536":["https:\/\/fundaciohospitalariesmartorell.org\/entre-tots\/wp-content\/uploads\/2024\/04\/Egoiz-1536x1152.jpg",1536,1152,true],"2048x2048":["https:\/\/fundaciohospitalariesmartorell.org\/entre-tots\/wp-content\/uploads\/2024\/04\/Egoiz.jpg",2000,1500,false],"mailpoet_newsletter_max":["https:\/\/fundaciohospitalariesmartorell.org\/entre-tots\/wp-content\/uploads\/2024\/04\/Egoiz-1320x990.jpg",1320,990,true]},"post_excerpt_stackable_v2":"<p>El programa d\u2019actes del Mes Hospitalari el va inaugurar la confer\u00e8ncia &#8220;Una altra mirada avui&#8221;, de la m\u00e0 d\u2019Egoitz Zabala, pastoralista de l&#8217;Hospital Aita Menni, Mondrag\u00f3. Egoiz va recordar la biografia de Benito Menni i va homenatjar les primeres germanes que van fundar la Congregaci\u00f3. Ens va recordar que &#8220;la vulnerabilitat era el motor de Benito Menni i ens correspon a nosaltres saber mirar el nostre entorn per detectar les necessitats actuals, trencar la invisibilitzaci\u00f3 de les persones m\u00e9s fr\u00e0gils i mobilitzar per a transformar la societat. La pena i la indifer\u00e8ncia no ens porten enlloc. El que realment dona&hellip;<\/p>\n","category_list_v2":"<a href=\"https:\/\/fundaciohospitalariesmartorell.org\/entre-tots\/category\/actualitat\/\" rel=\"category tag\">ACTUALITAT<\/a>","author_info_v2":{"name":"Sagrat Cor","url":"https:\/\/fundaciohospitalariesmartorell.org\/entre-tots\/author\/daniel\/"},"comments_num_v2":"0 comments","_links":{"self":[{"href":"https:\/\/fundaciohospitalariesmartorell.org\/entre-tots\/wp-json\/wp\/v2\/posts\/9059","targetHints":{"allow":["GET"]}}],"collection":[{"href":"https:\/\/fundaciohospitalariesmartorell.org\/entre-tots\/wp-json\/wp\/v2\/posts"}],"about":[{"href":"https:\/\/fundaciohospitalariesmartorell.org\/entre-tots\/wp-json\/wp\/v2\/types\/post"}],"author":[{"embeddable":true,"href":"https:\/\/fundaciohospitalariesmartorell.org\/entre-tots\/wp-json\/wp\/v2\/users\/2"}],"replies":[{"embeddable":true,"href":"https:\/\/fundaciohospitalariesmartorell.org\/entre-tots\/wp-json\/wp\/v2\/comments?post=9059"}],"version-history":[{"count":12,"href":"https:\/\/fundaciohospitalariesmartorell.org\/entre-tots\/wp-json\/wp\/v2\/posts\/9059\/revisions"}],"predecessor-version":[{"id":9112,"href":"https:\/\/fundaciohospitalariesmartorell.org\/entre-tots\/wp-json\/wp\/v2\/posts\/9059\/revisions\/9112"}],"wp:featuredmedia":[{"embeddable":true,"href":"https:\/\/fundaciohospitalariesmartorell.org\/entre-tots\/wp-json\/wp\/v2\/media\/9066"}],"wp:attachment":[{"href":"https:\/\/fundaciohospitalariesmartorell.org\/entre-tots\/wp-json\/wp\/v2\/media?parent=9059"}],"wp:term":[{"taxonomy":"category","embeddable":true,"href":"https:\/\/fundaciohospitalariesmartorell.org\/entre-tots\/wp-json\/wp\/v2\/categories?post=9059"},{"taxonomy":"post_tag","embeddable":true,"href":"https:\/\/fundaciohospitalariesmartorell.org\/entre-tots\/wp-json\/wp\/v2\/tags?post=9059"}],"curies":[{"name":"wp","href":"https:\/\/api.w.org\/{rel}","templated":true}]}}