{"id":9092,"date":"2024-04-29T11:04:52","date_gmt":"2024-04-29T10:04:52","guid":{"rendered":"https:\/\/hospitalsagratcormartorell.org\/entre-tots\/?p=9092"},"modified":"2024-04-29T11:05:59","modified_gmt":"2024-04-29T10:05:59","slug":"entrevista-amb-roberto-narvaiz-a-radio-maria","status":"publish","type":"post","link":"https:\/\/fundaciohospitalariesmartorell.org\/entre-tots\/2024\/04\/entrevista-amb-roberto-narvaiz-a-radio-maria\/","title":{"rendered":"Entrevista amb Roberto Narvaiz a Radio Mar\u00eda"},"content":{"rendered":"\n<p>Roberto Narvaiz, coordinador del Servei d\u2019Atenci\u00f3 Espiritual i Religiosa (PAER) de l\u2019Hospital Sagrat Cor, va ser entrevistat a Radio Mar\u00eda per parlar de la celebraci\u00f3 del vint-i-cinqu\u00e8 aniversari de la canonitzaci\u00f3 de Sant Benito Menni. Podeu escoltar l&#8217;entrevista <a href=\"https:\/\/hospitalsagratcormartorell.org\/entre-tots\/wp-content\/uploads\/2024\/04\/20240418-Radio-Maria_low.mp3\">aqu\u00ed<\/a>.<\/p>\n","protected":false},"excerpt":{"rendered":"<p>Roberto Narvaiz, coordinador del Servei d\u2019Atenci\u00f3 Espiritual i Religiosa (PAER) de l\u2019Hospital Sagrat Cor, va ser entrevistat a Radio Mar\u00eda per parlar de la celebraci\u00f3 del vint-i-cinqu\u00e8 aniversari de la canonitzaci\u00f3 de Sant Benito Menni. Podeu escoltar l&#8217;entrevista aqu\u00ed.<\/p>\n","protected":false},"author":3,"featured_media":0,"comment_status":"closed","ping_status":"closed","sticky":false,"template":"","format":"standard","meta":{"footnotes":""},"categories":[44],"tags":[],"class_list":["post-9092","post","type-post","status-publish","format-standard","hentry","category-entre-noticies"],"blocksy_meta":[],"featured_image_urls_v2":{"full":"","thumbnail":"","medium":"","medium_large":"","large":"","1536x1536":"","2048x2048":"","mailpoet_newsletter_max":""},"post_excerpt_stackable_v2":"<p>Roberto Narvaiz, coordinador del Servei d\u2019Atenci\u00f3 Espiritual i Religiosa (PAER) de l\u2019Hospital Sagrat Cor, va ser entrevistat a Radio Mar\u00eda per parlar de la celebraci\u00f3 del vint-i-cinqu\u00e8 aniversari de la canonitzaci\u00f3 de Sant Benito Menni. Podeu escoltar l&#8217;entrevista aqu\u00ed.<\/p>\n","category_list_v2":"<a href=\"https:\/\/fundaciohospitalariesmartorell.org\/entre-tots\/category\/entre-noticies\/\" rel=\"category tag\">ENTRE NOT\u00cdCIES<\/a>","author_info_v2":{"name":"Anna Casanovas","url":"https:\/\/fundaciohospitalariesmartorell.org\/entre-tots\/author\/acasanovasr\/"},"comments_num_v2":"0 comments","_links":{"self":[{"href":"https:\/\/fundaciohospitalariesmartorell.org\/entre-tots\/wp-json\/wp\/v2\/posts\/9092","targetHints":{"allow":["GET"]}}],"collection":[{"href":"https:\/\/fundaciohospitalariesmartorell.org\/entre-tots\/wp-json\/wp\/v2\/posts"}],"about":[{"href":"https:\/\/fundaciohospitalariesmartorell.org\/entre-tots\/wp-json\/wp\/v2\/types\/post"}],"author":[{"embeddable":true,"href":"https:\/\/fundaciohospitalariesmartorell.org\/entre-tots\/wp-json\/wp\/v2\/users\/3"}],"replies":[{"embeddable":true,"href":"https:\/\/fundaciohospitalariesmartorell.org\/entre-tots\/wp-json\/wp\/v2\/comments?post=9092"}],"version-history":[{"count":1,"href":"https:\/\/fundaciohospitalariesmartorell.org\/entre-tots\/wp-json\/wp\/v2\/posts\/9092\/revisions"}],"predecessor-version":[{"id":9093,"href":"https:\/\/fundaciohospitalariesmartorell.org\/entre-tots\/wp-json\/wp\/v2\/posts\/9092\/revisions\/9093"}],"wp:attachment":[{"href":"https:\/\/fundaciohospitalariesmartorell.org\/entre-tots\/wp-json\/wp\/v2\/media?parent=9092"}],"wp:term":[{"taxonomy":"category","embeddable":true,"href":"https:\/\/fundaciohospitalariesmartorell.org\/entre-tots\/wp-json\/wp\/v2\/categories?post=9092"},{"taxonomy":"post_tag","embeddable":true,"href":"https:\/\/fundaciohospitalariesmartorell.org\/entre-tots\/wp-json\/wp\/v2\/tags?post=9092"}],"curies":[{"name":"wp","href":"https:\/\/api.w.org\/{rel}","templated":true}]}}