{"id":9094,"date":"2024-04-29T11:08:39","date_gmt":"2024-04-29T10:08:39","guid":{"rendered":"https:\/\/hospitalsagratcormartorell.org\/entre-tots\/?p=9094"},"modified":"2024-04-29T11:09:25","modified_gmt":"2024-04-29T10:09:25","slug":"les-germanes-hospitalaries-celebren-els-25-anys-de-la-canonitzacio-de-sant-benito-menni","status":"publish","type":"post","link":"https:\/\/fundaciohospitalariesmartorell.org\/entre-tots\/2024\/04\/les-germanes-hospitalaries-celebren-els-25-anys-de-la-canonitzacio-de-sant-benito-menni\/","title":{"rendered":"Les Germanes Hospital\u00e0ries celebren els 25 anys de la canonitzaci\u00f3 de Sant Benito Menni"},"content":{"rendered":"\n<figure class=\"wp-block-image size-large\"><img loading=\"lazy\" decoding=\"async\" width=\"1024\" height=\"432\" src=\"https:\/\/hospitalsagratcormartorell.org\/entre-tots\/wp-content\/uploads\/2024\/04\/Captura-de-pantalla-2024-04-29-a-las-12.08.02-1024x432.png\" alt=\"\" class=\"wp-image-9095\" srcset=\"https:\/\/fundaciohospitalariesmartorell.org\/entre-tots\/wp-content\/uploads\/2024\/04\/Captura-de-pantalla-2024-04-29-a-las-12.08.02-1024x432.png 1024w, https:\/\/fundaciohospitalariesmartorell.org\/entre-tots\/wp-content\/uploads\/2024\/04\/Captura-de-pantalla-2024-04-29-a-las-12.08.02-300x127.png 300w, https:\/\/fundaciohospitalariesmartorell.org\/entre-tots\/wp-content\/uploads\/2024\/04\/Captura-de-pantalla-2024-04-29-a-las-12.08.02-768x324.png 768w, https:\/\/fundaciohospitalariesmartorell.org\/entre-tots\/wp-content\/uploads\/2024\/04\/Captura-de-pantalla-2024-04-29-a-las-12.08.02-1536x649.png 1536w, https:\/\/fundaciohospitalariesmartorell.org\/entre-tots\/wp-content\/uploads\/2024\/04\/Captura-de-pantalla-2024-04-29-a-las-12.08.02-2048x865.png 2048w, https:\/\/fundaciohospitalariesmartorell.org\/entre-tots\/wp-content\/uploads\/2024\/04\/Captura-de-pantalla-2024-04-29-a-las-12.08.02-1320x557.png 1320w\" sizes=\"auto, (max-width: 1024px) 100vw, 1024px\" \/><\/figure>\n\n\n\n<p>Al mitj\u00e0 Catalunya Religi\u00f3, es van fer ress\u00f2 de la celebraci\u00f3 del vint-i-cinqu\u00e8 aniversari de la canonitzaci\u00f3 de Sant Benito Menni. A la not\u00edcia, van explicar la import\u00e0ncia d\u2019aquesta canonitzaci\u00f3 per a la congregaci\u00f3 de Germanes Hospital\u00e0ries i van fer un resum de l\u2019obra de Sant Benito Menni.<\/p>\n\n\n\n<p><a href=\"https:\/\/www.catalunyareligio.cat\/ca\/germanes-hospitalaries-celebren-25-anys\">https:\/\/www.catalunyareligio.cat\/ca\/germanes-hospitalaries-celebren-25-anys<\/a><\/p>\n\n\n\n<p><\/p>\n","protected":false},"excerpt":{"rendered":"<p>Al mitj\u00e0 Catalunya Religi\u00f3, es van fer ress\u00f2 de la celebraci\u00f3 del vint-i-cinqu\u00e8 aniversari de la canonitzaci\u00f3 de Sant Benito Menni. A la not\u00edcia, van explicar la import\u00e0ncia d\u2019aquesta canonitzaci\u00f3 per a la congregaci\u00f3 de Germanes Hospital\u00e0ries i van fer un resum de l\u2019obra de Sant Benito Menni. https:\/\/www.catalunyareligio.cat\/ca\/germanes-hospitalaries-celebren-25-anys<\/p>\n","protected":false},"author":3,"featured_media":0,"comment_status":"closed","ping_status":"closed","sticky":false,"template":"","format":"standard","meta":{"footnotes":""},"categories":[44],"tags":[],"class_list":["post-9094","post","type-post","status-publish","format-standard","hentry","category-entre-noticies"],"blocksy_meta":[],"featured_image_urls_v2":{"full":"","thumbnail":"","medium":"","medium_large":"","large":"","1536x1536":"","2048x2048":"","mailpoet_newsletter_max":""},"post_excerpt_stackable_v2":"<p>Al mitj\u00e0 Catalunya Religi\u00f3, es van fer ress\u00f2 de la celebraci\u00f3 del vint-i-cinqu\u00e8 aniversari de la canonitzaci\u00f3 de Sant Benito Menni. A la not\u00edcia, van explicar la import\u00e0ncia d\u2019aquesta canonitzaci\u00f3 per a la congregaci\u00f3 de Germanes Hospital\u00e0ries i van fer un resum de l\u2019obra de Sant Benito Menni. https:\/\/www.catalunyareligio.cat\/ca\/germanes-hospitalaries-celebren-25-anys<\/p>\n","category_list_v2":"<a href=\"https:\/\/fundaciohospitalariesmartorell.org\/entre-tots\/category\/entre-noticies\/\" rel=\"category tag\">ENTRE NOT\u00cdCIES<\/a>","author_info_v2":{"name":"Anna Casanovas","url":"https:\/\/fundaciohospitalariesmartorell.org\/entre-tots\/author\/acasanovasr\/"},"comments_num_v2":"0 comments","_links":{"self":[{"href":"https:\/\/fundaciohospitalariesmartorell.org\/entre-tots\/wp-json\/wp\/v2\/posts\/9094","targetHints":{"allow":["GET"]}}],"collection":[{"href":"https:\/\/fundaciohospitalariesmartorell.org\/entre-tots\/wp-json\/wp\/v2\/posts"}],"about":[{"href":"https:\/\/fundaciohospitalariesmartorell.org\/entre-tots\/wp-json\/wp\/v2\/types\/post"}],"author":[{"embeddable":true,"href":"https:\/\/fundaciohospitalariesmartorell.org\/entre-tots\/wp-json\/wp\/v2\/users\/3"}],"replies":[{"embeddable":true,"href":"https:\/\/fundaciohospitalariesmartorell.org\/entre-tots\/wp-json\/wp\/v2\/comments?post=9094"}],"version-history":[{"count":1,"href":"https:\/\/fundaciohospitalariesmartorell.org\/entre-tots\/wp-json\/wp\/v2\/posts\/9094\/revisions"}],"predecessor-version":[{"id":9096,"href":"https:\/\/fundaciohospitalariesmartorell.org\/entre-tots\/wp-json\/wp\/v2\/posts\/9094\/revisions\/9096"}],"wp:attachment":[{"href":"https:\/\/fundaciohospitalariesmartorell.org\/entre-tots\/wp-json\/wp\/v2\/media?parent=9094"}],"wp:term":[{"taxonomy":"category","embeddable":true,"href":"https:\/\/fundaciohospitalariesmartorell.org\/entre-tots\/wp-json\/wp\/v2\/categories?post=9094"},{"taxonomy":"post_tag","embeddable":true,"href":"https:\/\/fundaciohospitalariesmartorell.org\/entre-tots\/wp-json\/wp\/v2\/tags?post=9094"}],"curies":[{"name":"wp","href":"https:\/\/api.w.org\/{rel}","templated":true}]}}