{"id":9106,"date":"2024-04-30T08:33:53","date_gmt":"2024-04-30T07:33:53","guid":{"rendered":"https:\/\/hospitalsagratcormartorell.org\/entre-tots\/?p=9106"},"modified":"2024-04-30T08:38:14","modified_gmt":"2024-04-30T07:38:14","slug":"celebracio-de-sant-benito-menni-a-lhospital-sagrat-cor-2","status":"publish","type":"post","link":"https:\/\/fundaciohospitalariesmartorell.org\/entre-tots\/2024\/04\/celebracio-de-sant-benito-menni-a-lhospital-sagrat-cor-2\/","title":{"rendered":"Celebraci\u00f3 de Sant Benito Menni a l\u2019Hospital Sagrat Cor"},"content":{"rendered":"<figure style=\"aspect-ratio:auto; padding-top:0;padding-bottom:0;\" class=\"wp-block-post-featured-image\"><img loading=\"lazy\" decoding=\"async\" width=\"2560\" height=\"1920\" src=\"https:\/\/fundaciohospitalariesmartorell.org\/entre-tots\/wp-content\/uploads\/2024\/04\/IMG_20240424_111036-scaled.jpg\" class=\"attachment-post-thumbnail size-post-thumbnail wp-post-image\" alt=\"\" style=\"width:100%;height:100%;object-fit:cover;\" srcset=\"https:\/\/fundaciohospitalariesmartorell.org\/entre-tots\/wp-content\/uploads\/2024\/04\/IMG_20240424_111036-scaled.jpg 2560w, https:\/\/fundaciohospitalariesmartorell.org\/entre-tots\/wp-content\/uploads\/2024\/04\/IMG_20240424_111036-300x225.jpg 300w, https:\/\/fundaciohospitalariesmartorell.org\/entre-tots\/wp-content\/uploads\/2024\/04\/IMG_20240424_111036-1024x768.jpg 1024w, https:\/\/fundaciohospitalariesmartorell.org\/entre-tots\/wp-content\/uploads\/2024\/04\/IMG_20240424_111036-768x576.jpg 768w, https:\/\/fundaciohospitalariesmartorell.org\/entre-tots\/wp-content\/uploads\/2024\/04\/IMG_20240424_111036-1536x1152.jpg 1536w, https:\/\/fundaciohospitalariesmartorell.org\/entre-tots\/wp-content\/uploads\/2024\/04\/IMG_20240424_111036-2048x1536.jpg 2048w, https:\/\/fundaciohospitalariesmartorell.org\/entre-tots\/wp-content\/uploads\/2024\/04\/IMG_20240424_111036-1320x990.jpg 1320w\" sizes=\"auto, (max-width: 2560px) 100vw, 2560px\" \/><\/figure>\n\n\n<p>Un dia espl\u00e8ndid ens va acompanyar durant la celebraci\u00f3 de la Festivitat de Sant Benito Menni, el passat 24 d&#8217;abril. Els actes van iniciar-se amb l&#8217;eucaristia en honor al nostre fundador a l&#8217;esgl\u00e9sia de l&#8217;Hospital Sagrat Cor a Martorell. L&#8217;ofici va ser presidit pel Germ\u00e0 Miguel Mart\u00edn, qui va reflexionar sobre la vida de Sant Benito Menni des d&#8217;una perspectiva pasqual, establint una analogia entre les adversitats que va enfrontar el nostre fundador, sempre entre la vida i la mort, lluitant contra les cal\u00famnies internes i externes pel seu esperit emprenedor, i la vida de Jes\u00fas. La celebraci\u00f3 va comptar amb l&#8217;animaci\u00f3 musical de la Coral Cor i un petit grup d&#8217;usu\u00e0ries de la unitat de recuperaci\u00f3 de trastorns conducta aliment\u00e0ria (UR-TCA) va tancar la celebraci\u00f3 cantant una can\u00e7\u00f3 plena d&#8217;esperan\u00e7a: &#8220;Eso que t\u00fa me das&#8221;, de Pau Don\u00e9s.<\/p>\n\n\n\n<figure class=\"wp-block-gallery has-nested-images columns-2 is-cropped wp-block-gallery-1 is-layout-flex wp-block-gallery-is-layout-flex\">\n<figure class=\"wp-block-image size-large\"><img loading=\"lazy\" decoding=\"async\" width=\"1024\" height=\"768\" data-id=\"9070\" src=\"https:\/\/hospitalsagratcormartorell.org\/entre-tots\/wp-content\/uploads\/2024\/04\/IMG_20240424_120942-1024x768.jpg\" alt=\"\" class=\"wp-image-9070\" srcset=\"https:\/\/fundaciohospitalariesmartorell.org\/entre-tots\/wp-content\/uploads\/2024\/04\/IMG_20240424_120942-1024x768.jpg 1024w, https:\/\/fundaciohospitalariesmartorell.org\/entre-tots\/wp-content\/uploads\/2024\/04\/IMG_20240424_120942-300x225.jpg 300w, https:\/\/fundaciohospitalariesmartorell.org\/entre-tots\/wp-content\/uploads\/2024\/04\/IMG_20240424_120942-768x576.jpg 768w, https:\/\/fundaciohospitalariesmartorell.org\/entre-tots\/wp-content\/uploads\/2024\/04\/IMG_20240424_120942-1536x1152.jpg 1536w, https:\/\/fundaciohospitalariesmartorell.org\/entre-tots\/wp-content\/uploads\/2024\/04\/IMG_20240424_120942-2048x1536.jpg 2048w, https:\/\/fundaciohospitalariesmartorell.org\/entre-tots\/wp-content\/uploads\/2024\/04\/IMG_20240424_120942-1320x990.jpg 1320w\" sizes=\"auto, (max-width: 1024px) 100vw, 1024px\" \/><\/figure>\n\n\n\n<figure class=\"wp-block-image size-large\"><img loading=\"lazy\" decoding=\"async\" width=\"1024\" height=\"768\" data-id=\"9069\" src=\"https:\/\/hospitalsagratcormartorell.org\/entre-tots\/wp-content\/uploads\/2024\/04\/IMG_20240424_115253-1024x768.jpg\" alt=\"\" class=\"wp-image-9069\" srcset=\"https:\/\/fundaciohospitalariesmartorell.org\/entre-tots\/wp-content\/uploads\/2024\/04\/IMG_20240424_115253-1024x768.jpg 1024w, https:\/\/fundaciohospitalariesmartorell.org\/entre-tots\/wp-content\/uploads\/2024\/04\/IMG_20240424_115253-300x225.jpg 300w, https:\/\/fundaciohospitalariesmartorell.org\/entre-tots\/wp-content\/uploads\/2024\/04\/IMG_20240424_115253-768x576.jpg 768w, https:\/\/fundaciohospitalariesmartorell.org\/entre-tots\/wp-content\/uploads\/2024\/04\/IMG_20240424_115253-1536x1152.jpg 1536w, https:\/\/fundaciohospitalariesmartorell.org\/entre-tots\/wp-content\/uploads\/2024\/04\/IMG_20240424_115253-2048x1536.jpg 2048w, https:\/\/fundaciohospitalariesmartorell.org\/entre-tots\/wp-content\/uploads\/2024\/04\/IMG_20240424_115253-1320x990.jpg 1320w\" sizes=\"auto, (max-width: 1024px) 100vw, 1024px\" \/><\/figure>\n<\/figure>\n\n\n\n<p>La germana Superiora, Sor Isabel Bl\u00e1zquez, va recordar que el mateix dia, gaireb\u00e9 a la mateixa hora, es posava en marxa el <a href=\"https:\/\/www.capitulogeneralhospitalarias.org\/\" target=\"_blank\" rel=\"noreferrer noopener\">Cap\u00edtol General<\/a>, un moment clau en la vida de les Germanes Hospital\u00e0ries on s&#8217;examinar\u00e0 el cam\u00ed recorregut durant el sexenni i reflexionaran sobre la direcci\u00f3 que ha de prendre la Congregaci\u00f3 i l&#8217;obra apost\u00f2lica en els pr\u00f2xims sis anys.<\/p>\n\n\n\n<p>Seguidament, va tenir lloc una sessi\u00f3 esportiva dirigida per Sport2live on persones usu\u00e0ries i personal col\u00b7laborador van ballar diferents ritmes.<\/p>\n\n\n\n<p>L&#8217;acte va cloure amb un refrigeri.<\/p>\n\n\n\n<figure class=\"wp-block-gallery has-nested-images columns-2 is-cropped wp-block-gallery-2 is-layout-flex wp-block-gallery-is-layout-flex\">\n<figure class=\"wp-block-image size-large\"><img loading=\"lazy\" decoding=\"async\" width=\"1024\" height=\"768\" data-id=\"9072\" src=\"https:\/\/hospitalsagratcormartorell.org\/entre-tots\/wp-content\/uploads\/2024\/04\/IMG_20240424_125456-1024x768.jpg\" alt=\"\" class=\"wp-image-9072\" srcset=\"https:\/\/fundaciohospitalariesmartorell.org\/entre-tots\/wp-content\/uploads\/2024\/04\/IMG_20240424_125456-1024x768.jpg 1024w, https:\/\/fundaciohospitalariesmartorell.org\/entre-tots\/wp-content\/uploads\/2024\/04\/IMG_20240424_125456-300x225.jpg 300w, https:\/\/fundaciohospitalariesmartorell.org\/entre-tots\/wp-content\/uploads\/2024\/04\/IMG_20240424_125456-768x576.jpg 768w, https:\/\/fundaciohospitalariesmartorell.org\/entre-tots\/wp-content\/uploads\/2024\/04\/IMG_20240424_125456-1536x1152.jpg 1536w, https:\/\/fundaciohospitalariesmartorell.org\/entre-tots\/wp-content\/uploads\/2024\/04\/IMG_20240424_125456-2048x1536.jpg 2048w, https:\/\/fundaciohospitalariesmartorell.org\/entre-tots\/wp-content\/uploads\/2024\/04\/IMG_20240424_125456-1320x990.jpg 1320w\" sizes=\"auto, (max-width: 1024px) 100vw, 1024px\" \/><\/figure>\n\n\n\n<figure class=\"wp-block-image size-large\"><img loading=\"lazy\" decoding=\"async\" width=\"1024\" height=\"768\" data-id=\"9071\" src=\"https:\/\/hospitalsagratcormartorell.org\/entre-tots\/wp-content\/uploads\/2024\/04\/IMG_20240424_123924-1024x768.jpg\" alt=\"\" class=\"wp-image-9071\" srcset=\"https:\/\/fundaciohospitalariesmartorell.org\/entre-tots\/wp-content\/uploads\/2024\/04\/IMG_20240424_123924-1024x768.jpg 1024w, https:\/\/fundaciohospitalariesmartorell.org\/entre-tots\/wp-content\/uploads\/2024\/04\/IMG_20240424_123924-300x225.jpg 300w, https:\/\/fundaciohospitalariesmartorell.org\/entre-tots\/wp-content\/uploads\/2024\/04\/IMG_20240424_123924-768x576.jpg 768w, https:\/\/fundaciohospitalariesmartorell.org\/entre-tots\/wp-content\/uploads\/2024\/04\/IMG_20240424_123924-1536x1152.jpg 1536w, https:\/\/fundaciohospitalariesmartorell.org\/entre-tots\/wp-content\/uploads\/2024\/04\/IMG_20240424_123924-2048x1536.jpg 2048w, https:\/\/fundaciohospitalariesmartorell.org\/entre-tots\/wp-content\/uploads\/2024\/04\/IMG_20240424_123924-1320x990.jpg 1320w\" sizes=\"auto, (max-width: 1024px) 100vw, 1024px\" \/><\/figure>\n<\/figure>\n\n\n\n<p>D&#8217;altra banda, el mateix 24 d&#8217;abril, es va estrenar un v\u00eddeo molt especial que recorre la vida i la hist\u00f2ria de Sant Benito Menni. Ha estat elaborat conjuntament pels 21 centres de Germanes Hospital\u00e0ries a Espanya i des de l&#8217;Hospital Sagrat Cor hem realitzat el cap\u00edtol espec\u00edfic sobre la llavor de la seva vocaci\u00f3 religiosa. &#8220;San Benito Menni, una historia labrada con el coraz\u00f3n&#8221;. El podeu veure aqu\u00ed: <a href=\"https:\/\/www.youtube.com\/watch?v=20kpuPBtpWU\">https:\/\/www.youtube.com\/watch?v=20kpuPBtpWU<\/a><\/p>\n\n\n\n<figure class=\"wp-block-embed is-type-video is-provider-youtube wp-block-embed-youtube wp-embed-aspect-16-9 wp-has-aspect-ratio\"><div class=\"wp-block-embed__wrapper\">\n<iframe loading=\"lazy\" title=\"San Benito Menni, una historia labrada con el coraz\u00f3n\" width=\"1290\" height=\"726\" src=\"https:\/\/www.youtube.com\/embed\/20kpuPBtpWU?feature=oembed\" frameborder=\"0\" allow=\"accelerometer; autoplay; clipboard-write; encrypted-media; gyroscope; picture-in-picture; web-share\" referrerpolicy=\"strict-origin-when-cross-origin\" allowfullscreen><\/iframe>\n<\/div><\/figure>\n\n\n\n<p>La celebraci\u00f3 pr\u00f2piament de la festivitat de Sant Benito Menni va cloure el divendres 26 d&#8217;abril amb un emotiu acte a l&#8217;Hospital de Dia i SRC de Sant Feliu.<\/p>\n\n\n\n<figure class=\"wp-block-image size-large\"><img loading=\"lazy\" decoding=\"async\" width=\"1024\" height=\"648\" src=\"https:\/\/hospitalsagratcormartorell.org\/entre-tots\/wp-content\/uploads\/2024\/04\/Sant-Feliu-1024x648.jpeg\" alt=\"\" class=\"wp-image-9073\" srcset=\"https:\/\/fundaciohospitalariesmartorell.org\/entre-tots\/wp-content\/uploads\/2024\/04\/Sant-Feliu-1024x648.jpeg 1024w, https:\/\/fundaciohospitalariesmartorell.org\/entre-tots\/wp-content\/uploads\/2024\/04\/Sant-Feliu-300x190.jpeg 300w, https:\/\/fundaciohospitalariesmartorell.org\/entre-tots\/wp-content\/uploads\/2024\/04\/Sant-Feliu-768x486.jpeg 768w, https:\/\/fundaciohospitalariesmartorell.org\/entre-tots\/wp-content\/uploads\/2024\/04\/Sant-Feliu-1536x972.jpeg 1536w, https:\/\/fundaciohospitalariesmartorell.org\/entre-tots\/wp-content\/uploads\/2024\/04\/Sant-Feliu-2048x1297.jpeg 2048w, https:\/\/fundaciohospitalariesmartorell.org\/entre-tots\/wp-content\/uploads\/2024\/04\/Sant-Feliu-1320x836.jpeg 1320w\" sizes=\"auto, (max-width: 1024px) 100vw, 1024px\" \/><\/figure>\n","protected":false},"excerpt":{"rendered":"<p>Un dia espl\u00e8ndid ens va acompanyar durant la celebraci\u00f3 de la Festivitat de Sant Benito Menni, el passat 24 d&#8217;abril. Els actes van iniciar-se amb l&#8217;eucaristia en honor al nostre fundador a l&#8217;esgl\u00e9sia de l&#8217;Hospital Sagrat Cor a Martorell. L&#8217;ofici va ser presidit pel Germ\u00e0 Miguel Mart\u00edn, qui va reflexionar sobre la vida de Sant [&hellip;]<\/p>\n","protected":false},"author":2,"featured_media":9068,"comment_status":"closed","ping_status":"closed","sticky":false,"template":"","format":"standard","meta":{"footnotes":""},"categories":[27],"tags":[],"class_list":["post-9106","post","type-post","status-publish","format-standard","has-post-thumbnail","hentry","category-actualitat"],"blocksy_meta":{"styles_descriptor":{"styles":{"desktop":"","tablet":"","mobile":""},"google_fonts":[],"version":6}},"featured_image_urls_v2":{"full":["https:\/\/fundaciohospitalariesmartorell.org\/entre-tots\/wp-content\/uploads\/2024\/04\/IMG_20240424_111036-scaled.jpg",2560,1920,false],"thumbnail":["https:\/\/fundaciohospitalariesmartorell.org\/entre-tots\/wp-content\/uploads\/2024\/04\/IMG_20240424_111036-150x150.jpg",150,150,true],"medium":["https:\/\/fundaciohospitalariesmartorell.org\/entre-tots\/wp-content\/uploads\/2024\/04\/IMG_20240424_111036-300x225.jpg",300,225,true],"medium_large":["https:\/\/fundaciohospitalariesmartorell.org\/entre-tots\/wp-content\/uploads\/2024\/04\/IMG_20240424_111036-768x576.jpg",768,576,true],"large":["https:\/\/fundaciohospitalariesmartorell.org\/entre-tots\/wp-content\/uploads\/2024\/04\/IMG_20240424_111036-1024x768.jpg",1024,768,true],"1536x1536":["https:\/\/fundaciohospitalariesmartorell.org\/entre-tots\/wp-content\/uploads\/2024\/04\/IMG_20240424_111036-1536x1152.jpg",1536,1152,true],"2048x2048":["https:\/\/fundaciohospitalariesmartorell.org\/entre-tots\/wp-content\/uploads\/2024\/04\/IMG_20240424_111036-2048x1536.jpg",2048,1536,true],"mailpoet_newsletter_max":["https:\/\/fundaciohospitalariesmartorell.org\/entre-tots\/wp-content\/uploads\/2024\/04\/IMG_20240424_111036-1320x990.jpg",1320,990,true]},"post_excerpt_stackable_v2":"<p>Un dia espl\u00e8ndid ens va acompanyar durant la celebraci\u00f3 de la Festivitat de Sant Benito Menni, el passat 24 d&#8217;abril. Els actes van iniciar-se amb l&#8217;eucaristia en honor al nostre fundador a l&#8217;esgl\u00e9sia de l&#8217;Hospital Sagrat Cor a Martorell. L&#8217;ofici va ser presidit pel Germ\u00e0 Miguel Mart\u00edn, qui va reflexionar sobre la vida de Sant Benito Menni des d&#8217;una perspectiva pasqual, establint una analogia entre les adversitats que va enfrontar el nostre fundador, sempre entre la vida i la mort, lluitant contra les cal\u00famnies internes i externes pel seu esperit emprenedor, i la vida de Jes\u00fas. La celebraci\u00f3 va comptar&hellip;<\/p>\n","category_list_v2":"<a href=\"https:\/\/fundaciohospitalariesmartorell.org\/entre-tots\/category\/actualitat\/\" rel=\"category tag\">ACTUALITAT<\/a>","author_info_v2":{"name":"Sagrat Cor","url":"https:\/\/fundaciohospitalariesmartorell.org\/entre-tots\/author\/daniel\/"},"comments_num_v2":"0 comments","_links":{"self":[{"href":"https:\/\/fundaciohospitalariesmartorell.org\/entre-tots\/wp-json\/wp\/v2\/posts\/9106","targetHints":{"allow":["GET"]}}],"collection":[{"href":"https:\/\/fundaciohospitalariesmartorell.org\/entre-tots\/wp-json\/wp\/v2\/posts"}],"about":[{"href":"https:\/\/fundaciohospitalariesmartorell.org\/entre-tots\/wp-json\/wp\/v2\/types\/post"}],"author":[{"embeddable":true,"href":"https:\/\/fundaciohospitalariesmartorell.org\/entre-tots\/wp-json\/wp\/v2\/users\/2"}],"replies":[{"embeddable":true,"href":"https:\/\/fundaciohospitalariesmartorell.org\/entre-tots\/wp-json\/wp\/v2\/comments?post=9106"}],"version-history":[{"count":3,"href":"https:\/\/fundaciohospitalariesmartorell.org\/entre-tots\/wp-json\/wp\/v2\/posts\/9106\/revisions"}],"predecessor-version":[{"id":9111,"href":"https:\/\/fundaciohospitalariesmartorell.org\/entre-tots\/wp-json\/wp\/v2\/posts\/9106\/revisions\/9111"}],"wp:featuredmedia":[{"embeddable":true,"href":"https:\/\/fundaciohospitalariesmartorell.org\/entre-tots\/wp-json\/wp\/v2\/media\/9068"}],"wp:attachment":[{"href":"https:\/\/fundaciohospitalariesmartorell.org\/entre-tots\/wp-json\/wp\/v2\/media?parent=9106"}],"wp:term":[{"taxonomy":"category","embeddable":true,"href":"https:\/\/fundaciohospitalariesmartorell.org\/entre-tots\/wp-json\/wp\/v2\/categories?post=9106"},{"taxonomy":"post_tag","embeddable":true,"href":"https:\/\/fundaciohospitalariesmartorell.org\/entre-tots\/wp-json\/wp\/v2\/tags?post=9106"}],"curies":[{"name":"wp","href":"https:\/\/api.w.org\/{rel}","templated":true}]}}