{"id":9134,"date":"2024-05-29T09:11:59","date_gmt":"2024-05-29T08:11:59","guid":{"rendered":"https:\/\/hospitalsagratcormartorell.org\/entre-tots\/?p=9134"},"modified":"2024-05-29T09:12:01","modified_gmt":"2024-05-29T08:12:01","slug":"donem-la-benvinguda-a-les-noves-residents","status":"publish","type":"post","link":"https:\/\/fundaciohospitalariesmartorell.org\/entre-tots\/2024\/05\/donem-la-benvinguda-a-les-noves-residents\/","title":{"rendered":"Donem la benvinguda a les noves residents!"},"content":{"rendered":"<figure style=\"aspect-ratio:auto; padding-top:0;padding-bottom:0;\" class=\"wp-block-post-featured-image\"><img loading=\"lazy\" decoding=\"async\" width=\"2560\" height=\"1568\" src=\"https:\/\/fundaciohospitalariesmartorell.org\/entre-tots\/wp-content\/uploads\/2024\/05\/20240503_121305-scaled.jpg\" class=\"attachment-post-thumbnail size-post-thumbnail wp-post-image\" alt=\"\" style=\"width:100%;height:100%;object-fit:cover;\" srcset=\"https:\/\/fundaciohospitalariesmartorell.org\/entre-tots\/wp-content\/uploads\/2024\/05\/20240503_121305-scaled.jpg 2560w, https:\/\/fundaciohospitalariesmartorell.org\/entre-tots\/wp-content\/uploads\/2024\/05\/20240503_121305-300x184.jpg 300w, https:\/\/fundaciohospitalariesmartorell.org\/entre-tots\/wp-content\/uploads\/2024\/05\/20240503_121305-1024x627.jpg 1024w, https:\/\/fundaciohospitalariesmartorell.org\/entre-tots\/wp-content\/uploads\/2024\/05\/20240503_121305-768x470.jpg 768w, https:\/\/fundaciohospitalariesmartorell.org\/entre-tots\/wp-content\/uploads\/2024\/05\/20240503_121305-1536x941.jpg 1536w, https:\/\/fundaciohospitalariesmartorell.org\/entre-tots\/wp-content\/uploads\/2024\/05\/20240503_121305-2048x1254.jpg 2048w, https:\/\/fundaciohospitalariesmartorell.org\/entre-tots\/wp-content\/uploads\/2024\/05\/20240503_121305-1320x808.jpg 1320w\" sizes=\"auto, (max-width: 2560px) 100vw, 2560px\" \/><\/figure>\n\n\n<p>El passat divendres 3 de maig, vam donar la benvinguda a les residents de MIR, PIR i IIR que s&#8217;han incorporat a l&#8217;Hospital Sagrat Cor per completar la seva formaci\u00f3 com a especialistes a la nostra Unitat Docent de Formaci\u00f3 Especialitzada. Aquestes cinc residents han confiat en el nostre pla de formaci\u00f3 per desenvolupar-se com a professionals de la salut mental.<\/p>\n\n\n\n<p>El Consell de Direcci\u00f3 i les tutores de formaci\u00f3 postgraduada van rebre les residents de psiquiatria, psicologia i infermeria de salut mental i els van explicar els aspectes m\u00e9s rellevants de la nostra instituci\u00f3. Durant l&#8217;acte, Sor Isabel Bl\u00e0zquez, Superiora del Centre, els va recordar que s\u00f3n molt privilegiades, tant per la possibilitat de desenvolupar la professi\u00f3 que han triat com per fer-ho al nostre Hospital. A m\u00e9s, va expressar el comprom\u00eds de la Instituci\u00f3 en la seva formaci\u00f3 perqu\u00e8 arribin a ser unes professionals excel\u00b7lents.<\/p>\n\n\n\n<p>Desitgem que aprenguin i gaudeixin molt en aquesta nova etapa que comencen.<br><br>Des d\u2019aqu\u00ed donem una c\u00e0lida benvinguda a:<\/p>\n\n\n\n<ul class=\"wp-block-list\">\n<li><strong>Salma L\u00f3pez (IIR)<\/strong><\/li>\n\n\n\n<li><strong>Carla Ferro (IIR)<\/strong><\/li>\n\n\n\n<li><strong>In\u00e9s Mart\u00ednez (PIR)<\/strong><\/li>\n\n\n\n<li><strong>B\u00e1rbara Escudero (MIR)<\/strong><\/li>\n\n\n\n<li><strong>Clara Torner (MIR)<\/strong><\/li>\n<\/ul>\n\n\n\n<figure class=\"wp-block-image size-large\"><img loading=\"lazy\" decoding=\"async\" width=\"1024\" height=\"637\" src=\"https:\/\/hospitalsagratcormartorell.org\/entre-tots\/wp-content\/uploads\/2024\/05\/WhatsApp-Image-2024-05-03-at-13.31.34-1024x637.jpeg\" alt=\"\" class=\"wp-image-9137\" srcset=\"https:\/\/fundaciohospitalariesmartorell.org\/entre-tots\/wp-content\/uploads\/2024\/05\/WhatsApp-Image-2024-05-03-at-13.31.34-1024x637.jpeg 1024w, https:\/\/fundaciohospitalariesmartorell.org\/entre-tots\/wp-content\/uploads\/2024\/05\/WhatsApp-Image-2024-05-03-at-13.31.34-300x187.jpeg 300w, https:\/\/fundaciohospitalariesmartorell.org\/entre-tots\/wp-content\/uploads\/2024\/05\/WhatsApp-Image-2024-05-03-at-13.31.34-768x478.jpeg 768w, https:\/\/fundaciohospitalariesmartorell.org\/entre-tots\/wp-content\/uploads\/2024\/05\/WhatsApp-Image-2024-05-03-at-13.31.34-1536x956.jpeg 1536w, https:\/\/fundaciohospitalariesmartorell.org\/entre-tots\/wp-content\/uploads\/2024\/05\/WhatsApp-Image-2024-05-03-at-13.31.34-1320x821.jpeg 1320w, https:\/\/fundaciohospitalariesmartorell.org\/entre-tots\/wp-content\/uploads\/2024\/05\/WhatsApp-Image-2024-05-03-at-13.31.34.jpeg 2048w\" sizes=\"auto, (max-width: 1024px) 100vw, 1024px\" \/><\/figure>\n","protected":false},"excerpt":{"rendered":"<p>El passat divendres 3 de maig, vam donar la benvinguda a les residents de MIR, PIR i IIR que s&#8217;han incorporat a l&#8217;Hospital Sagrat Cor per completar la seva formaci\u00f3 com a especialistes a la nostra Unitat Docent de Formaci\u00f3 Especialitzada. Aquestes cinc residents han confiat en el nostre pla de formaci\u00f3 per desenvolupar-se com [&hellip;]<\/p>\n","protected":false},"author":2,"featured_media":9136,"comment_status":"closed","ping_status":"closed","sticky":false,"template":"","format":"standard","meta":{"footnotes":""},"categories":[27],"tags":[],"class_list":["post-9134","post","type-post","status-publish","format-standard","has-post-thumbnail","hentry","category-actualitat"],"blocksy_meta":{"styles_descriptor":{"styles":{"desktop":"","tablet":"","mobile":""},"google_fonts":[],"version":6}},"featured_image_urls_v2":{"full":["https:\/\/fundaciohospitalariesmartorell.org\/entre-tots\/wp-content\/uploads\/2024\/05\/20240503_121305-scaled.jpg",2560,1568,false],"thumbnail":["https:\/\/fundaciohospitalariesmartorell.org\/entre-tots\/wp-content\/uploads\/2024\/05\/20240503_121305-150x150.jpg",150,150,true],"medium":["https:\/\/fundaciohospitalariesmartorell.org\/entre-tots\/wp-content\/uploads\/2024\/05\/20240503_121305-300x184.jpg",300,184,true],"medium_large":["https:\/\/fundaciohospitalariesmartorell.org\/entre-tots\/wp-content\/uploads\/2024\/05\/20240503_121305-768x470.jpg",768,470,true],"large":["https:\/\/fundaciohospitalariesmartorell.org\/entre-tots\/wp-content\/uploads\/2024\/05\/20240503_121305-1024x627.jpg",1024,627,true],"1536x1536":["https:\/\/fundaciohospitalariesmartorell.org\/entre-tots\/wp-content\/uploads\/2024\/05\/20240503_121305-1536x941.jpg",1536,941,true],"2048x2048":["https:\/\/fundaciohospitalariesmartorell.org\/entre-tots\/wp-content\/uploads\/2024\/05\/20240503_121305-2048x1254.jpg",2048,1254,true],"mailpoet_newsletter_max":["https:\/\/fundaciohospitalariesmartorell.org\/entre-tots\/wp-content\/uploads\/2024\/05\/20240503_121305-1320x808.jpg",1320,808,true]},"post_excerpt_stackable_v2":"<p>El passat divendres 3 de maig, vam donar la benvinguda a les residents de MIR, PIR i IIR que s&#8217;han incorporat a l&#8217;Hospital Sagrat Cor per completar la seva formaci\u00f3 com a especialistes a la nostra Unitat Docent de Formaci\u00f3 Especialitzada. Aquestes cinc residents han confiat en el nostre pla de formaci\u00f3 per desenvolupar-se com a professionals de la salut mental. El Consell de Direcci\u00f3 i les tutores de formaci\u00f3 postgraduada van rebre les residents de psiquiatria, psicologia i infermeria de salut mental i els van explicar els aspectes m\u00e9s rellevants de la nostra instituci\u00f3. Durant l&#8217;acte, Sor Isabel Bl\u00e0zquez,&hellip;<\/p>\n","category_list_v2":"<a href=\"https:\/\/fundaciohospitalariesmartorell.org\/entre-tots\/category\/actualitat\/\" rel=\"category tag\">ACTUALITAT<\/a>","author_info_v2":{"name":"Sagrat Cor","url":"https:\/\/fundaciohospitalariesmartorell.org\/entre-tots\/author\/daniel\/"},"comments_num_v2":"0 comments","_links":{"self":[{"href":"https:\/\/fundaciohospitalariesmartorell.org\/entre-tots\/wp-json\/wp\/v2\/posts\/9134","targetHints":{"allow":["GET"]}}],"collection":[{"href":"https:\/\/fundaciohospitalariesmartorell.org\/entre-tots\/wp-json\/wp\/v2\/posts"}],"about":[{"href":"https:\/\/fundaciohospitalariesmartorell.org\/entre-tots\/wp-json\/wp\/v2\/types\/post"}],"author":[{"embeddable":true,"href":"https:\/\/fundaciohospitalariesmartorell.org\/entre-tots\/wp-json\/wp\/v2\/users\/2"}],"replies":[{"embeddable":true,"href":"https:\/\/fundaciohospitalariesmartorell.org\/entre-tots\/wp-json\/wp\/v2\/comments?post=9134"}],"version-history":[{"count":2,"href":"https:\/\/fundaciohospitalariesmartorell.org\/entre-tots\/wp-json\/wp\/v2\/posts\/9134\/revisions"}],"predecessor-version":[{"id":9138,"href":"https:\/\/fundaciohospitalariesmartorell.org\/entre-tots\/wp-json\/wp\/v2\/posts\/9134\/revisions\/9138"}],"wp:featuredmedia":[{"embeddable":true,"href":"https:\/\/fundaciohospitalariesmartorell.org\/entre-tots\/wp-json\/wp\/v2\/media\/9136"}],"wp:attachment":[{"href":"https:\/\/fundaciohospitalariesmartorell.org\/entre-tots\/wp-json\/wp\/v2\/media?parent=9134"}],"wp:term":[{"taxonomy":"category","embeddable":true,"href":"https:\/\/fundaciohospitalariesmartorell.org\/entre-tots\/wp-json\/wp\/v2\/categories?post=9134"},{"taxonomy":"post_tag","embeddable":true,"href":"https:\/\/fundaciohospitalariesmartorell.org\/entre-tots\/wp-json\/wp\/v2\/tags?post=9134"}],"curies":[{"name":"wp","href":"https:\/\/api.w.org\/{rel}","templated":true}]}}