{"id":9141,"date":"2024-05-29T09:16:38","date_gmt":"2024-05-29T08:16:38","guid":{"rendered":"https:\/\/hospitalsagratcormartorell.org\/entre-tots\/?p=9141"},"modified":"2024-05-30T07:29:53","modified_gmt":"2024-05-30T06:29:53","slug":"participacio-destacada-de-lhospital-sagrat-cor-en-les-viii-jornades-de-la-revista-informaciones-psiquiatricas","status":"publish","type":"post","link":"https:\/\/fundaciohospitalariesmartorell.org\/entre-tots\/2024\/05\/participacio-destacada-de-lhospital-sagrat-cor-en-les-viii-jornades-de-la-revista-informaciones-psiquiatricas\/","title":{"rendered":"Participaci\u00f3 destacada de l&#8217;Hospital en les VIII Jornades de la revista <i>Informaciones Psiqui\u00e1tricas<\/i>"},"content":{"rendered":"<figure style=\"aspect-ratio:auto; padding-top:0;padding-bottom:0;\" class=\"wp-block-post-featured-image\"><img loading=\"lazy\" decoding=\"async\" width=\"1600\" height=\"1200\" src=\"https:\/\/fundaciohospitalariesmartorell.org\/entre-tots\/wp-content\/uploads\/2024\/05\/WhatsApp-Image-2024-05-09-at-17.09.31.jpeg\" class=\"attachment-post-thumbnail size-post-thumbnail wp-post-image\" alt=\"\" style=\"width:100%;height:100%;object-fit:cover;\" srcset=\"https:\/\/fundaciohospitalariesmartorell.org\/entre-tots\/wp-content\/uploads\/2024\/05\/WhatsApp-Image-2024-05-09-at-17.09.31.jpeg 1600w, https:\/\/fundaciohospitalariesmartorell.org\/entre-tots\/wp-content\/uploads\/2024\/05\/WhatsApp-Image-2024-05-09-at-17.09.31-300x225.jpeg 300w, https:\/\/fundaciohospitalariesmartorell.org\/entre-tots\/wp-content\/uploads\/2024\/05\/WhatsApp-Image-2024-05-09-at-17.09.31-1024x768.jpeg 1024w, https:\/\/fundaciohospitalariesmartorell.org\/entre-tots\/wp-content\/uploads\/2024\/05\/WhatsApp-Image-2024-05-09-at-17.09.31-768x576.jpeg 768w, https:\/\/fundaciohospitalariesmartorell.org\/entre-tots\/wp-content\/uploads\/2024\/05\/WhatsApp-Image-2024-05-09-at-17.09.31-1536x1152.jpeg 1536w, https:\/\/fundaciohospitalariesmartorell.org\/entre-tots\/wp-content\/uploads\/2024\/05\/WhatsApp-Image-2024-05-09-at-17.09.31-1320x990.jpeg 1320w\" sizes=\"auto, (max-width: 1600px) 100vw, 1600px\" \/><\/figure>\n\n\n<figure class=\"wp-block-gallery has-nested-images columns-2 is-cropped wp-block-gallery-1 is-layout-flex wp-block-gallery-is-layout-flex\">\n<figure class=\"wp-block-image size-large\"><img loading=\"lazy\" decoding=\"async\" width=\"1024\" height=\"768\" data-id=\"9146\" src=\"https:\/\/hospitalsagratcormartorell.org\/entre-tots\/wp-content\/uploads\/2024\/05\/WhatsApp-Image-2024-05-09-at-17.03.56-1024x768.jpeg\" alt=\"\" class=\"wp-image-9146\" srcset=\"https:\/\/fundaciohospitalariesmartorell.org\/entre-tots\/wp-content\/uploads\/2024\/05\/WhatsApp-Image-2024-05-09-at-17.03.56-1024x768.jpeg 1024w, https:\/\/fundaciohospitalariesmartorell.org\/entre-tots\/wp-content\/uploads\/2024\/05\/WhatsApp-Image-2024-05-09-at-17.03.56-300x225.jpeg 300w, https:\/\/fundaciohospitalariesmartorell.org\/entre-tots\/wp-content\/uploads\/2024\/05\/WhatsApp-Image-2024-05-09-at-17.03.56-768x576.jpeg 768w, https:\/\/fundaciohospitalariesmartorell.org\/entre-tots\/wp-content\/uploads\/2024\/05\/WhatsApp-Image-2024-05-09-at-17.03.56-1536x1152.jpeg 1536w, https:\/\/fundaciohospitalariesmartorell.org\/entre-tots\/wp-content\/uploads\/2024\/05\/WhatsApp-Image-2024-05-09-at-17.03.56-1320x990.jpeg 1320w, https:\/\/fundaciohospitalariesmartorell.org\/entre-tots\/wp-content\/uploads\/2024\/05\/WhatsApp-Image-2024-05-09-at-17.03.56.jpeg 1600w\" sizes=\"auto, (max-width: 1024px) 100vw, 1024px\" \/><\/figure>\n\n\n\n<figure class=\"wp-block-image size-large\"><img loading=\"lazy\" decoding=\"async\" width=\"1024\" height=\"776\" data-id=\"9145\" src=\"https:\/\/hospitalsagratcormartorell.org\/entre-tots\/wp-content\/uploads\/2024\/05\/informaciones_03-1024x776.jpeg\" alt=\"\" class=\"wp-image-9145\" srcset=\"https:\/\/fundaciohospitalariesmartorell.org\/entre-tots\/wp-content\/uploads\/2024\/05\/informaciones_03-1024x776.jpeg 1024w, https:\/\/fundaciohospitalariesmartorell.org\/entre-tots\/wp-content\/uploads\/2024\/05\/informaciones_03-300x227.jpeg 300w, https:\/\/fundaciohospitalariesmartorell.org\/entre-tots\/wp-content\/uploads\/2024\/05\/informaciones_03-768x582.jpeg 768w, https:\/\/fundaciohospitalariesmartorell.org\/entre-tots\/wp-content\/uploads\/2024\/05\/informaciones_03-1536x1164.jpeg 1536w, https:\/\/fundaciohospitalariesmartorell.org\/entre-tots\/wp-content\/uploads\/2024\/05\/informaciones_03-1320x1000.jpeg 1320w, https:\/\/fundaciohospitalariesmartorell.org\/entre-tots\/wp-content\/uploads\/2024\/05\/informaciones_03.jpeg 1650w\" sizes=\"auto, (max-width: 1024px) 100vw, 1024px\" \/><\/figure>\n<\/figure>\n\n\n\n<p>L&#8217;Hospital Sagrat Cor va tenir una nodrida participaci\u00f3 en les VIII Jornades de la revista <em>Informaciones Psiqui\u00e1tricas<\/em>, organitzades per Germanes Hospital\u00e0ries els dies 9 i 10 de maig a la ciutat de M\u00e0laga, en la qual van participar m\u00e9s de 160 persones.<\/p>\n\n\n\n<p>El Dr. Carles Franquelo, director m\u00e8dic, va moderar la taula sobre models col\u00b7laboratius en salut mental, on es va abordar la import\u00e0ncia de crear sinergies entre el sector p\u00fablic i el privat, aix\u00ed com entre els diferents nivells assistencials, per tal de millorar l&#8217;atenci\u00f3 integral de les persones usu\u00e0ries i optimitzar recursos.<\/p>\n\n\n\n<p>Per la seva banda, el Dr. Manel S\u00e1nchez, director de l&#8217;\u00c0rea de Gesti\u00f3 del Coneixement, va moderar la taula <em>El model d&#8217;atenci\u00f3 integrada social i sanit\u00e0ria en la salut mental de les persones grans fr\u00e0gils i vulnerables<\/em>. Finalment, el Dr. Santi Bernades, subdirector m\u00e8dic, va dinamitzar un taller sobre cures pal\u00b7liatives, on es van treballar q\u00fcestions com la polimedicaci\u00f3, la comorbiditat, la fragilitat de la persona atesa cr\u00f2nica complexa, la depend\u00e8ncia, els dilemes \u00e8tics, la planificaci\u00f3 compartida de l&#8217;atenci\u00f3 i la identificaci\u00f3 de necessitats pal\u00b7liatives, entre d&#8217;altres.<\/p>\n\n\n\n<p>Podeu trobar m\u00e9s informaci\u00f3 <a href=\"https:\/\/hospitalsagratcormartorell.org\/participacio-destacada-de-lhospital-sagrat-cor-en-les-viii-jornades-de-la-revista-informaciones-psiquiatricas\/\">aqu\u00ed<\/a>.<\/p>\n","protected":false},"excerpt":{"rendered":"<p>L&#8217;Hospital Sagrat Cor va tenir una nodrida participaci\u00f3 en les VIII Jornades de la revista Informaciones Psiqui\u00e1tricas, organitzades per Germanes Hospital\u00e0ries els dies 9 i 10 de maig a la ciutat de M\u00e0laga, en la qual van participar m\u00e9s de 160 persones. El Dr. Carles Franquelo, director m\u00e8dic, va moderar la taula sobre models col\u00b7laboratius [&hellip;]<\/p>\n","protected":false},"author":2,"featured_media":9148,"comment_status":"closed","ping_status":"closed","sticky":false,"template":"","format":"standard","meta":{"footnotes":""},"categories":[27],"tags":[],"class_list":["post-9141","post","type-post","status-publish","format-standard","has-post-thumbnail","hentry","category-actualitat"],"blocksy_meta":{"styles_descriptor":{"styles":{"desktop":"","tablet":"","mobile":""},"google_fonts":[],"version":6}},"featured_image_urls_v2":{"full":["https:\/\/fundaciohospitalariesmartorell.org\/entre-tots\/wp-content\/uploads\/2024\/05\/WhatsApp-Image-2024-05-09-at-17.09.31.jpeg",1600,1200,false],"thumbnail":["https:\/\/fundaciohospitalariesmartorell.org\/entre-tots\/wp-content\/uploads\/2024\/05\/WhatsApp-Image-2024-05-09-at-17.09.31-150x150.jpeg",150,150,true],"medium":["https:\/\/fundaciohospitalariesmartorell.org\/entre-tots\/wp-content\/uploads\/2024\/05\/WhatsApp-Image-2024-05-09-at-17.09.31-300x225.jpeg",300,225,true],"medium_large":["https:\/\/fundaciohospitalariesmartorell.org\/entre-tots\/wp-content\/uploads\/2024\/05\/WhatsApp-Image-2024-05-09-at-17.09.31-768x576.jpeg",768,576,true],"large":["https:\/\/fundaciohospitalariesmartorell.org\/entre-tots\/wp-content\/uploads\/2024\/05\/WhatsApp-Image-2024-05-09-at-17.09.31-1024x768.jpeg",1024,768,true],"1536x1536":["https:\/\/fundaciohospitalariesmartorell.org\/entre-tots\/wp-content\/uploads\/2024\/05\/WhatsApp-Image-2024-05-09-at-17.09.31-1536x1152.jpeg",1536,1152,true],"2048x2048":["https:\/\/fundaciohospitalariesmartorell.org\/entre-tots\/wp-content\/uploads\/2024\/05\/WhatsApp-Image-2024-05-09-at-17.09.31.jpeg",1600,1200,false],"mailpoet_newsletter_max":["https:\/\/fundaciohospitalariesmartorell.org\/entre-tots\/wp-content\/uploads\/2024\/05\/WhatsApp-Image-2024-05-09-at-17.09.31-1320x990.jpeg",1320,990,true]},"post_excerpt_stackable_v2":"<p>L&#8217;Hospital Sagrat Cor va tenir una nodrida participaci\u00f3 en les VIII Jornades de la revista Informaciones Psiqui\u00e1tricas, organitzades per Germanes Hospital\u00e0ries els dies 9 i 10 de maig a la ciutat de M\u00e0laga, en la qual van participar m\u00e9s de 160 persones. El Dr. Carles Franquelo, director m\u00e8dic, va moderar la taula sobre models col\u00b7laboratius en salut mental, on es va abordar la import\u00e0ncia de crear sinergies entre el sector p\u00fablic i el privat, aix\u00ed com entre els diferents nivells assistencials, per tal de millorar l&#8217;atenci\u00f3 integral de les persones usu\u00e0ries i optimitzar recursos. Per la seva banda, el Dr.&hellip;<\/p>\n","category_list_v2":"<a href=\"https:\/\/fundaciohospitalariesmartorell.org\/entre-tots\/category\/actualitat\/\" rel=\"category tag\">ACTUALITAT<\/a>","author_info_v2":{"name":"Sagrat Cor","url":"https:\/\/fundaciohospitalariesmartorell.org\/entre-tots\/author\/daniel\/"},"comments_num_v2":"0 comments","_links":{"self":[{"href":"https:\/\/fundaciohospitalariesmartorell.org\/entre-tots\/wp-json\/wp\/v2\/posts\/9141","targetHints":{"allow":["GET"]}}],"collection":[{"href":"https:\/\/fundaciohospitalariesmartorell.org\/entre-tots\/wp-json\/wp\/v2\/posts"}],"about":[{"href":"https:\/\/fundaciohospitalariesmartorell.org\/entre-tots\/wp-json\/wp\/v2\/types\/post"}],"author":[{"embeddable":true,"href":"https:\/\/fundaciohospitalariesmartorell.org\/entre-tots\/wp-json\/wp\/v2\/users\/2"}],"replies":[{"embeddable":true,"href":"https:\/\/fundaciohospitalariesmartorell.org\/entre-tots\/wp-json\/wp\/v2\/comments?post=9141"}],"version-history":[{"count":4,"href":"https:\/\/fundaciohospitalariesmartorell.org\/entre-tots\/wp-json\/wp\/v2\/posts\/9141\/revisions"}],"predecessor-version":[{"id":9315,"href":"https:\/\/fundaciohospitalariesmartorell.org\/entre-tots\/wp-json\/wp\/v2\/posts\/9141\/revisions\/9315"}],"wp:featuredmedia":[{"embeddable":true,"href":"https:\/\/fundaciohospitalariesmartorell.org\/entre-tots\/wp-json\/wp\/v2\/media\/9148"}],"wp:attachment":[{"href":"https:\/\/fundaciohospitalariesmartorell.org\/entre-tots\/wp-json\/wp\/v2\/media?parent=9141"}],"wp:term":[{"taxonomy":"category","embeddable":true,"href":"https:\/\/fundaciohospitalariesmartorell.org\/entre-tots\/wp-json\/wp\/v2\/categories?post=9141"},{"taxonomy":"post_tag","embeddable":true,"href":"https:\/\/fundaciohospitalariesmartorell.org\/entre-tots\/wp-json\/wp\/v2\/tags?post=9141"}],"curies":[{"name":"wp","href":"https:\/\/api.w.org\/{rel}","templated":true}]}}