{"id":9151,"date":"2024-05-29T09:20:05","date_gmt":"2024-05-29T08:20:05","guid":{"rendered":"https:\/\/hospitalsagratcormartorell.org\/entre-tots\/?p=9151"},"modified":"2024-05-29T09:20:06","modified_gmt":"2024-05-29T08:20:06","slug":"jobarcelona24-una-ocasio-de-luxe-per-connectar-amb-el-talent-junior","status":"publish","type":"post","link":"https:\/\/fundaciohospitalariesmartorell.org\/entre-tots\/2024\/05\/jobarcelona24-una-ocasio-de-luxe-per-connectar-amb-el-talent-junior\/","title":{"rendered":"JOBarcelona24: una ocasi\u00f3 de luxe per connectar amb el talent j\u00fanior"},"content":{"rendered":"<figure style=\"aspect-ratio:auto; padding-top:0;padding-bottom:0;\" class=\"wp-block-post-featured-image\"><img loading=\"lazy\" decoding=\"async\" width=\"2048\" height=\"1536\" src=\"https:\/\/fundaciohospitalariesmartorell.org\/entre-tots\/wp-content\/uploads\/2024\/05\/WhatsApp-Image-2024-05-07-at-10.41.31.jpeg\" class=\"attachment-post-thumbnail size-post-thumbnail wp-post-image\" alt=\"\" style=\"width:100%;height:100%;object-fit:cover;\" srcset=\"https:\/\/fundaciohospitalariesmartorell.org\/entre-tots\/wp-content\/uploads\/2024\/05\/WhatsApp-Image-2024-05-07-at-10.41.31.jpeg 2048w, https:\/\/fundaciohospitalariesmartorell.org\/entre-tots\/wp-content\/uploads\/2024\/05\/WhatsApp-Image-2024-05-07-at-10.41.31-300x225.jpeg 300w, https:\/\/fundaciohospitalariesmartorell.org\/entre-tots\/wp-content\/uploads\/2024\/05\/WhatsApp-Image-2024-05-07-at-10.41.31-1024x768.jpeg 1024w, https:\/\/fundaciohospitalariesmartorell.org\/entre-tots\/wp-content\/uploads\/2024\/05\/WhatsApp-Image-2024-05-07-at-10.41.31-768x576.jpeg 768w, https:\/\/fundaciohospitalariesmartorell.org\/entre-tots\/wp-content\/uploads\/2024\/05\/WhatsApp-Image-2024-05-07-at-10.41.31-1536x1152.jpeg 1536w, https:\/\/fundaciohospitalariesmartorell.org\/entre-tots\/wp-content\/uploads\/2024\/05\/WhatsApp-Image-2024-05-07-at-10.41.31-1320x990.jpeg 1320w\" sizes=\"auto, (max-width: 2048px) 100vw, 2048px\" \/><\/figure>\n\n\n<p>L&#8217;equip de l&#8217;\u00c0rea de Persones va participar el passat dimarts 7 de maig en el JOBarcelona24, un congr\u00e9s de feina i orientaci\u00f3 professional de refer\u00e8ncia, organitzat per Jobinplanet by Talent Point HR. Els cinc centres de Germanes Hospital\u00e0ries a Catalunya van compartir estand per connectar amb el talent j\u00fanior i ampliar planter.<\/p>\n\n\n\n<p>Durant la jornada, es va exposar la nostra assist\u00e8ncia, basada en el model de recuperaci\u00f3, i el nostre comprom\u00eds en oferir una atenci\u00f3 sanit\u00e0ria i social, integral i de qualitat. Vam poder transmetre, tamb\u00e9, la nostra especialitzaci\u00f3 en els \u00e0mbits de la salut mental i l&#8217;atenci\u00f3 interm\u00e8dia i els diferents serveis territorials que gestionem.<\/p>\n\n\n\n<p>No us perdeu el <a href=\"https:\/\/www.youtube.com\/watch?v=KSQfKB5uw0A\">v\u00eddeo<\/a> de la jornada.<\/p>\n\n\n\n<figure class=\"wp-block-gallery has-nested-images columns-2 is-cropped wp-block-gallery-1 is-layout-flex wp-block-gallery-is-layout-flex\">\n<figure class=\"wp-block-image size-large\"><img loading=\"lazy\" decoding=\"async\" width=\"768\" height=\"1024\" data-id=\"9156\" src=\"https:\/\/hospitalsagratcormartorell.org\/entre-tots\/wp-content\/uploads\/2024\/05\/WhatsApp-Image-2024-05-07-at-10.41.04-1-768x1024.jpeg\" alt=\"\" class=\"wp-image-9156\" srcset=\"https:\/\/fundaciohospitalariesmartorell.org\/entre-tots\/wp-content\/uploads\/2024\/05\/WhatsApp-Image-2024-05-07-at-10.41.04-1-768x1024.jpeg 768w, https:\/\/fundaciohospitalariesmartorell.org\/entre-tots\/wp-content\/uploads\/2024\/05\/WhatsApp-Image-2024-05-07-at-10.41.04-1-225x300.jpeg 225w, https:\/\/fundaciohospitalariesmartorell.org\/entre-tots\/wp-content\/uploads\/2024\/05\/WhatsApp-Image-2024-05-07-at-10.41.04-1-1152x1536.jpeg 1152w, https:\/\/fundaciohospitalariesmartorell.org\/entre-tots\/wp-content\/uploads\/2024\/05\/WhatsApp-Image-2024-05-07-at-10.41.04-1-1320x1760.jpeg 1320w, https:\/\/fundaciohospitalariesmartorell.org\/entre-tots\/wp-content\/uploads\/2024\/05\/WhatsApp-Image-2024-05-07-at-10.41.04-1.jpeg 1536w\" sizes=\"auto, (max-width: 768px) 100vw, 768px\" \/><\/figure>\n\n\n\n<figure class=\"wp-block-image size-large\"><img loading=\"lazy\" decoding=\"async\" width=\"768\" height=\"1024\" data-id=\"9157\" src=\"https:\/\/hospitalsagratcormartorell.org\/entre-tots\/wp-content\/uploads\/2024\/05\/WhatsApp-Image-2024-05-07-at-10.59.20-1-768x1024.jpeg\" alt=\"\" class=\"wp-image-9157\" srcset=\"https:\/\/fundaciohospitalariesmartorell.org\/entre-tots\/wp-content\/uploads\/2024\/05\/WhatsApp-Image-2024-05-07-at-10.59.20-1-768x1024.jpeg 768w, https:\/\/fundaciohospitalariesmartorell.org\/entre-tots\/wp-content\/uploads\/2024\/05\/WhatsApp-Image-2024-05-07-at-10.59.20-1-225x300.jpeg 225w, https:\/\/fundaciohospitalariesmartorell.org\/entre-tots\/wp-content\/uploads\/2024\/05\/WhatsApp-Image-2024-05-07-at-10.59.20-1-1152x1536.jpeg 1152w, https:\/\/fundaciohospitalariesmartorell.org\/entre-tots\/wp-content\/uploads\/2024\/05\/WhatsApp-Image-2024-05-07-at-10.59.20-1-1320x1760.jpeg 1320w, https:\/\/fundaciohospitalariesmartorell.org\/entre-tots\/wp-content\/uploads\/2024\/05\/WhatsApp-Image-2024-05-07-at-10.59.20-1.jpeg 1536w\" sizes=\"auto, (max-width: 768px) 100vw, 768px\" \/><\/figure>\n<\/figure>\n","protected":false},"excerpt":{"rendered":"<p>L&#8217;equip de l&#8217;\u00c0rea de Persones va participar el passat dimarts 7 de maig en el JOBarcelona24, un congr\u00e9s de feina i orientaci\u00f3 professional de refer\u00e8ncia, organitzat per Jobinplanet by Talent Point HR. Els cinc centres de Germanes Hospital\u00e0ries a Catalunya van compartir estand per connectar amb el talent j\u00fanior i ampliar planter. Durant la jornada, [&hellip;]<\/p>\n","protected":false},"author":2,"featured_media":9154,"comment_status":"closed","ping_status":"closed","sticky":false,"template":"","format":"standard","meta":{"footnotes":""},"categories":[27],"tags":[],"class_list":["post-9151","post","type-post","status-publish","format-standard","has-post-thumbnail","hentry","category-actualitat"],"blocksy_meta":{"styles_descriptor":{"styles":{"desktop":"","tablet":"","mobile":""},"google_fonts":[],"version":6}},"featured_image_urls_v2":{"full":["https:\/\/fundaciohospitalariesmartorell.org\/entre-tots\/wp-content\/uploads\/2024\/05\/WhatsApp-Image-2024-05-07-at-10.41.31.jpeg",2048,1536,false],"thumbnail":["https:\/\/fundaciohospitalariesmartorell.org\/entre-tots\/wp-content\/uploads\/2024\/05\/WhatsApp-Image-2024-05-07-at-10.41.31-150x150.jpeg",150,150,true],"medium":["https:\/\/fundaciohospitalariesmartorell.org\/entre-tots\/wp-content\/uploads\/2024\/05\/WhatsApp-Image-2024-05-07-at-10.41.31-300x225.jpeg",300,225,true],"medium_large":["https:\/\/fundaciohospitalariesmartorell.org\/entre-tots\/wp-content\/uploads\/2024\/05\/WhatsApp-Image-2024-05-07-at-10.41.31-768x576.jpeg",768,576,true],"large":["https:\/\/fundaciohospitalariesmartorell.org\/entre-tots\/wp-content\/uploads\/2024\/05\/WhatsApp-Image-2024-05-07-at-10.41.31-1024x768.jpeg",1024,768,true],"1536x1536":["https:\/\/fundaciohospitalariesmartorell.org\/entre-tots\/wp-content\/uploads\/2024\/05\/WhatsApp-Image-2024-05-07-at-10.41.31-1536x1152.jpeg",1536,1152,true],"2048x2048":["https:\/\/fundaciohospitalariesmartorell.org\/entre-tots\/wp-content\/uploads\/2024\/05\/WhatsApp-Image-2024-05-07-at-10.41.31.jpeg",2048,1536,false],"mailpoet_newsletter_max":["https:\/\/fundaciohospitalariesmartorell.org\/entre-tots\/wp-content\/uploads\/2024\/05\/WhatsApp-Image-2024-05-07-at-10.41.31-1320x990.jpeg",1320,990,true]},"post_excerpt_stackable_v2":"<p>L&#8217;equip de l&#8217;\u00c0rea de Persones va participar el passat dimarts 7 de maig en el JOBarcelona24, un congr\u00e9s de feina i orientaci\u00f3 professional de refer\u00e8ncia, organitzat per Jobinplanet by Talent Point HR. Els cinc centres de Germanes Hospital\u00e0ries a Catalunya van compartir estand per connectar amb el talent j\u00fanior i ampliar planter. Durant la jornada, es va exposar la nostra assist\u00e8ncia, basada en el model de recuperaci\u00f3, i el nostre comprom\u00eds en oferir una atenci\u00f3 sanit\u00e0ria i social, integral i de qualitat. Vam poder transmetre, tamb\u00e9, la nostra especialitzaci\u00f3 en els \u00e0mbits de la salut mental i l&#8217;atenci\u00f3 interm\u00e8dia i&hellip;<\/p>\n","category_list_v2":"<a href=\"https:\/\/fundaciohospitalariesmartorell.org\/entre-tots\/category\/actualitat\/\" rel=\"category tag\">ACTUALITAT<\/a>","author_info_v2":{"name":"Sagrat Cor","url":"https:\/\/fundaciohospitalariesmartorell.org\/entre-tots\/author\/daniel\/"},"comments_num_v2":"0 comments","_links":{"self":[{"href":"https:\/\/fundaciohospitalariesmartorell.org\/entre-tots\/wp-json\/wp\/v2\/posts\/9151","targetHints":{"allow":["GET"]}}],"collection":[{"href":"https:\/\/fundaciohospitalariesmartorell.org\/entre-tots\/wp-json\/wp\/v2\/posts"}],"about":[{"href":"https:\/\/fundaciohospitalariesmartorell.org\/entre-tots\/wp-json\/wp\/v2\/types\/post"}],"author":[{"embeddable":true,"href":"https:\/\/fundaciohospitalariesmartorell.org\/entre-tots\/wp-json\/wp\/v2\/users\/2"}],"replies":[{"embeddable":true,"href":"https:\/\/fundaciohospitalariesmartorell.org\/entre-tots\/wp-json\/wp\/v2\/comments?post=9151"}],"version-history":[{"count":2,"href":"https:\/\/fundaciohospitalariesmartorell.org\/entre-tots\/wp-json\/wp\/v2\/posts\/9151\/revisions"}],"predecessor-version":[{"id":9158,"href":"https:\/\/fundaciohospitalariesmartorell.org\/entre-tots\/wp-json\/wp\/v2\/posts\/9151\/revisions\/9158"}],"wp:featuredmedia":[{"embeddable":true,"href":"https:\/\/fundaciohospitalariesmartorell.org\/entre-tots\/wp-json\/wp\/v2\/media\/9154"}],"wp:attachment":[{"href":"https:\/\/fundaciohospitalariesmartorell.org\/entre-tots\/wp-json\/wp\/v2\/media?parent=9151"}],"wp:term":[{"taxonomy":"category","embeddable":true,"href":"https:\/\/fundaciohospitalariesmartorell.org\/entre-tots\/wp-json\/wp\/v2\/categories?post=9151"},{"taxonomy":"post_tag","embeddable":true,"href":"https:\/\/fundaciohospitalariesmartorell.org\/entre-tots\/wp-json\/wp\/v2\/tags?post=9151"}],"curies":[{"name":"wp","href":"https:\/\/api.w.org\/{rel}","templated":true}]}}