{"id":9159,"date":"2024-05-29T09:22:01","date_gmt":"2024-05-29T08:22:01","guid":{"rendered":"https:\/\/hospitalsagratcormartorell.org\/entre-tots\/?p=9159"},"modified":"2024-05-29T09:22:32","modified_gmt":"2024-05-29T08:22:32","slug":"lhospital-sagrat-cor-es-compromet-amb-la-certificacio-quality-rights-en-salut-mental","status":"publish","type":"post","link":"https:\/\/fundaciohospitalariesmartorell.org\/entre-tots\/2024\/05\/lhospital-sagrat-cor-es-compromet-amb-la-certificacio-quality-rights-en-salut-mental\/","title":{"rendered":"L&#8217;Hospital Sagrat Cor es compromet amb la certificaci\u00f3 Quality Rights en salut mental"},"content":{"rendered":"<figure style=\"aspect-ratio:auto; padding-top:0;padding-bottom:0;\" class=\"wp-block-post-featured-image\"><img loading=\"lazy\" decoding=\"async\" width=\"1130\" height=\"631\" src=\"https:\/\/fundaciohospitalariesmartorell.org\/entre-tots\/wp-content\/uploads\/2024\/05\/quality-rights.png\" class=\"attachment-post-thumbnail size-post-thumbnail wp-post-image\" alt=\"\" style=\"width:100%;height:100%;object-fit:cover;\" srcset=\"https:\/\/fundaciohospitalariesmartorell.org\/entre-tots\/wp-content\/uploads\/2024\/05\/quality-rights.png 1130w, https:\/\/fundaciohospitalariesmartorell.org\/entre-tots\/wp-content\/uploads\/2024\/05\/quality-rights-300x168.png 300w, https:\/\/fundaciohospitalariesmartorell.org\/entre-tots\/wp-content\/uploads\/2024\/05\/quality-rights-1024x572.png 1024w, https:\/\/fundaciohospitalariesmartorell.org\/entre-tots\/wp-content\/uploads\/2024\/05\/quality-rights-768x429.png 768w\" sizes=\"auto, (max-width: 1130px) 100vw, 1130px\" \/><\/figure>\n\n\n<p>L&#8217;Hospital Sagrat Cor, des del seu comprom\u00eds per vetllar pel respecte pels drets de les persones amb problemes de salut mental i alineat amb les iniciatives del Departament de Salut i el Pacte Nacional de Salut Mental, s&#8217;ha sumat a la iniciativa <a href=\"https:\/\/iris.who.int\/handle\/10665\/150398\">Quality Rights<\/a> (QR) impulsada per l&#8217;Organitzaci\u00f3 Mundial de la Salut (OMS).<\/p>\n\n\n\n<p>El concepte Quality Rights t\u00e9 com a objectiu promoure el respecte als drets b\u00e0sics de les persones amb problemes de salut mental, aix\u00ed com garantir la capacitat per exercir-los i la garantia que tota societat, i especialment els poders p\u00fablics, ha d\u2019assegurar perqu\u00e8 aix\u00f2 succeeixi. Els QR s\u00f3n un conjunt d\u2019eines facilitades per l&#8217;OMS que incentiven i acompanyen els governs i organitzacions de tot el m\u00f3n per avaluar i millorar la qualitat dels serveis i els drets humans, d&#8217;acord amb la Convenci\u00f3 de les Nacions Unides sobre els Drets de les Persones amb Discapacitat.<\/p>\n\n\n\n<p>Des de l&#8217;Hospital Sagrat Cor ens hem adherit a aquesta iniciativa oferint la formaci\u00f3 b\u00e0sica online en Quality Rights a tots els seus professionals de la salut mental. Aquesta formaci\u00f3 est\u00e0 inclosa com a part dels objectius fixats en el proc\u00e9s de Desenvolupament Professional Ordinari de l&#8217;any 2024.<\/p>\n","protected":false},"excerpt":{"rendered":"<p>L&#8217;Hospital Sagrat Cor, des del seu comprom\u00eds per vetllar pel respecte pels drets de les persones amb problemes de salut mental i alineat amb les iniciatives del Departament de Salut i el Pacte Nacional de Salut Mental, s&#8217;ha sumat a la iniciativa Quality Rights (QR) impulsada per l&#8217;Organitzaci\u00f3 Mundial de la Salut (OMS). El concepte [&hellip;]<\/p>\n","protected":false},"author":2,"featured_media":9161,"comment_status":"closed","ping_status":"closed","sticky":false,"template":"","format":"standard","meta":{"footnotes":""},"categories":[27],"tags":[],"class_list":["post-9159","post","type-post","status-publish","format-standard","has-post-thumbnail","hentry","category-actualitat"],"blocksy_meta":{"styles_descriptor":{"styles":{"desktop":"","tablet":"","mobile":""},"google_fonts":[],"version":6}},"featured_image_urls_v2":{"full":["https:\/\/fundaciohospitalariesmartorell.org\/entre-tots\/wp-content\/uploads\/2024\/05\/quality-rights.png",1130,631,false],"thumbnail":["https:\/\/fundaciohospitalariesmartorell.org\/entre-tots\/wp-content\/uploads\/2024\/05\/quality-rights-150x150.png",150,150,true],"medium":["https:\/\/fundaciohospitalariesmartorell.org\/entre-tots\/wp-content\/uploads\/2024\/05\/quality-rights-300x168.png",300,168,true],"medium_large":["https:\/\/fundaciohospitalariesmartorell.org\/entre-tots\/wp-content\/uploads\/2024\/05\/quality-rights-768x429.png",768,429,true],"large":["https:\/\/fundaciohospitalariesmartorell.org\/entre-tots\/wp-content\/uploads\/2024\/05\/quality-rights-1024x572.png",1024,572,true],"1536x1536":["https:\/\/fundaciohospitalariesmartorell.org\/entre-tots\/wp-content\/uploads\/2024\/05\/quality-rights.png",1130,631,false],"2048x2048":["https:\/\/fundaciohospitalariesmartorell.org\/entre-tots\/wp-content\/uploads\/2024\/05\/quality-rights.png",1130,631,false],"mailpoet_newsletter_max":["https:\/\/fundaciohospitalariesmartorell.org\/entre-tots\/wp-content\/uploads\/2024\/05\/quality-rights.png",1130,631,false]},"post_excerpt_stackable_v2":"<p>L&#8217;Hospital Sagrat Cor, des del seu comprom\u00eds per vetllar pel respecte pels drets de les persones amb problemes de salut mental i alineat amb les iniciatives del Departament de Salut i el Pacte Nacional de Salut Mental, s&#8217;ha sumat a la iniciativa Quality Rights (QR) impulsada per l&#8217;Organitzaci\u00f3 Mundial de la Salut (OMS). El concepte Quality Rights t\u00e9 com a objectiu promoure el respecte als drets b\u00e0sics de les persones amb problemes de salut mental, aix\u00ed com garantir la capacitat per exercir-los i la garantia que tota societat, i especialment els poders p\u00fablics, ha d\u2019assegurar perqu\u00e8 aix\u00f2 succeeixi. Els QR&hellip;<\/p>\n","category_list_v2":"<a href=\"https:\/\/fundaciohospitalariesmartorell.org\/entre-tots\/category\/actualitat\/\" rel=\"category tag\">ACTUALITAT<\/a>","author_info_v2":{"name":"Sagrat Cor","url":"https:\/\/fundaciohospitalariesmartorell.org\/entre-tots\/author\/daniel\/"},"comments_num_v2":"0 comments","_links":{"self":[{"href":"https:\/\/fundaciohospitalariesmartorell.org\/entre-tots\/wp-json\/wp\/v2\/posts\/9159","targetHints":{"allow":["GET"]}}],"collection":[{"href":"https:\/\/fundaciohospitalariesmartorell.org\/entre-tots\/wp-json\/wp\/v2\/posts"}],"about":[{"href":"https:\/\/fundaciohospitalariesmartorell.org\/entre-tots\/wp-json\/wp\/v2\/types\/post"}],"author":[{"embeddable":true,"href":"https:\/\/fundaciohospitalariesmartorell.org\/entre-tots\/wp-json\/wp\/v2\/users\/2"}],"replies":[{"embeddable":true,"href":"https:\/\/fundaciohospitalariesmartorell.org\/entre-tots\/wp-json\/wp\/v2\/comments?post=9159"}],"version-history":[{"count":3,"href":"https:\/\/fundaciohospitalariesmartorell.org\/entre-tots\/wp-json\/wp\/v2\/posts\/9159\/revisions"}],"predecessor-version":[{"id":9163,"href":"https:\/\/fundaciohospitalariesmartorell.org\/entre-tots\/wp-json\/wp\/v2\/posts\/9159\/revisions\/9163"}],"wp:featuredmedia":[{"embeddable":true,"href":"https:\/\/fundaciohospitalariesmartorell.org\/entre-tots\/wp-json\/wp\/v2\/media\/9161"}],"wp:attachment":[{"href":"https:\/\/fundaciohospitalariesmartorell.org\/entre-tots\/wp-json\/wp\/v2\/media?parent=9159"}],"wp:term":[{"taxonomy":"category","embeddable":true,"href":"https:\/\/fundaciohospitalariesmartorell.org\/entre-tots\/wp-json\/wp\/v2\/categories?post=9159"},{"taxonomy":"post_tag","embeddable":true,"href":"https:\/\/fundaciohospitalariesmartorell.org\/entre-tots\/wp-json\/wp\/v2\/tags?post=9159"}],"curies":[{"name":"wp","href":"https:\/\/api.w.org\/{rel}","templated":true}]}}