{"id":9164,"date":"2024-05-29T09:27:50","date_gmt":"2024-05-29T08:27:50","guid":{"rendered":"https:\/\/hospitalsagratcormartorell.org\/entre-tots\/?p=9164"},"modified":"2024-05-30T07:28:53","modified_gmt":"2024-05-30T06:28:53","slug":"lhospital-sagrat-cor-activa-un-pla-per-prevenir-la-violencia-en-el-lloc-de-treball-i-evitar-agressions-i-actes-violents-contra-el-personal-collaborador","status":"publish","type":"post","link":"https:\/\/fundaciohospitalariesmartorell.org\/entre-tots\/2024\/05\/lhospital-sagrat-cor-activa-un-pla-per-prevenir-la-violencia-en-el-lloc-de-treball-i-evitar-agressions-i-actes-violents-contra-el-personal-collaborador\/","title":{"rendered":"L\u2019Hospital Sagrat Cor  activa un pla per prevenir la viol\u00e8ncia en el lloc de treball i evitar agressions"},"content":{"rendered":"<figure style=\"aspect-ratio:auto; padding-top:0;padding-bottom:0;\" class=\"wp-block-post-featured-image\"><img loading=\"lazy\" decoding=\"async\" width=\"2560\" height=\"1920\" src=\"https:\/\/fundaciohospitalariesmartorell.org\/entre-tots\/wp-content\/uploads\/2024\/05\/20240502_102716-scaled.jpg\" class=\"attachment-post-thumbnail size-post-thumbnail wp-post-image\" alt=\"\" style=\"width:100%;height:100%;object-fit:cover;\" srcset=\"https:\/\/fundaciohospitalariesmartorell.org\/entre-tots\/wp-content\/uploads\/2024\/05\/20240502_102716-scaled.jpg 2560w, https:\/\/fundaciohospitalariesmartorell.org\/entre-tots\/wp-content\/uploads\/2024\/05\/20240502_102716-300x225.jpg 300w, https:\/\/fundaciohospitalariesmartorell.org\/entre-tots\/wp-content\/uploads\/2024\/05\/20240502_102716-1024x768.jpg 1024w, https:\/\/fundaciohospitalariesmartorell.org\/entre-tots\/wp-content\/uploads\/2024\/05\/20240502_102716-768x576.jpg 768w, https:\/\/fundaciohospitalariesmartorell.org\/entre-tots\/wp-content\/uploads\/2024\/05\/20240502_102716-1536x1152.jpg 1536w, https:\/\/fundaciohospitalariesmartorell.org\/entre-tots\/wp-content\/uploads\/2024\/05\/20240502_102716-2048x1536.jpg 2048w, https:\/\/fundaciohospitalariesmartorell.org\/entre-tots\/wp-content\/uploads\/2024\/05\/20240502_102716-1320x990.jpg 1320w\" sizes=\"auto, (max-width: 2560px) 100vw, 2560px\" \/><\/figure>\n\n\n<p>El Comit\u00e8 de Seguretat i Salut Laboral ha donat llum verda al Pla d&#8217;Actuaci\u00f3 contra la viol\u00e8ncia externa en el treball, amb l\u2019objectiu de prevenir agressions i actes violents dirigits als treballadors i les treballadores, tant dins de l&#8217;hospital com en els serveis comunitaris.<\/p>\n\n\n\n<p>En coher\u00e8ncia amb la pol\u00edtica de toler\u00e0ncia zero de l\u2019hospital envers la viol\u00e8ncia i les agressions, aquest pla t\u00e9 com a finalitat assegurar un entorn laboral segur i respectu\u00f3s per a tothom, tant per al personal col\u00b7laborador com per les persones usu\u00e0ries.<\/p>\n\n\n\n<div class=\"wp-block-stackable-carousel stk-block-carousel stk--is-slide stk--arrows-justify-space-between stk--arrows-align-center stk-block stk-4239a39\" data-slides-to-show=\"\" data-block-id=\"4239a39\"><div class=\"stk-block-carousel__content-wrapper\"><div class=\"stk-row stk-inner-blocks stk-block-content stk-block-carousel__slider-wrapper stk-content-align stk-4239a39-column\"><div class=\"stk-block-carousel__slider\" role=\"list\" data-autoplay=\"4000\" data-label-slide-of=\"Slide %%d of %%d\">\n<div class=\"wp-block-stackable-column stk-block-column stk-column stk-block stk-ef5ac2e\" data-v=\"4\" data-block-id=\"ef5ac2e\"><div class=\"stk-column-wrapper stk-block-column__content stk-container stk-ef5ac2e-container stk--no-background stk--no-padding\"><div class=\"stk-block-content stk-inner-blocks stk-ef5ac2e-inner-blocks\">\n<figure class=\"wp-block-image size-large\"><img loading=\"lazy\" decoding=\"async\" width=\"1024\" height=\"768\" src=\"https:\/\/hospitalsagratcormartorell.org\/entre-tots\/wp-content\/uploads\/2024\/05\/20240502_102057-1024x768.jpg\" alt=\"\" class=\"wp-image-9169\" srcset=\"https:\/\/fundaciohospitalariesmartorell.org\/entre-tots\/wp-content\/uploads\/2024\/05\/20240502_102057-1024x768.jpg 1024w, https:\/\/fundaciohospitalariesmartorell.org\/entre-tots\/wp-content\/uploads\/2024\/05\/20240502_102057-300x225.jpg 300w, https:\/\/fundaciohospitalariesmartorell.org\/entre-tots\/wp-content\/uploads\/2024\/05\/20240502_102057-768x576.jpg 768w, https:\/\/fundaciohospitalariesmartorell.org\/entre-tots\/wp-content\/uploads\/2024\/05\/20240502_102057-1536x1152.jpg 1536w, https:\/\/fundaciohospitalariesmartorell.org\/entre-tots\/wp-content\/uploads\/2024\/05\/20240502_102057-2048x1536.jpg 2048w, https:\/\/fundaciohospitalariesmartorell.org\/entre-tots\/wp-content\/uploads\/2024\/05\/20240502_102057-1320x990.jpg 1320w\" sizes=\"auto, (max-width: 1024px) 100vw, 1024px\" \/><\/figure>\n<\/div><\/div><\/div>\n\n\n\n<div class=\"wp-block-stackable-column stk-block-column stk-column stk-block stk-c8eb40f\" data-v=\"4\" data-block-id=\"c8eb40f\"><div class=\"stk-column-wrapper stk-block-column__content stk-container stk-c8eb40f-container stk--no-background stk--no-padding\"><div class=\"stk-block-content stk-inner-blocks stk-c8eb40f-inner-blocks\">\n<figure class=\"wp-block-image size-large\"><img loading=\"lazy\" decoding=\"async\" width=\"1024\" height=\"768\" src=\"https:\/\/hospitalsagratcormartorell.org\/entre-tots\/wp-content\/uploads\/2024\/05\/20240502_102000-1024x768.jpg\" alt=\"\" class=\"wp-image-9168\" srcset=\"https:\/\/fundaciohospitalariesmartorell.org\/entre-tots\/wp-content\/uploads\/2024\/05\/20240502_102000-1024x768.jpg 1024w, https:\/\/fundaciohospitalariesmartorell.org\/entre-tots\/wp-content\/uploads\/2024\/05\/20240502_102000-300x225.jpg 300w, https:\/\/fundaciohospitalariesmartorell.org\/entre-tots\/wp-content\/uploads\/2024\/05\/20240502_102000-768x576.jpg 768w, https:\/\/fundaciohospitalariesmartorell.org\/entre-tots\/wp-content\/uploads\/2024\/05\/20240502_102000-1536x1152.jpg 1536w, https:\/\/fundaciohospitalariesmartorell.org\/entre-tots\/wp-content\/uploads\/2024\/05\/20240502_102000-2048x1536.jpg 2048w, https:\/\/fundaciohospitalariesmartorell.org\/entre-tots\/wp-content\/uploads\/2024\/05\/20240502_102000-1320x990.jpg 1320w\" sizes=\"auto, (max-width: 1024px) 100vw, 1024px\" \/><\/figure>\n<\/div><\/div><\/div>\n\n\n\n<div class=\"wp-block-stackable-column stk-block-column stk-column stk-block stk-25c41b4\" data-v=\"4\" data-block-id=\"25c41b4\"><div class=\"stk-column-wrapper stk-block-column__content stk-container stk-25c41b4-container stk--no-background stk--no-padding\"><div class=\"stk-block-content stk-inner-blocks stk-25c41b4-inner-blocks\">\n<figure class=\"wp-block-image size-large\"><img loading=\"lazy\" decoding=\"async\" width=\"1024\" height=\"768\" src=\"https:\/\/hospitalsagratcormartorell.org\/entre-tots\/wp-content\/uploads\/2024\/05\/20240502_101549-1024x768.jpg\" alt=\"\" class=\"wp-image-9167\" srcset=\"https:\/\/fundaciohospitalariesmartorell.org\/entre-tots\/wp-content\/uploads\/2024\/05\/20240502_101549-1024x768.jpg 1024w, https:\/\/fundaciohospitalariesmartorell.org\/entre-tots\/wp-content\/uploads\/2024\/05\/20240502_101549-300x225.jpg 300w, https:\/\/fundaciohospitalariesmartorell.org\/entre-tots\/wp-content\/uploads\/2024\/05\/20240502_101549-768x576.jpg 768w, https:\/\/fundaciohospitalariesmartorell.org\/entre-tots\/wp-content\/uploads\/2024\/05\/20240502_101549-1536x1152.jpg 1536w, https:\/\/fundaciohospitalariesmartorell.org\/entre-tots\/wp-content\/uploads\/2024\/05\/20240502_101549-2048x1536.jpg 2048w, https:\/\/fundaciohospitalariesmartorell.org\/entre-tots\/wp-content\/uploads\/2024\/05\/20240502_101549-1320x990.jpg 1320w\" sizes=\"auto, (max-width: 1024px) 100vw, 1024px\" \/><\/figure>\n<\/div><\/div><\/div>\n\n\n\n<div class=\"wp-block-stackable-column stk-block-column stk-column stk-block stk-db0f65e\" data-v=\"4\" data-block-id=\"db0f65e\"><div class=\"stk-column-wrapper stk-block-column__content stk-container stk-db0f65e-container stk--no-background stk--no-padding\"><div class=\"stk-block-content stk-inner-blocks stk-db0f65e-inner-blocks\">\n<figure class=\"wp-block-image size-large\"><img loading=\"lazy\" decoding=\"async\" width=\"1024\" height=\"768\" src=\"https:\/\/hospitalsagratcormartorell.org\/entre-tots\/wp-content\/uploads\/2024\/05\/20240502_101530-1024x768.jpg\" alt=\"\" class=\"wp-image-9166\" srcset=\"https:\/\/fundaciohospitalariesmartorell.org\/entre-tots\/wp-content\/uploads\/2024\/05\/20240502_101530-1024x768.jpg 1024w, https:\/\/fundaciohospitalariesmartorell.org\/entre-tots\/wp-content\/uploads\/2024\/05\/20240502_101530-300x225.jpg 300w, https:\/\/fundaciohospitalariesmartorell.org\/entre-tots\/wp-content\/uploads\/2024\/05\/20240502_101530-768x576.jpg 768w, https:\/\/fundaciohospitalariesmartorell.org\/entre-tots\/wp-content\/uploads\/2024\/05\/20240502_101530-1536x1152.jpg 1536w, https:\/\/fundaciohospitalariesmartorell.org\/entre-tots\/wp-content\/uploads\/2024\/05\/20240502_101530-2048x1536.jpg 2048w, https:\/\/fundaciohospitalariesmartorell.org\/entre-tots\/wp-content\/uploads\/2024\/05\/20240502_101530-1320x990.jpg 1320w\" sizes=\"auto, (max-width: 1024px) 100vw, 1024px\" \/><\/figure>\n<\/div><\/div><\/div>\n<\/div><div class=\"stk-block-carousel__buttons\"><button class=\"stk-block-carousel__button stk-block-carousel__button__prev\" aria-label=\"Previous slide\"><svg aria-hidden=\"true\" focusable=\"false\" data-prefix=\"fas\" data-icon=\"chevron-left\" class=\"svg-inline--fa fa-chevron-left\" xmlns=\"http:\/\/www.w3.org\/2000\/svg\" viewBox=\"0 0 320 512\" width=\"32\" height=\"32\"><path d=\"M34.52 239.03L228.87 44.69c9.37-9.37 24.57-9.37 33.94 0l22.67 22.67c9.36 9.36 9.37 24.52.04 33.9L131.49 256l154.02 154.75c9.34 9.38 9.32 24.54-.04 33.9l-22.67 22.67c-9.37 9.37-24.57 9.37-33.94 0L34.52 272.97c-9.37-9.37-9.37-24.57 0-33.94z\"><\/path><\/svg><\/button><button class=\"stk-block-carousel__button stk-block-carousel__button__next\" aria-label=\"Next slide\"><svg aria-hidden=\"true\" focusable=\"false\" data-prefix=\"fas\" data-icon=\"chevron-right\" class=\"svg-inline--fa fa-chevron-right\" xmlns=\"http:\/\/www.w3.org\/2000\/svg\" viewBox=\"0 0 320 512\" width=\"32\" height=\"32\"><path d=\"M285.476 272.971L91.132 467.314c-9.373 9.373-24.569 9.373-33.941 0l-22.667-22.667c-9.357-9.357-9.375-24.522-.04-33.901L188.505 256 34.484 101.255c-9.335-9.379-9.317-24.544.04-33.901l22.667-22.667c9.373-9.373 24.569-9.373 33.941 0L285.475 239.03c9.373 9.372 9.373 24.568.001 33.941z\"><\/path><\/svg><\/button><\/div><\/div><div class=\"stk-block-carousel__dots\" role=\"list\" data-label=\"Slide %%d\"><\/div><\/div><\/div>\n\n\n\n<p>Per promoure una major difusi\u00f3 d&#8217;aquest pla i fer que tant les persones usu\u00e0ries i els seus familiars coneguin aquesta pol\u00edtica i les seves conseq\u00fc\u00e8ncies, els delegats de prevenci\u00f3, Carolina Merino i Ricardo Navarro, juntament amb la t\u00e8cnica d&#8217;enlla\u00e7 de prevenci\u00f3 de riscos laborals, Beatriz Matoses, han instal\u00b7lat cartells informatius en diversos espais visibles dels centres.<\/p>\n\n\n\n<p>Aquests cartells no nom\u00e9s destaquen la pol\u00edtica de toler\u00e0ncia zero de l\u2019Hospital Sagrat Cor contra la viol\u00e8ncia i les agressions, sin\u00f3 que tamb\u00e9 recorden la prohibici\u00f3 de captar i difondre imatges del personal i de les persones usu\u00e0ries sense el seu consentiment, en conformitat amb les disposicions legals pertinents (Llei Org\u00e0nica 1\/1982 i Llei Org\u00e0nica 3\/2018).<\/p>\n","protected":false},"excerpt":{"rendered":"<p>El Comit\u00e8 de Seguretat i Salut Laboral ha donat llum verda al Pla d&#8217;Actuaci\u00f3 contra la viol\u00e8ncia externa en el treball, amb l\u2019objectiu de prevenir agressions i actes violents dirigits als treballadors i les treballadores, tant dins de l&#8217;hospital com en els serveis comunitaris. En coher\u00e8ncia amb la pol\u00edtica de toler\u00e0ncia zero de l\u2019hospital envers [&hellip;]<\/p>\n","protected":false},"author":2,"featured_media":9170,"comment_status":"closed","ping_status":"closed","sticky":false,"template":"","format":"standard","meta":{"footnotes":""},"categories":[27],"tags":[],"class_list":["post-9164","post","type-post","status-publish","format-standard","has-post-thumbnail","hentry","category-actualitat"],"blocksy_meta":{"styles_descriptor":{"styles":{"desktop":"","tablet":"","mobile":""},"google_fonts":[],"version":6}},"featured_image_urls_v2":{"full":["https:\/\/fundaciohospitalariesmartorell.org\/entre-tots\/wp-content\/uploads\/2024\/05\/20240502_102716-scaled.jpg",2560,1920,false],"thumbnail":["https:\/\/fundaciohospitalariesmartorell.org\/entre-tots\/wp-content\/uploads\/2024\/05\/20240502_102716-150x150.jpg",150,150,true],"medium":["https:\/\/fundaciohospitalariesmartorell.org\/entre-tots\/wp-content\/uploads\/2024\/05\/20240502_102716-300x225.jpg",300,225,true],"medium_large":["https:\/\/fundaciohospitalariesmartorell.org\/entre-tots\/wp-content\/uploads\/2024\/05\/20240502_102716-768x576.jpg",768,576,true],"large":["https:\/\/fundaciohospitalariesmartorell.org\/entre-tots\/wp-content\/uploads\/2024\/05\/20240502_102716-1024x768.jpg",1024,768,true],"1536x1536":["https:\/\/fundaciohospitalariesmartorell.org\/entre-tots\/wp-content\/uploads\/2024\/05\/20240502_102716-1536x1152.jpg",1536,1152,true],"2048x2048":["https:\/\/fundaciohospitalariesmartorell.org\/entre-tots\/wp-content\/uploads\/2024\/05\/20240502_102716-2048x1536.jpg",2048,1536,true],"mailpoet_newsletter_max":["https:\/\/fundaciohospitalariesmartorell.org\/entre-tots\/wp-content\/uploads\/2024\/05\/20240502_102716-1320x990.jpg",1320,990,true]},"post_excerpt_stackable_v2":"<p>El Comit\u00e8 de Seguretat i Salut Laboral ha donat llum verda al Pla d&#8217;Actuaci\u00f3 contra la viol\u00e8ncia externa en el treball, amb l\u2019objectiu de prevenir agressions i actes violents dirigits als treballadors i les treballadores, tant dins de l&#8217;hospital com en els serveis comunitaris. En coher\u00e8ncia amb la pol\u00edtica de toler\u00e0ncia zero de l\u2019hospital envers la viol\u00e8ncia i les agressions, aquest pla t\u00e9 com a finalitat assegurar un entorn laboral segur i respectu\u00f3s per a tothom, tant per al personal col\u00b7laborador com per les persones usu\u00e0ries. Per promoure una major difusi\u00f3 d&#8217;aquest pla i fer que tant les persones usu\u00e0ries&hellip;<\/p>\n","category_list_v2":"<a href=\"https:\/\/fundaciohospitalariesmartorell.org\/entre-tots\/category\/actualitat\/\" rel=\"category tag\">ACTUALITAT<\/a>","author_info_v2":{"name":"Sagrat Cor","url":"https:\/\/fundaciohospitalariesmartorell.org\/entre-tots\/author\/daniel\/"},"comments_num_v2":"0 comments","_links":{"self":[{"href":"https:\/\/fundaciohospitalariesmartorell.org\/entre-tots\/wp-json\/wp\/v2\/posts\/9164","targetHints":{"allow":["GET"]}}],"collection":[{"href":"https:\/\/fundaciohospitalariesmartorell.org\/entre-tots\/wp-json\/wp\/v2\/posts"}],"about":[{"href":"https:\/\/fundaciohospitalariesmartorell.org\/entre-tots\/wp-json\/wp\/v2\/types\/post"}],"author":[{"embeddable":true,"href":"https:\/\/fundaciohospitalariesmartorell.org\/entre-tots\/wp-json\/wp\/v2\/users\/2"}],"replies":[{"embeddable":true,"href":"https:\/\/fundaciohospitalariesmartorell.org\/entre-tots\/wp-json\/wp\/v2\/comments?post=9164"}],"version-history":[{"count":6,"href":"https:\/\/fundaciohospitalariesmartorell.org\/entre-tots\/wp-json\/wp\/v2\/posts\/9164\/revisions"}],"predecessor-version":[{"id":9314,"href":"https:\/\/fundaciohospitalariesmartorell.org\/entre-tots\/wp-json\/wp\/v2\/posts\/9164\/revisions\/9314"}],"wp:featuredmedia":[{"embeddable":true,"href":"https:\/\/fundaciohospitalariesmartorell.org\/entre-tots\/wp-json\/wp\/v2\/media\/9170"}],"wp:attachment":[{"href":"https:\/\/fundaciohospitalariesmartorell.org\/entre-tots\/wp-json\/wp\/v2\/media?parent=9164"}],"wp:term":[{"taxonomy":"category","embeddable":true,"href":"https:\/\/fundaciohospitalariesmartorell.org\/entre-tots\/wp-json\/wp\/v2\/categories?post=9164"},{"taxonomy":"post_tag","embeddable":true,"href":"https:\/\/fundaciohospitalariesmartorell.org\/entre-tots\/wp-json\/wp\/v2\/tags?post=9164"}],"curies":[{"name":"wp","href":"https:\/\/api.w.org\/{rel}","templated":true}]}}