{"id":9177,"date":"2024-05-29T09:39:23","date_gmt":"2024-05-29T08:39:23","guid":{"rendered":"https:\/\/hospitalsagratcormartorell.org\/entre-tots\/?p=9177"},"modified":"2024-05-29T16:01:56","modified_gmt":"2024-05-29T15:01:56","slug":"mes-de-140-assistents-a-les-iv-jornades-catalanes-dhospitals-de-dia-dadults-de-salut-mental","status":"publish","type":"post","link":"https:\/\/fundaciohospitalariesmartorell.org\/entre-tots\/2024\/05\/mes-de-140-assistents-a-les-iv-jornades-catalanes-dhospitals-de-dia-dadults-de-salut-mental\/","title":{"rendered":"M\u00e9s de 140 assistents a les IV Jornades Catalanes d\u2019Hospitals de Dia d\u2019Adults de Salut Mental"},"content":{"rendered":"<figure style=\"aspect-ratio:auto; padding-top:0;padding-bottom:0;\" class=\"wp-block-post-featured-image\"><img loading=\"lazy\" decoding=\"async\" width=\"2544\" height=\"1912\" src=\"https:\/\/fundaciohospitalariesmartorell.org\/entre-tots\/wp-content\/uploads\/2024\/05\/Captura-de-pantalla-2024-05-29-a-les-10.35.16.jpg\" class=\"attachment-post-thumbnail size-post-thumbnail wp-post-image\" alt=\"\" style=\"width:100%;height:100%;object-fit:cover;\" srcset=\"https:\/\/fundaciohospitalariesmartorell.org\/entre-tots\/wp-content\/uploads\/2024\/05\/Captura-de-pantalla-2024-05-29-a-les-10.35.16.jpg 2544w, https:\/\/fundaciohospitalariesmartorell.org\/entre-tots\/wp-content\/uploads\/2024\/05\/Captura-de-pantalla-2024-05-29-a-les-10.35.16-300x225.jpg 300w, https:\/\/fundaciohospitalariesmartorell.org\/entre-tots\/wp-content\/uploads\/2024\/05\/Captura-de-pantalla-2024-05-29-a-les-10.35.16-1024x770.jpg 1024w, https:\/\/fundaciohospitalariesmartorell.org\/entre-tots\/wp-content\/uploads\/2024\/05\/Captura-de-pantalla-2024-05-29-a-les-10.35.16-768x577.jpg 768w, https:\/\/fundaciohospitalariesmartorell.org\/entre-tots\/wp-content\/uploads\/2024\/05\/Captura-de-pantalla-2024-05-29-a-les-10.35.16-1536x1154.jpg 1536w, https:\/\/fundaciohospitalariesmartorell.org\/entre-tots\/wp-content\/uploads\/2024\/05\/Captura-de-pantalla-2024-05-29-a-les-10.35.16-2048x1539.jpg 2048w, https:\/\/fundaciohospitalariesmartorell.org\/entre-tots\/wp-content\/uploads\/2024\/05\/Captura-de-pantalla-2024-05-29-a-les-10.35.16-1320x992.jpg 1320w\" sizes=\"auto, (max-width: 2544px) 100vw, 2544px\" \/><\/figure>\n\n\n<p>Les IV Jornades Catalanes d\u2019Hospitals de Dia d\u2019Adults de Salut Mental, organitzades per Germanes Hospital\u00e0ries, amb la col\u00b7laboraci\u00f3 de FIDMAG Germanes Hospital\u00e0ries Research Foundation, van congregar m\u00e9s de 140 assistents, en la seva edici\u00f3 m\u00e9s exitosa. Es van celebrar el 16 de maig a l\u2019Hospital Sant Rafael i el seu eix vertebrador va ser la identitat.<\/p>\n\n\n\n<figure class=\"wp-block-image size-large\"><img loading=\"lazy\" decoding=\"async\" width=\"1024\" height=\"650\" src=\"https:\/\/hospitalsagratcormartorell.org\/entre-tots\/wp-content\/uploads\/2024\/05\/Captura-de-pantalla-2024-05-29-a-les-10.38.26-1024x650.jpg\" alt=\"\" class=\"wp-image-9193\" srcset=\"https:\/\/fundaciohospitalariesmartorell.org\/entre-tots\/wp-content\/uploads\/2024\/05\/Captura-de-pantalla-2024-05-29-a-les-10.38.26-1024x650.jpg 1024w, https:\/\/fundaciohospitalariesmartorell.org\/entre-tots\/wp-content\/uploads\/2024\/05\/Captura-de-pantalla-2024-05-29-a-les-10.38.26-300x191.jpg 300w, https:\/\/fundaciohospitalariesmartorell.org\/entre-tots\/wp-content\/uploads\/2024\/05\/Captura-de-pantalla-2024-05-29-a-les-10.38.26-768x488.jpg 768w, https:\/\/fundaciohospitalariesmartorell.org\/entre-tots\/wp-content\/uploads\/2024\/05\/Captura-de-pantalla-2024-05-29-a-les-10.38.26-1536x976.jpg 1536w, https:\/\/fundaciohospitalariesmartorell.org\/entre-tots\/wp-content\/uploads\/2024\/05\/Captura-de-pantalla-2024-05-29-a-les-10.38.26-2048x1301.jpg 2048w, https:\/\/fundaciohospitalariesmartorell.org\/entre-tots\/wp-content\/uploads\/2024\/05\/Captura-de-pantalla-2024-05-29-a-les-10.38.26-1320x838.jpg 1320w\" sizes=\"auto, (max-width: 1024px) 100vw, 1024px\" \/><\/figure>\n\n\n\n<p>La benvinguda va ser a c\u00e0rrec de sor Luz Divina, superiora de l\u2019Hospital Sant Rafael; Josep Tristany, director del Pla Director de Salut Mental i Addiccions del Departament de Salut; i la doctora Pilar Muley, psiquiatra i membre del comit\u00e8 organitzador de les jornades. Segons la Dra. Muley, aquesta 4a edici\u00f3 ha superat les expectatives i, a banda de professionals de centres de salut mental de tot Catalunya tamb\u00e9 han cridat l\u2019atenci\u00f3 de persones que treballen en altres \u00e0mbits. \u201cUn altre aspecte diferencial respecte a edicions anteriors ha estat el nombre de p\u00f2sters que s\u2019han presentat, m\u00e9s d\u2019una vintena\u201d, destaca.<\/p>\n\n\n\n<p>Podeu trobar m\u00e9s informaci\u00f3 <a href=\"https:\/\/hospitalsagratcormartorell.org\/la-identitat-leix-central-de-les-iv-jornades-catalanes-dhospitals-de-dia-dadults-de-salut-mental\/\">aqu\u00ed<\/a>.<\/p>\n\n\n\n<figure class=\"wp-block-gallery has-nested-images columns-3 is-cropped wp-block-gallery-1 is-layout-flex wp-block-gallery-is-layout-flex\">\n<figure class=\"wp-block-image size-large\"><img loading=\"lazy\" decoding=\"async\" width=\"576\" height=\"1024\" data-id=\"9188\" src=\"https:\/\/hospitalsagratcormartorell.org\/entre-tots\/wp-content\/uploads\/2024\/05\/IMG_1467-576x1024.jpg\" alt=\"\" class=\"wp-image-9188\" srcset=\"https:\/\/fundaciohospitalariesmartorell.org\/entre-tots\/wp-content\/uploads\/2024\/05\/IMG_1467-576x1024.jpg 576w, https:\/\/fundaciohospitalariesmartorell.org\/entre-tots\/wp-content\/uploads\/2024\/05\/IMG_1467-169x300.jpg 169w, https:\/\/fundaciohospitalariesmartorell.org\/entre-tots\/wp-content\/uploads\/2024\/05\/IMG_1467-768x1365.jpg 768w, https:\/\/fundaciohospitalariesmartorell.org\/entre-tots\/wp-content\/uploads\/2024\/05\/IMG_1467-864x1536.jpg 864w, https:\/\/fundaciohospitalariesmartorell.org\/entre-tots\/wp-content\/uploads\/2024\/05\/IMG_1467-1152x2048.jpg 1152w, https:\/\/fundaciohospitalariesmartorell.org\/entre-tots\/wp-content\/uploads\/2024\/05\/IMG_1467-1320x2347.jpg 1320w, https:\/\/fundaciohospitalariesmartorell.org\/entre-tots\/wp-content\/uploads\/2024\/05\/IMG_1467-scaled.jpg 1440w\" sizes=\"auto, (max-width: 576px) 100vw, 576px\" \/><\/figure>\n\n\n\n<figure class=\"wp-block-image size-large\"><img loading=\"lazy\" decoding=\"async\" width=\"576\" height=\"1024\" data-id=\"9187\" src=\"https:\/\/hospitalsagratcormartorell.org\/entre-tots\/wp-content\/uploads\/2024\/05\/IMG_1463-576x1024.jpg\" alt=\"\" class=\"wp-image-9187\" srcset=\"https:\/\/fundaciohospitalariesmartorell.org\/entre-tots\/wp-content\/uploads\/2024\/05\/IMG_1463-576x1024.jpg 576w, https:\/\/fundaciohospitalariesmartorell.org\/entre-tots\/wp-content\/uploads\/2024\/05\/IMG_1463-169x300.jpg 169w, https:\/\/fundaciohospitalariesmartorell.org\/entre-tots\/wp-content\/uploads\/2024\/05\/IMG_1463-768x1365.jpg 768w, https:\/\/fundaciohospitalariesmartorell.org\/entre-tots\/wp-content\/uploads\/2024\/05\/IMG_1463-864x1536.jpg 864w, https:\/\/fundaciohospitalariesmartorell.org\/entre-tots\/wp-content\/uploads\/2024\/05\/IMG_1463-1152x2048.jpg 1152w, https:\/\/fundaciohospitalariesmartorell.org\/entre-tots\/wp-content\/uploads\/2024\/05\/IMG_1463-1320x2347.jpg 1320w, https:\/\/fundaciohospitalariesmartorell.org\/entre-tots\/wp-content\/uploads\/2024\/05\/IMG_1463-scaled.jpg 1440w\" sizes=\"auto, (max-width: 576px) 100vw, 576px\" \/><\/figure>\n\n\n\n<figure class=\"wp-block-image size-large\"><img loading=\"lazy\" decoding=\"async\" width=\"576\" height=\"1024\" data-id=\"9186\" src=\"https:\/\/hospitalsagratcormartorell.org\/entre-tots\/wp-content\/uploads\/2024\/05\/IMG_1447-576x1024.jpg\" alt=\"\" class=\"wp-image-9186\" srcset=\"https:\/\/fundaciohospitalariesmartorell.org\/entre-tots\/wp-content\/uploads\/2024\/05\/IMG_1447-576x1024.jpg 576w, https:\/\/fundaciohospitalariesmartorell.org\/entre-tots\/wp-content\/uploads\/2024\/05\/IMG_1447-169x300.jpg 169w, https:\/\/fundaciohospitalariesmartorell.org\/entre-tots\/wp-content\/uploads\/2024\/05\/IMG_1447-768x1365.jpg 768w, https:\/\/fundaciohospitalariesmartorell.org\/entre-tots\/wp-content\/uploads\/2024\/05\/IMG_1447-864x1536.jpg 864w, https:\/\/fundaciohospitalariesmartorell.org\/entre-tots\/wp-content\/uploads\/2024\/05\/IMG_1447-1152x2048.jpg 1152w, https:\/\/fundaciohospitalariesmartorell.org\/entre-tots\/wp-content\/uploads\/2024\/05\/IMG_1447-1320x2347.jpg 1320w, https:\/\/fundaciohospitalariesmartorell.org\/entre-tots\/wp-content\/uploads\/2024\/05\/IMG_1447-scaled.jpg 1440w\" sizes=\"auto, (max-width: 576px) 100vw, 576px\" \/><\/figure>\n\n\n\n<figure class=\"wp-block-image size-large\"><img loading=\"lazy\" decoding=\"async\" width=\"576\" height=\"1024\" data-id=\"9184\" src=\"https:\/\/hospitalsagratcormartorell.org\/entre-tots\/wp-content\/uploads\/2024\/05\/IMG_1396-1-576x1024.jpg\" alt=\"\" class=\"wp-image-9184\" srcset=\"https:\/\/fundaciohospitalariesmartorell.org\/entre-tots\/wp-content\/uploads\/2024\/05\/IMG_1396-1-576x1024.jpg 576w, https:\/\/fundaciohospitalariesmartorell.org\/entre-tots\/wp-content\/uploads\/2024\/05\/IMG_1396-1-169x300.jpg 169w, https:\/\/fundaciohospitalariesmartorell.org\/entre-tots\/wp-content\/uploads\/2024\/05\/IMG_1396-1-768x1365.jpg 768w, https:\/\/fundaciohospitalariesmartorell.org\/entre-tots\/wp-content\/uploads\/2024\/05\/IMG_1396-1-864x1536.jpg 864w, https:\/\/fundaciohospitalariesmartorell.org\/entre-tots\/wp-content\/uploads\/2024\/05\/IMG_1396-1-1152x2048.jpg 1152w, https:\/\/fundaciohospitalariesmartorell.org\/entre-tots\/wp-content\/uploads\/2024\/05\/IMG_1396-1-1320x2347.jpg 1320w, https:\/\/fundaciohospitalariesmartorell.org\/entre-tots\/wp-content\/uploads\/2024\/05\/IMG_1396-1-scaled.jpg 1440w\" sizes=\"auto, (max-width: 576px) 100vw, 576px\" \/><\/figure>\n\n\n\n<figure class=\"wp-block-image size-large\"><img loading=\"lazy\" decoding=\"async\" width=\"768\" height=\"1024\" data-id=\"9183\" src=\"https:\/\/hospitalsagratcormartorell.org\/entre-tots\/wp-content\/uploads\/2024\/05\/IMG_1364-768x1024.jpg\" alt=\"\" class=\"wp-image-9183\" srcset=\"https:\/\/fundaciohospitalariesmartorell.org\/entre-tots\/wp-content\/uploads\/2024\/05\/IMG_1364-768x1024.jpg 768w, https:\/\/fundaciohospitalariesmartorell.org\/entre-tots\/wp-content\/uploads\/2024\/05\/IMG_1364-225x300.jpg 225w, https:\/\/fundaciohospitalariesmartorell.org\/entre-tots\/wp-content\/uploads\/2024\/05\/IMG_1364-1152x1536.jpg 1152w, https:\/\/fundaciohospitalariesmartorell.org\/entre-tots\/wp-content\/uploads\/2024\/05\/IMG_1364-1536x2048.jpg 1536w, https:\/\/fundaciohospitalariesmartorell.org\/entre-tots\/wp-content\/uploads\/2024\/05\/IMG_1364-1320x1760.jpg 1320w, https:\/\/fundaciohospitalariesmartorell.org\/entre-tots\/wp-content\/uploads\/2024\/05\/IMG_1364-scaled.jpg 1920w\" sizes=\"auto, (max-width: 768px) 100vw, 768px\" \/><\/figure>\n\n\n\n<figure class=\"wp-block-image size-large\"><img loading=\"lazy\" decoding=\"async\" width=\"576\" height=\"1024\" data-id=\"9182\" src=\"https:\/\/hospitalsagratcormartorell.org\/entre-tots\/wp-content\/uploads\/2024\/05\/IMG_1358-576x1024.jpg\" alt=\"\" class=\"wp-image-9182\" srcset=\"https:\/\/fundaciohospitalariesmartorell.org\/entre-tots\/wp-content\/uploads\/2024\/05\/IMG_1358-576x1024.jpg 576w, https:\/\/fundaciohospitalariesmartorell.org\/entre-tots\/wp-content\/uploads\/2024\/05\/IMG_1358-169x300.jpg 169w, https:\/\/fundaciohospitalariesmartorell.org\/entre-tots\/wp-content\/uploads\/2024\/05\/IMG_1358-768x1365.jpg 768w, https:\/\/fundaciohospitalariesmartorell.org\/entre-tots\/wp-content\/uploads\/2024\/05\/IMG_1358-864x1536.jpg 864w, https:\/\/fundaciohospitalariesmartorell.org\/entre-tots\/wp-content\/uploads\/2024\/05\/IMG_1358-1152x2048.jpg 1152w, https:\/\/fundaciohospitalariesmartorell.org\/entre-tots\/wp-content\/uploads\/2024\/05\/IMG_1358-1320x2347.jpg 1320w, https:\/\/fundaciohospitalariesmartorell.org\/entre-tots\/wp-content\/uploads\/2024\/05\/IMG_1358-scaled.jpg 1440w\" sizes=\"auto, (max-width: 576px) 100vw, 576px\" \/><\/figure>\n<\/figure>\n","protected":false},"excerpt":{"rendered":"<p>Les IV Jornades Catalanes d\u2019Hospitals de Dia d\u2019Adults de Salut Mental, organitzades per Germanes Hospital\u00e0ries, amb la col\u00b7laboraci\u00f3 de FIDMAG Germanes Hospital\u00e0ries Research Foundation, van congregar m\u00e9s de 140 assistents, en la seva edici\u00f3 m\u00e9s exitosa. Es van celebrar el 16 de maig a l\u2019Hospital Sant Rafael i el seu eix vertebrador va ser la [&hellip;]<\/p>\n","protected":false},"author":2,"featured_media":9192,"comment_status":"closed","ping_status":"closed","sticky":false,"template":"","format":"standard","meta":{"footnotes":""},"categories":[27],"tags":[],"class_list":["post-9177","post","type-post","status-publish","format-standard","has-post-thumbnail","hentry","category-actualitat"],"blocksy_meta":{"styles_descriptor":{"styles":{"desktop":"","tablet":"","mobile":""},"google_fonts":[],"version":6}},"featured_image_urls_v2":{"full":["https:\/\/fundaciohospitalariesmartorell.org\/entre-tots\/wp-content\/uploads\/2024\/05\/Captura-de-pantalla-2024-05-29-a-les-10.35.16.jpg",2544,1912,false],"thumbnail":["https:\/\/fundaciohospitalariesmartorell.org\/entre-tots\/wp-content\/uploads\/2024\/05\/Captura-de-pantalla-2024-05-29-a-les-10.35.16-150x150.jpg",150,150,true],"medium":["https:\/\/fundaciohospitalariesmartorell.org\/entre-tots\/wp-content\/uploads\/2024\/05\/Captura-de-pantalla-2024-05-29-a-les-10.35.16-300x225.jpg",300,225,true],"medium_large":["https:\/\/fundaciohospitalariesmartorell.org\/entre-tots\/wp-content\/uploads\/2024\/05\/Captura-de-pantalla-2024-05-29-a-les-10.35.16-768x577.jpg",768,577,true],"large":["https:\/\/fundaciohospitalariesmartorell.org\/entre-tots\/wp-content\/uploads\/2024\/05\/Captura-de-pantalla-2024-05-29-a-les-10.35.16-1024x770.jpg",1024,770,true],"1536x1536":["https:\/\/fundaciohospitalariesmartorell.org\/entre-tots\/wp-content\/uploads\/2024\/05\/Captura-de-pantalla-2024-05-29-a-les-10.35.16-1536x1154.jpg",1536,1154,true],"2048x2048":["https:\/\/fundaciohospitalariesmartorell.org\/entre-tots\/wp-content\/uploads\/2024\/05\/Captura-de-pantalla-2024-05-29-a-les-10.35.16-2048x1539.jpg",2048,1539,true],"mailpoet_newsletter_max":["https:\/\/fundaciohospitalariesmartorell.org\/entre-tots\/wp-content\/uploads\/2024\/05\/Captura-de-pantalla-2024-05-29-a-les-10.35.16-1320x992.jpg",1320,992,true]},"post_excerpt_stackable_v2":"<p>Les IV Jornades Catalanes d\u2019Hospitals de Dia d\u2019Adults de Salut Mental, organitzades per Germanes Hospital\u00e0ries, amb la col\u00b7laboraci\u00f3 de FIDMAG Germanes Hospital\u00e0ries Research Foundation, van congregar m\u00e9s de 140 assistents, en la seva edici\u00f3 m\u00e9s exitosa. Es van celebrar el 16 de maig a l\u2019Hospital Sant Rafael i el seu eix vertebrador va ser la identitat. La benvinguda va ser a c\u00e0rrec de sor Luz Divina, superiora de l\u2019Hospital Sant Rafael; Josep Tristany, director del Pla Director de Salut Mental i Addiccions del Departament de Salut; i la doctora Pilar Muley, psiquiatra i membre del comit\u00e8 organitzador de les jornades.&hellip;<\/p>\n","category_list_v2":"<a href=\"https:\/\/fundaciohospitalariesmartorell.org\/entre-tots\/category\/actualitat\/\" rel=\"category tag\">ACTUALITAT<\/a>","author_info_v2":{"name":"Sagrat Cor","url":"https:\/\/fundaciohospitalariesmartorell.org\/entre-tots\/author\/daniel\/"},"comments_num_v2":"0 comments","_links":{"self":[{"href":"https:\/\/fundaciohospitalariesmartorell.org\/entre-tots\/wp-json\/wp\/v2\/posts\/9177","targetHints":{"allow":["GET"]}}],"collection":[{"href":"https:\/\/fundaciohospitalariesmartorell.org\/entre-tots\/wp-json\/wp\/v2\/posts"}],"about":[{"href":"https:\/\/fundaciohospitalariesmartorell.org\/entre-tots\/wp-json\/wp\/v2\/types\/post"}],"author":[{"embeddable":true,"href":"https:\/\/fundaciohospitalariesmartorell.org\/entre-tots\/wp-json\/wp\/v2\/users\/2"}],"replies":[{"embeddable":true,"href":"https:\/\/fundaciohospitalariesmartorell.org\/entre-tots\/wp-json\/wp\/v2\/comments?post=9177"}],"version-history":[{"count":3,"href":"https:\/\/fundaciohospitalariesmartorell.org\/entre-tots\/wp-json\/wp\/v2\/posts\/9177\/revisions"}],"predecessor-version":[{"id":9297,"href":"https:\/\/fundaciohospitalariesmartorell.org\/entre-tots\/wp-json\/wp\/v2\/posts\/9177\/revisions\/9297"}],"wp:featuredmedia":[{"embeddable":true,"href":"https:\/\/fundaciohospitalariesmartorell.org\/entre-tots\/wp-json\/wp\/v2\/media\/9192"}],"wp:attachment":[{"href":"https:\/\/fundaciohospitalariesmartorell.org\/entre-tots\/wp-json\/wp\/v2\/media?parent=9177"}],"wp:term":[{"taxonomy":"category","embeddable":true,"href":"https:\/\/fundaciohospitalariesmartorell.org\/entre-tots\/wp-json\/wp\/v2\/categories?post=9177"},{"taxonomy":"post_tag","embeddable":true,"href":"https:\/\/fundaciohospitalariesmartorell.org\/entre-tots\/wp-json\/wp\/v2\/tags?post=9177"}],"curies":[{"name":"wp","href":"https:\/\/api.w.org\/{rel}","templated":true}]}}