{"id":9195,"date":"2024-05-29T09:42:11","date_gmt":"2024-05-29T08:42:11","guid":{"rendered":"https:\/\/hospitalsagratcormartorell.org\/entre-tots\/?p=9195"},"modified":"2024-05-29T16:01:24","modified_gmt":"2024-05-29T15:01:24","slug":"lhospital-sagrat-cor-recapta-8-67992-e-per-fomentar-la-salut-mental-de-la-poblacio-vulnerable-de-yaounde-camerun","status":"publish","type":"post","link":"https:\/\/fundaciohospitalariesmartorell.org\/entre-tots\/2024\/05\/lhospital-sagrat-cor-recapta-8-67992-e-per-fomentar-la-salut-mental-de-la-poblacio-vulnerable-de-yaounde-camerun\/","title":{"rendered":"L&#8217;Hospital Sagrat Cor recapta 8.679,92 \u20ac per fomentar la salut mental de la poblaci\u00f3 vulnerable de Yaound\u00e9 (Camerun)"},"content":{"rendered":"<figure style=\"aspect-ratio:auto; padding-top:0;padding-bottom:0;\" class=\"wp-block-post-featured-image\"><img loading=\"lazy\" decoding=\"async\" width=\"2560\" height=\"1440\" src=\"https:\/\/fundaciohospitalariesmartorell.org\/entre-tots\/wp-content\/uploads\/2024\/05\/Younde-Horitzontal.png\" class=\"attachment-post-thumbnail size-post-thumbnail wp-post-image\" alt=\"\" style=\"width:100%;height:100%;object-fit:cover;\" srcset=\"https:\/\/fundaciohospitalariesmartorell.org\/entre-tots\/wp-content\/uploads\/2024\/05\/Younde-Horitzontal.png 2560w, https:\/\/fundaciohospitalariesmartorell.org\/entre-tots\/wp-content\/uploads\/2024\/05\/Younde-Horitzontal-300x169.png 300w, https:\/\/fundaciohospitalariesmartorell.org\/entre-tots\/wp-content\/uploads\/2024\/05\/Younde-Horitzontal-1024x576.png 1024w, https:\/\/fundaciohospitalariesmartorell.org\/entre-tots\/wp-content\/uploads\/2024\/05\/Younde-Horitzontal-768x432.png 768w, https:\/\/fundaciohospitalariesmartorell.org\/entre-tots\/wp-content\/uploads\/2024\/05\/Younde-Horitzontal-1536x864.png 1536w, https:\/\/fundaciohospitalariesmartorell.org\/entre-tots\/wp-content\/uploads\/2024\/05\/Younde-Horitzontal-2048x1152.png 2048w, https:\/\/fundaciohospitalariesmartorell.org\/entre-tots\/wp-content\/uploads\/2024\/05\/Younde-Horitzontal-1320x743.png 1320w\" sizes=\"auto, (max-width: 2560px) 100vw, 2560px\" \/><\/figure>\n\n\n<p>En el marc del comprom\u00eds ferm de l&#8217;Hospital Sagrat Cor amb la solidaritat i el benestar comunitari, i gr\u00e0cies a les diferents activitats solid\u00e0ries realitzades entre 2021 i 2023, hem aconseguit recaptar un total de 8.679,92 \u20ac per al projecte d&#8217;atenci\u00f3 i consulta en salut mental per a persones amb malaltia mental i sense sostre a Yaound\u00e9, al Camerun. Aquesta iniciativa, desenvolupada per la Fundaci\u00f3 Benito Menni de Germanes Hospital\u00e0ries, abasta l&#8217;acollida i tractament de persones amb malaltia mental, aix\u00ed com activitats de sensibilitzaci\u00f3 per a les fam\u00edlies dels pacients i la comunitat local.<\/p>\n\n\n\n<p>Podeu trobar m\u00e9s informaci\u00f3 <a href=\"https:\/\/hospitalsagratcormartorell.org\/lhospital-sagrat-cor-recaptar-8-67992-e-per-fomentar-la-salut-mental-de-la-poblacio-vulnerable-de-yaounde-camerun\/\">aqu\u00ed<\/a>.<\/p>\n","protected":false},"excerpt":{"rendered":"<p>En el marc del comprom\u00eds ferm de l&#8217;Hospital Sagrat Cor amb la solidaritat i el benestar comunitari, i gr\u00e0cies a les diferents activitats solid\u00e0ries realitzades entre 2021 i 2023, hem aconseguit recaptar un total de 8.679,92 \u20ac per al projecte d&#8217;atenci\u00f3 i consulta en salut mental per a persones amb malaltia mental i sense sostre [&hellip;]<\/p>\n","protected":false},"author":2,"featured_media":9295,"comment_status":"closed","ping_status":"closed","sticky":false,"template":"","format":"standard","meta":{"footnotes":""},"categories":[27],"tags":[],"class_list":["post-9195","post","type-post","status-publish","format-standard","has-post-thumbnail","hentry","category-actualitat"],"blocksy_meta":{"styles_descriptor":{"styles":{"desktop":"","tablet":"","mobile":""},"google_fonts":[],"version":6}},"featured_image_urls_v2":{"full":["https:\/\/fundaciohospitalariesmartorell.org\/entre-tots\/wp-content\/uploads\/2024\/05\/Younde-Horitzontal.png",2560,1440,false],"thumbnail":["https:\/\/fundaciohospitalariesmartorell.org\/entre-tots\/wp-content\/uploads\/2024\/05\/Younde-Horitzontal-150x150.png",150,150,true],"medium":["https:\/\/fundaciohospitalariesmartorell.org\/entre-tots\/wp-content\/uploads\/2024\/05\/Younde-Horitzontal-300x169.png",300,169,true],"medium_large":["https:\/\/fundaciohospitalariesmartorell.org\/entre-tots\/wp-content\/uploads\/2024\/05\/Younde-Horitzontal-768x432.png",768,432,true],"large":["https:\/\/fundaciohospitalariesmartorell.org\/entre-tots\/wp-content\/uploads\/2024\/05\/Younde-Horitzontal-1024x576.png",1024,576,true],"1536x1536":["https:\/\/fundaciohospitalariesmartorell.org\/entre-tots\/wp-content\/uploads\/2024\/05\/Younde-Horitzontal-1536x864.png",1536,864,true],"2048x2048":["https:\/\/fundaciohospitalariesmartorell.org\/entre-tots\/wp-content\/uploads\/2024\/05\/Younde-Horitzontal-2048x1152.png",2048,1152,true],"mailpoet_newsletter_max":["https:\/\/fundaciohospitalariesmartorell.org\/entre-tots\/wp-content\/uploads\/2024\/05\/Younde-Horitzontal-1320x743.png",1320,743,true]},"post_excerpt_stackable_v2":"<p>En el marc del comprom\u00eds ferm de l&#8217;Hospital Sagrat Cor amb la solidaritat i el benestar comunitari, i gr\u00e0cies a les diferents activitats solid\u00e0ries realitzades entre 2021 i 2023, hem aconseguit recaptar un total de 8.679,92 \u20ac per al projecte d&#8217;atenci\u00f3 i consulta en salut mental per a persones amb malaltia mental i sense sostre a Yaound\u00e9, al Camerun. Aquesta iniciativa, desenvolupada per la Fundaci\u00f3 Benito Menni de Germanes Hospital\u00e0ries, abasta l&#8217;acollida i tractament de persones amb malaltia mental, aix\u00ed com activitats de sensibilitzaci\u00f3 per a les fam\u00edlies dels pacients i la comunitat local. Podeu trobar m\u00e9s informaci\u00f3 aqu\u00ed.<\/p>\n","category_list_v2":"<a href=\"https:\/\/fundaciohospitalariesmartorell.org\/entre-tots\/category\/actualitat\/\" rel=\"category tag\">ACTUALITAT<\/a>","author_info_v2":{"name":"Sagrat Cor","url":"https:\/\/fundaciohospitalariesmartorell.org\/entre-tots\/author\/daniel\/"},"comments_num_v2":"0 comments","_links":{"self":[{"href":"https:\/\/fundaciohospitalariesmartorell.org\/entre-tots\/wp-json\/wp\/v2\/posts\/9195","targetHints":{"allow":["GET"]}}],"collection":[{"href":"https:\/\/fundaciohospitalariesmartorell.org\/entre-tots\/wp-json\/wp\/v2\/posts"}],"about":[{"href":"https:\/\/fundaciohospitalariesmartorell.org\/entre-tots\/wp-json\/wp\/v2\/types\/post"}],"author":[{"embeddable":true,"href":"https:\/\/fundaciohospitalariesmartorell.org\/entre-tots\/wp-json\/wp\/v2\/users\/2"}],"replies":[{"embeddable":true,"href":"https:\/\/fundaciohospitalariesmartorell.org\/entre-tots\/wp-json\/wp\/v2\/comments?post=9195"}],"version-history":[{"count":3,"href":"https:\/\/fundaciohospitalariesmartorell.org\/entre-tots\/wp-json\/wp\/v2\/posts\/9195\/revisions"}],"predecessor-version":[{"id":9296,"href":"https:\/\/fundaciohospitalariesmartorell.org\/entre-tots\/wp-json\/wp\/v2\/posts\/9195\/revisions\/9296"}],"wp:featuredmedia":[{"embeddable":true,"href":"https:\/\/fundaciohospitalariesmartorell.org\/entre-tots\/wp-json\/wp\/v2\/media\/9295"}],"wp:attachment":[{"href":"https:\/\/fundaciohospitalariesmartorell.org\/entre-tots\/wp-json\/wp\/v2\/media?parent=9195"}],"wp:term":[{"taxonomy":"category","embeddable":true,"href":"https:\/\/fundaciohospitalariesmartorell.org\/entre-tots\/wp-json\/wp\/v2\/categories?post=9195"},{"taxonomy":"post_tag","embeddable":true,"href":"https:\/\/fundaciohospitalariesmartorell.org\/entre-tots\/wp-json\/wp\/v2\/tags?post=9195"}],"curies":[{"name":"wp","href":"https:\/\/api.w.org\/{rel}","templated":true}]}}