{"id":9202,"date":"2024-05-29T09:44:00","date_gmt":"2024-05-29T08:44:00","guid":{"rendered":"https:\/\/hospitalsagratcormartorell.org\/entre-tots\/?p=9202"},"modified":"2024-05-29T15:59:34","modified_gmt":"2024-05-29T14:59:34","slug":"es-constitueix-a-lhospital-sagrat-cor-el-grup-de-treball-sobre-riscos-psicosocials","status":"publish","type":"post","link":"https:\/\/fundaciohospitalariesmartorell.org\/entre-tots\/2024\/05\/es-constitueix-a-lhospital-sagrat-cor-el-grup-de-treball-sobre-riscos-psicosocials\/","title":{"rendered":"Es constitueix a l\u2019Hospital Sagrat Cor el grup de treball sobre riscos psicosocials"},"content":{"rendered":"<figure style=\"aspect-ratio:auto; padding-top:0;padding-bottom:0;\" class=\"wp-block-post-featured-image\"><img loading=\"lazy\" decoding=\"async\" width=\"2144\" height=\"1530\" src=\"https:\/\/fundaciohospitalariesmartorell.org\/entre-tots\/wp-content\/uploads\/2024\/05\/Captura-de-pantalla-2024-05-29-a-les-10.43.44.jpg\" class=\"attachment-post-thumbnail size-post-thumbnail wp-post-image\" alt=\"\" style=\"width:100%;height:100%;object-fit:cover;\" srcset=\"https:\/\/fundaciohospitalariesmartorell.org\/entre-tots\/wp-content\/uploads\/2024\/05\/Captura-de-pantalla-2024-05-29-a-les-10.43.44.jpg 2144w, https:\/\/fundaciohospitalariesmartorell.org\/entre-tots\/wp-content\/uploads\/2024\/05\/Captura-de-pantalla-2024-05-29-a-les-10.43.44-300x214.jpg 300w, https:\/\/fundaciohospitalariesmartorell.org\/entre-tots\/wp-content\/uploads\/2024\/05\/Captura-de-pantalla-2024-05-29-a-les-10.43.44-1024x731.jpg 1024w, https:\/\/fundaciohospitalariesmartorell.org\/entre-tots\/wp-content\/uploads\/2024\/05\/Captura-de-pantalla-2024-05-29-a-les-10.43.44-768x548.jpg 768w, https:\/\/fundaciohospitalariesmartorell.org\/entre-tots\/wp-content\/uploads\/2024\/05\/Captura-de-pantalla-2024-05-29-a-les-10.43.44-1536x1096.jpg 1536w, https:\/\/fundaciohospitalariesmartorell.org\/entre-tots\/wp-content\/uploads\/2024\/05\/Captura-de-pantalla-2024-05-29-a-les-10.43.44-2048x1461.jpg 2048w, https:\/\/fundaciohospitalariesmartorell.org\/entre-tots\/wp-content\/uploads\/2024\/05\/Captura-de-pantalla-2024-05-29-a-les-10.43.44-1320x942.jpg 1320w\" sizes=\"auto, (max-width: 2144px) 100vw, 2144px\" \/><\/figure>\n\n\n<p>El mes de maig, s&#8217;ha constitu\u00eft a l&#8217;Hospital Sagrat Cor el grup de treball sobre riscos psicosocials, que s&#8217;encarregar\u00e0 d&#8217;identificar les necessitats m\u00e9s urgents en aquest \u00e0mbit i d&#8217;establir un pla de millora. D&#8217;aquesta manera, es vol treballar i incidir en les condicions psicosocials i organitzatives del personal col\u00b7laborador i aconseguir que Hospital Sagrat Cor sigui una organitzaci\u00f3 saludable amb un impacte positiu sobre la seguretat i la salut dels nostres professionals.<br><br>Per al treball inicial, aquest nou grup disposar\u00e0 dels resultats de l&#8217;enquesta d&#8217;avaluaci\u00f3 de riscos psicosocials que es va fer a finals de l&#8217;any passat, i que&nbsp;se&nbsp;sumen als resultats que s&#8217;havien obtingut de les enquestes realitzades&nbsp;l&#8217;any 2019, 2015 i 2010. En refer\u00e8ncia a&nbsp;l&#8217;\u00faltima&nbsp;enquesta, cal destacar l&#8217;augment considerable de la participaci\u00f3 en totes les categories professionals.&nbsp;L&#8217;any 2019&nbsp;vam obtenir una participaci\u00f3 del&nbsp;29,2%&nbsp;i en aquest any 2023 hem arribat al&nbsp;45.5%, incrementant m\u00e9s del&nbsp;16%.<br><br>En aquestes enquestes psicosocials es valoren un total de nou factors de risc psicosocial: temps de treball, autonomia, c\u00e0rrega de treball, demandes psicol\u00f2giques, varietat i contingut de la feina, participaci\u00f3 i supervisi\u00f3, inter\u00e8s de les persones treballadores i compensaci\u00f3, exercici de rol i relacions i suport social.<br><br>Si comparem els resultats globals amb els que es van obtenir l&#8217;any 2019, hem pogut observar que els factors temps de treball, autonomia, varietat i el contingut del treball i inter\u00e8s de les persones treballadores, es mantenen en molt bon estat, amb percentatges de personal en condicions \u00f2ptimes al voltant del 90%. El factor demandes psicol\u00f2giques \u00e9s un dels que es troba amb major risc, amb un&nbsp;34,9%&nbsp;del personal col\u00b7laborador en risc, tot i que amb una lleugera millora respecte al 2019.<br><br>En canvi,&nbsp;el factor&nbsp;participaci\u00f3 \u2013 supervisi\u00f3 i c\u00e0rrega de treball s\u00f3n els m\u00e9s afectats.&nbsp;Quant al factor participaci\u00f3 \u2013 supervisi\u00f3, factor amb&nbsp;els&nbsp;pitjors resultats, trobem un empitjorament en la comparativa amb 2019, trobant&nbsp;71,3%&nbsp;del personal col\u00b7laborador en risc.&nbsp;Quant al factor c\u00e0rrega de treball, trobem el&nbsp;48.3%&nbsp;del personal col\u00b7laborador en risc.<br><br>L&#8217;acompliment de rol i les relacions i el suport social es mantenen en un risc mitj\u00e0-baix.<\/p>\n","protected":false},"excerpt":{"rendered":"<p>El mes de maig, s&#8217;ha constitu\u00eft a l&#8217;Hospital Sagrat Cor el grup de treball sobre riscos psicosocials, que s&#8217;encarregar\u00e0 d&#8217;identificar les necessitats m\u00e9s urgents en aquest \u00e0mbit i d&#8217;establir un pla de millora. D&#8217;aquesta manera, es vol treballar i incidir en les condicions psicosocials i organitzatives del personal col\u00b7laborador i aconseguir que Hospital Sagrat Cor [&hellip;]<\/p>\n","protected":false},"author":2,"featured_media":9204,"comment_status":"closed","ping_status":"closed","sticky":false,"template":"","format":"standard","meta":{"footnotes":""},"categories":[27],"tags":[],"class_list":["post-9202","post","type-post","status-publish","format-standard","has-post-thumbnail","hentry","category-actualitat"],"blocksy_meta":{"styles_descriptor":{"styles":{"desktop":"","tablet":"","mobile":""},"google_fonts":[],"version":6}},"featured_image_urls_v2":{"full":["https:\/\/fundaciohospitalariesmartorell.org\/entre-tots\/wp-content\/uploads\/2024\/05\/Captura-de-pantalla-2024-05-29-a-les-10.43.44.jpg",2144,1530,false],"thumbnail":["https:\/\/fundaciohospitalariesmartorell.org\/entre-tots\/wp-content\/uploads\/2024\/05\/Captura-de-pantalla-2024-05-29-a-les-10.43.44-150x150.jpg",150,150,true],"medium":["https:\/\/fundaciohospitalariesmartorell.org\/entre-tots\/wp-content\/uploads\/2024\/05\/Captura-de-pantalla-2024-05-29-a-les-10.43.44-300x214.jpg",300,214,true],"medium_large":["https:\/\/fundaciohospitalariesmartorell.org\/entre-tots\/wp-content\/uploads\/2024\/05\/Captura-de-pantalla-2024-05-29-a-les-10.43.44-768x548.jpg",768,548,true],"large":["https:\/\/fundaciohospitalariesmartorell.org\/entre-tots\/wp-content\/uploads\/2024\/05\/Captura-de-pantalla-2024-05-29-a-les-10.43.44-1024x731.jpg",1024,731,true],"1536x1536":["https:\/\/fundaciohospitalariesmartorell.org\/entre-tots\/wp-content\/uploads\/2024\/05\/Captura-de-pantalla-2024-05-29-a-les-10.43.44-1536x1096.jpg",1536,1096,true],"2048x2048":["https:\/\/fundaciohospitalariesmartorell.org\/entre-tots\/wp-content\/uploads\/2024\/05\/Captura-de-pantalla-2024-05-29-a-les-10.43.44-2048x1461.jpg",2048,1461,true],"mailpoet_newsletter_max":["https:\/\/fundaciohospitalariesmartorell.org\/entre-tots\/wp-content\/uploads\/2024\/05\/Captura-de-pantalla-2024-05-29-a-les-10.43.44-1320x942.jpg",1320,942,true]},"post_excerpt_stackable_v2":"<p>El mes de maig, s&#8217;ha constitu\u00eft a l&#8217;Hospital Sagrat Cor el grup de treball sobre riscos psicosocials, que s&#8217;encarregar\u00e0 d&#8217;identificar les necessitats m\u00e9s urgents en aquest \u00e0mbit i d&#8217;establir un pla de millora. D&#8217;aquesta manera, es vol treballar i incidir en les condicions psicosocials i organitzatives del personal col\u00b7laborador i aconseguir que Hospital Sagrat Cor sigui una organitzaci\u00f3 saludable amb un impacte positiu sobre la seguretat i la salut dels nostres professionals.Per al treball inicial, aquest nou grup disposar\u00e0 dels resultats de l&#8217;enquesta d&#8217;avaluaci\u00f3 de riscos psicosocials que es va fer a finals de l&#8217;any passat, i que&nbsp;se&nbsp;sumen als resultats&hellip;<\/p>\n","category_list_v2":"<a href=\"https:\/\/fundaciohospitalariesmartorell.org\/entre-tots\/category\/actualitat\/\" rel=\"category tag\">ACTUALITAT<\/a>","author_info_v2":{"name":"Sagrat Cor","url":"https:\/\/fundaciohospitalariesmartorell.org\/entre-tots\/author\/daniel\/"},"comments_num_v2":"0 comments","_links":{"self":[{"href":"https:\/\/fundaciohospitalariesmartorell.org\/entre-tots\/wp-json\/wp\/v2\/posts\/9202","targetHints":{"allow":["GET"]}}],"collection":[{"href":"https:\/\/fundaciohospitalariesmartorell.org\/entre-tots\/wp-json\/wp\/v2\/posts"}],"about":[{"href":"https:\/\/fundaciohospitalariesmartorell.org\/entre-tots\/wp-json\/wp\/v2\/types\/post"}],"author":[{"embeddable":true,"href":"https:\/\/fundaciohospitalariesmartorell.org\/entre-tots\/wp-json\/wp\/v2\/users\/2"}],"replies":[{"embeddable":true,"href":"https:\/\/fundaciohospitalariesmartorell.org\/entre-tots\/wp-json\/wp\/v2\/comments?post=9202"}],"version-history":[{"count":3,"href":"https:\/\/fundaciohospitalariesmartorell.org\/entre-tots\/wp-json\/wp\/v2\/posts\/9202\/revisions"}],"predecessor-version":[{"id":9292,"href":"https:\/\/fundaciohospitalariesmartorell.org\/entre-tots\/wp-json\/wp\/v2\/posts\/9202\/revisions\/9292"}],"wp:featuredmedia":[{"embeddable":true,"href":"https:\/\/fundaciohospitalariesmartorell.org\/entre-tots\/wp-json\/wp\/v2\/media\/9204"}],"wp:attachment":[{"href":"https:\/\/fundaciohospitalariesmartorell.org\/entre-tots\/wp-json\/wp\/v2\/media?parent=9202"}],"wp:term":[{"taxonomy":"category","embeddable":true,"href":"https:\/\/fundaciohospitalariesmartorell.org\/entre-tots\/wp-json\/wp\/v2\/categories?post=9202"},{"taxonomy":"post_tag","embeddable":true,"href":"https:\/\/fundaciohospitalariesmartorell.org\/entre-tots\/wp-json\/wp\/v2\/tags?post=9202"}],"curies":[{"name":"wp","href":"https:\/\/api.w.org\/{rel}","templated":true}]}}