{"id":9206,"date":"2024-05-29T09:48:05","date_gmt":"2024-05-29T08:48:05","guid":{"rendered":"https:\/\/hospitalsagratcormartorell.org\/entre-tots\/?p=9206"},"modified":"2024-05-30T07:27:16","modified_gmt":"2024-05-30T06:27:16","slug":"inaugurat-lespai-actiu-un-punt-intermedi-entre-la-unitat-i-la-comunitat-emmarcat-en-el-nou-enfocament-en-la-rehabilitacio-en-salut-mental","status":"publish","type":"post","link":"https:\/\/fundaciohospitalariesmartorell.org\/entre-tots\/2024\/05\/inaugurat-lespai-actiu-un-punt-intermedi-entre-la-unitat-i-la-comunitat-emmarcat-en-el-nou-enfocament-en-la-rehabilitacio-en-salut-mental\/","title":{"rendered":"Inaugurat l&#8217;Espai Actiu: un punt intermedi entre la unitat i la comunitat"},"content":{"rendered":"<figure style=\"aspect-ratio:auto; padding-top:0;padding-bottom:0;\" class=\"wp-block-post-featured-image\"><img loading=\"lazy\" decoding=\"async\" width=\"2560\" height=\"1482\" src=\"https:\/\/fundaciohospitalariesmartorell.org\/entre-tots\/wp-content\/uploads\/2024\/05\/Captura-de-pantalla-2024-05-29-a-les-16.51.04-scaled.jpg\" class=\"attachment-post-thumbnail size-post-thumbnail wp-post-image\" alt=\"\" style=\"width:100%;height:100%;object-fit:cover;\" srcset=\"https:\/\/fundaciohospitalariesmartorell.org\/entre-tots\/wp-content\/uploads\/2024\/05\/Captura-de-pantalla-2024-05-29-a-les-16.51.04-scaled.jpg 2560w, https:\/\/fundaciohospitalariesmartorell.org\/entre-tots\/wp-content\/uploads\/2024\/05\/Captura-de-pantalla-2024-05-29-a-les-16.51.04-300x174.jpg 300w, https:\/\/fundaciohospitalariesmartorell.org\/entre-tots\/wp-content\/uploads\/2024\/05\/Captura-de-pantalla-2024-05-29-a-les-16.51.04-1024x593.jpg 1024w, https:\/\/fundaciohospitalariesmartorell.org\/entre-tots\/wp-content\/uploads\/2024\/05\/Captura-de-pantalla-2024-05-29-a-les-16.51.04-768x444.jpg 768w, https:\/\/fundaciohospitalariesmartorell.org\/entre-tots\/wp-content\/uploads\/2024\/05\/Captura-de-pantalla-2024-05-29-a-les-16.51.04-1536x889.jpg 1536w, https:\/\/fundaciohospitalariesmartorell.org\/entre-tots\/wp-content\/uploads\/2024\/05\/Captura-de-pantalla-2024-05-29-a-les-16.51.04-2048x1185.jpg 2048w, https:\/\/fundaciohospitalariesmartorell.org\/entre-tots\/wp-content\/uploads\/2024\/05\/Captura-de-pantalla-2024-05-29-a-les-16.51.04-1320x764.jpg 1320w\" sizes=\"auto, (max-width: 2560px) 100vw, 2560px\" \/><\/figure>\n\n\n<p>Des d&#8217;inicis del mes d&#8217;abril est\u00e0 en funcionament l&#8217;Espai Actiu, l&#8217;evoluci\u00f3 del Servei Central de Ter\u00e0pia Ocupacional, conegut anteriorment com a Laborter\u00e0pia. Des dels seus inicis, aquest espai s&#8217;ha destinat a millorar la funcionalitat de les persones usu\u00e0ries, adaptant-se constantment als diferents enfocaments d&#8217;intervenci\u00f3 en salut mental. <\/p>\n\n\n\n<p>&#8220;En aquest espai, el pacient \u00e9s protagonista de les seves decisions. Pot escollir si vol estar en una zona de tranquil\u00b7litat o si vol participar en alguna activitat. Per tant, \u00e9s un entorn que s&#8217;assembla molt m\u00e9s a la vida en comunitat&#8221;, assegura David Juanes, coordinador de l&#8217;\u00c0rea de Rehabilitaci\u00f3 en Salut Mental<\/p>\n\n\n\n<p>Podeu trobar m\u00e9s informaci\u00f3 <a href=\"https:\/\/hospitalsagratcormartorell.org\/inaugurat-lespai-actiu-un-punt-intermedi-entre-la-unitat-i-la-comunitat-emmarcat-en-el-nou-enfocament-en-la-rehabilitacio-en-salut-mental\/\">aqu\u00ed<\/a>.<\/p>\n\n\n\n<p>No us perdeu aquest petit <a href=\"https:\/\/www.youtube.com\/shorts\/STL5OOJmYuk\">v\u00eddeo de presentaci\u00f3<\/a>.<\/p>\n\n\n\n<figure class=\"wp-block-gallery has-nested-images columns-2 is-cropped wp-block-gallery-1 is-layout-flex wp-block-gallery-is-layout-flex\">\n<figure class=\"wp-block-image size-large\"><img loading=\"lazy\" decoding=\"async\" width=\"1024\" height=\"768\" data-id=\"9208\" src=\"https:\/\/hospitalsagratcormartorell.org\/entre-tots\/wp-content\/uploads\/2024\/05\/20240503_113732-1024x768.jpg\" alt=\"\" class=\"wp-image-9208\" srcset=\"https:\/\/fundaciohospitalariesmartorell.org\/entre-tots\/wp-content\/uploads\/2024\/05\/20240503_113732-1024x768.jpg 1024w, https:\/\/fundaciohospitalariesmartorell.org\/entre-tots\/wp-content\/uploads\/2024\/05\/20240503_113732-300x225.jpg 300w, https:\/\/fundaciohospitalariesmartorell.org\/entre-tots\/wp-content\/uploads\/2024\/05\/20240503_113732-768x576.jpg 768w, https:\/\/fundaciohospitalariesmartorell.org\/entre-tots\/wp-content\/uploads\/2024\/05\/20240503_113732-1536x1152.jpg 1536w, https:\/\/fundaciohospitalariesmartorell.org\/entre-tots\/wp-content\/uploads\/2024\/05\/20240503_113732-2048x1536.jpg 2048w, https:\/\/fundaciohospitalariesmartorell.org\/entre-tots\/wp-content\/uploads\/2024\/05\/20240503_113732-1320x990.jpg 1320w\" sizes=\"auto, (max-width: 1024px) 100vw, 1024px\" \/><\/figure>\n\n\n\n<figure class=\"wp-block-image size-large\"><img loading=\"lazy\" decoding=\"async\" width=\"1024\" height=\"768\" data-id=\"9211\" src=\"https:\/\/hospitalsagratcormartorell.org\/entre-tots\/wp-content\/uploads\/2024\/05\/20240503_113800-1-1024x768.jpg\" alt=\"\" class=\"wp-image-9211\" srcset=\"https:\/\/fundaciohospitalariesmartorell.org\/entre-tots\/wp-content\/uploads\/2024\/05\/20240503_113800-1-1024x768.jpg 1024w, https:\/\/fundaciohospitalariesmartorell.org\/entre-tots\/wp-content\/uploads\/2024\/05\/20240503_113800-1-300x225.jpg 300w, https:\/\/fundaciohospitalariesmartorell.org\/entre-tots\/wp-content\/uploads\/2024\/05\/20240503_113800-1-768x576.jpg 768w, https:\/\/fundaciohospitalariesmartorell.org\/entre-tots\/wp-content\/uploads\/2024\/05\/20240503_113800-1-1536x1152.jpg 1536w, https:\/\/fundaciohospitalariesmartorell.org\/entre-tots\/wp-content\/uploads\/2024\/05\/20240503_113800-1-2048x1536.jpg 2048w, https:\/\/fundaciohospitalariesmartorell.org\/entre-tots\/wp-content\/uploads\/2024\/05\/20240503_113800-1-1320x990.jpg 1320w\" sizes=\"auto, (max-width: 1024px) 100vw, 1024px\" \/><\/figure>\n<\/figure>\n","protected":false},"excerpt":{"rendered":"<p>Des d&#8217;inicis del mes d&#8217;abril est\u00e0 en funcionament l&#8217;Espai Actiu, l&#8217;evoluci\u00f3 del Servei Central de Ter\u00e0pia Ocupacional, conegut anteriorment com a Laborter\u00e0pia. Des dels seus inicis, aquest espai s&#8217;ha destinat a millorar la funcionalitat de les persones usu\u00e0ries, adaptant-se constantment als diferents enfocaments d&#8217;intervenci\u00f3 en salut mental. &#8220;En aquest espai, el pacient \u00e9s protagonista de [&hellip;]<\/p>\n","protected":false},"author":2,"featured_media":9289,"comment_status":"closed","ping_status":"closed","sticky":false,"template":"","format":"standard","meta":{"footnotes":""},"categories":[27],"tags":[],"class_list":["post-9206","post","type-post","status-publish","format-standard","has-post-thumbnail","hentry","category-actualitat"],"blocksy_meta":{"styles_descriptor":{"styles":{"desktop":"","tablet":"","mobile":""},"google_fonts":[],"version":6}},"featured_image_urls_v2":{"full":["https:\/\/fundaciohospitalariesmartorell.org\/entre-tots\/wp-content\/uploads\/2024\/05\/Captura-de-pantalla-2024-05-29-a-les-16.51.04-scaled.jpg",2560,1482,false],"thumbnail":["https:\/\/fundaciohospitalariesmartorell.org\/entre-tots\/wp-content\/uploads\/2024\/05\/Captura-de-pantalla-2024-05-29-a-les-16.51.04-150x150.jpg",150,150,true],"medium":["https:\/\/fundaciohospitalariesmartorell.org\/entre-tots\/wp-content\/uploads\/2024\/05\/Captura-de-pantalla-2024-05-29-a-les-16.51.04-300x174.jpg",300,174,true],"medium_large":["https:\/\/fundaciohospitalariesmartorell.org\/entre-tots\/wp-content\/uploads\/2024\/05\/Captura-de-pantalla-2024-05-29-a-les-16.51.04-768x444.jpg",768,444,true],"large":["https:\/\/fundaciohospitalariesmartorell.org\/entre-tots\/wp-content\/uploads\/2024\/05\/Captura-de-pantalla-2024-05-29-a-les-16.51.04-1024x593.jpg",1024,593,true],"1536x1536":["https:\/\/fundaciohospitalariesmartorell.org\/entre-tots\/wp-content\/uploads\/2024\/05\/Captura-de-pantalla-2024-05-29-a-les-16.51.04-1536x889.jpg",1536,889,true],"2048x2048":["https:\/\/fundaciohospitalariesmartorell.org\/entre-tots\/wp-content\/uploads\/2024\/05\/Captura-de-pantalla-2024-05-29-a-les-16.51.04-2048x1185.jpg",2048,1185,true],"mailpoet_newsletter_max":["https:\/\/fundaciohospitalariesmartorell.org\/entre-tots\/wp-content\/uploads\/2024\/05\/Captura-de-pantalla-2024-05-29-a-les-16.51.04-1320x764.jpg",1320,764,true]},"post_excerpt_stackable_v2":"<p>Des d&#8217;inicis del mes d&#8217;abril est\u00e0 en funcionament l&#8217;Espai Actiu, l&#8217;evoluci\u00f3 del Servei Central de Ter\u00e0pia Ocupacional, conegut anteriorment com a Laborter\u00e0pia. Des dels seus inicis, aquest espai s&#8217;ha destinat a millorar la funcionalitat de les persones usu\u00e0ries, adaptant-se constantment als diferents enfocaments d&#8217;intervenci\u00f3 en salut mental. &#8220;En aquest espai, el pacient \u00e9s protagonista de les seves decisions. Pot escollir si vol estar en una zona de tranquil\u00b7litat o si vol participar en alguna activitat. Per tant, \u00e9s un entorn que s&#8217;assembla molt m\u00e9s a la vida en comunitat&#8221;, assegura David Juanes, coordinador de l&#8217;\u00c0rea de Rehabilitaci\u00f3 en Salut Mental&hellip;<\/p>\n","category_list_v2":"<a href=\"https:\/\/fundaciohospitalariesmartorell.org\/entre-tots\/category\/actualitat\/\" rel=\"category tag\">ACTUALITAT<\/a>","author_info_v2":{"name":"Sagrat Cor","url":"https:\/\/fundaciohospitalariesmartorell.org\/entre-tots\/author\/daniel\/"},"comments_num_v2":"0 comments","_links":{"self":[{"href":"https:\/\/fundaciohospitalariesmartorell.org\/entre-tots\/wp-json\/wp\/v2\/posts\/9206","targetHints":{"allow":["GET"]}}],"collection":[{"href":"https:\/\/fundaciohospitalariesmartorell.org\/entre-tots\/wp-json\/wp\/v2\/posts"}],"about":[{"href":"https:\/\/fundaciohospitalariesmartorell.org\/entre-tots\/wp-json\/wp\/v2\/types\/post"}],"author":[{"embeddable":true,"href":"https:\/\/fundaciohospitalariesmartorell.org\/entre-tots\/wp-json\/wp\/v2\/users\/2"}],"replies":[{"embeddable":true,"href":"https:\/\/fundaciohospitalariesmartorell.org\/entre-tots\/wp-json\/wp\/v2\/comments?post=9206"}],"version-history":[{"count":6,"href":"https:\/\/fundaciohospitalariesmartorell.org\/entre-tots\/wp-json\/wp\/v2\/posts\/9206\/revisions"}],"predecessor-version":[{"id":9313,"href":"https:\/\/fundaciohospitalariesmartorell.org\/entre-tots\/wp-json\/wp\/v2\/posts\/9206\/revisions\/9313"}],"wp:featuredmedia":[{"embeddable":true,"href":"https:\/\/fundaciohospitalariesmartorell.org\/entre-tots\/wp-json\/wp\/v2\/media\/9289"}],"wp:attachment":[{"href":"https:\/\/fundaciohospitalariesmartorell.org\/entre-tots\/wp-json\/wp\/v2\/media?parent=9206"}],"wp:term":[{"taxonomy":"category","embeddable":true,"href":"https:\/\/fundaciohospitalariesmartorell.org\/entre-tots\/wp-json\/wp\/v2\/categories?post=9206"},{"taxonomy":"post_tag","embeddable":true,"href":"https:\/\/fundaciohospitalariesmartorell.org\/entre-tots\/wp-json\/wp\/v2\/tags?post=9206"}],"curies":[{"name":"wp","href":"https:\/\/api.w.org\/{rel}","templated":true}]}}