{"id":9213,"date":"2024-05-29T09:51:01","date_gmt":"2024-05-29T08:51:01","guid":{"rendered":"https:\/\/hospitalsagratcormartorell.org\/entre-tots\/?p=9213"},"modified":"2024-05-29T15:58:09","modified_gmt":"2024-05-29T14:58:09","slug":"cami-cap-a-la-fundacio-hospitalarias","status":"publish","type":"post","link":"https:\/\/fundaciohospitalariesmartorell.org\/entre-tots\/2024\/05\/cami-cap-a-la-fundacio-hospitalarias\/","title":{"rendered":"Cam\u00ed cap a la Fundaci\u00f3 Hospitalarias"},"content":{"rendered":"\n<figure class=\"wp-block-image size-large\"><a href=\"https:\/\/www.youtube.com\/watch?v=f4ZfrXuc8eg\" target=\"_blank\" rel=\"noreferrer noopener\"><img loading=\"lazy\" decoding=\"async\" width=\"1024\" height=\"576\" src=\"https:\/\/hospitalsagratcormartorell.org\/entre-tots\/wp-content\/uploads\/2024\/05\/IMG-20240527-WA0030-1024x576.jpg\" alt=\"\" class=\"wp-image-9215\" srcset=\"https:\/\/fundaciohospitalariesmartorell.org\/entre-tots\/wp-content\/uploads\/2024\/05\/IMG-20240527-WA0030-1024x576.jpg 1024w, https:\/\/fundaciohospitalariesmartorell.org\/entre-tots\/wp-content\/uploads\/2024\/05\/IMG-20240527-WA0030-300x169.jpg 300w, https:\/\/fundaciohospitalariesmartorell.org\/entre-tots\/wp-content\/uploads\/2024\/05\/IMG-20240527-WA0030-768x432.jpg 768w, https:\/\/fundaciohospitalariesmartorell.org\/entre-tots\/wp-content\/uploads\/2024\/05\/IMG-20240527-WA0030-1536x864.jpg 1536w, https:\/\/fundaciohospitalariesmartorell.org\/entre-tots\/wp-content\/uploads\/2024\/05\/IMG-20240527-WA0030-1320x743.jpg 1320w, https:\/\/fundaciohospitalariesmartorell.org\/entre-tots\/wp-content\/uploads\/2024\/05\/IMG-20240527-WA0030.jpg 1600w\" sizes=\"auto, (max-width: 1024px) 100vw, 1024px\" \/><\/a><\/figure>\n\n\n\n<p>Tal com us vam informar el passat 28 de maig, s&#8217;est\u00e0 avan\u00e7ant en el projecte cap a la Fundaci\u00f3 Hospitalarias. Sor Matilde Porras, Superiora Provincial de Germanes Hospital\u00e0ries, i Sor Luz Divina S\u00e1nchez, presidenta del patronat de la Fundaci\u00f3 Hospitalarias, expliquen en aquest videocomunicat el cam\u00ed que ha previst rec\u00f3rrer la instituci\u00f3.<\/p>\n\n\n\n<p>Podeu veure el v\u00eddeo <a href=\"https:\/\/www.youtube.com\/watch?v=f4ZfrXuc8eg\">aqu\u00ed<\/a>.<\/p>\n","protected":false},"excerpt":{"rendered":"<p>Tal com us vam informar el passat 28 de maig, s&#8217;est\u00e0 avan\u00e7ant en el projecte cap a la Fundaci\u00f3 Hospitalarias. Sor Matilde Porras, Superiora Provincial de Germanes Hospital\u00e0ries, i Sor Luz Divina S\u00e1nchez, presidenta del patronat de la Fundaci\u00f3 Hospitalarias, expliquen en aquest videocomunicat el cam\u00ed que ha previst rec\u00f3rrer la instituci\u00f3. Podeu veure el [&hellip;]<\/p>\n","protected":false},"author":2,"featured_media":9215,"comment_status":"closed","ping_status":"closed","sticky":false,"template":"","format":"standard","meta":{"footnotes":""},"categories":[27],"tags":[],"class_list":["post-9213","post","type-post","status-publish","format-standard","has-post-thumbnail","hentry","category-actualitat"],"blocksy_meta":{"styles_descriptor":{"styles":{"desktop":"","tablet":"","mobile":""},"google_fonts":[],"version":6}},"featured_image_urls_v2":{"full":["https:\/\/fundaciohospitalariesmartorell.org\/entre-tots\/wp-content\/uploads\/2024\/05\/IMG-20240527-WA0030.jpg",1600,900,false],"thumbnail":["https:\/\/fundaciohospitalariesmartorell.org\/entre-tots\/wp-content\/uploads\/2024\/05\/IMG-20240527-WA0030-150x150.jpg",150,150,true],"medium":["https:\/\/fundaciohospitalariesmartorell.org\/entre-tots\/wp-content\/uploads\/2024\/05\/IMG-20240527-WA0030-300x169.jpg",300,169,true],"medium_large":["https:\/\/fundaciohospitalariesmartorell.org\/entre-tots\/wp-content\/uploads\/2024\/05\/IMG-20240527-WA0030-768x432.jpg",768,432,true],"large":["https:\/\/fundaciohospitalariesmartorell.org\/entre-tots\/wp-content\/uploads\/2024\/05\/IMG-20240527-WA0030-1024x576.jpg",1024,576,true],"1536x1536":["https:\/\/fundaciohospitalariesmartorell.org\/entre-tots\/wp-content\/uploads\/2024\/05\/IMG-20240527-WA0030-1536x864.jpg",1536,864,true],"2048x2048":["https:\/\/fundaciohospitalariesmartorell.org\/entre-tots\/wp-content\/uploads\/2024\/05\/IMG-20240527-WA0030.jpg",1600,900,false],"mailpoet_newsletter_max":["https:\/\/fundaciohospitalariesmartorell.org\/entre-tots\/wp-content\/uploads\/2024\/05\/IMG-20240527-WA0030-1320x743.jpg",1320,743,true]},"post_excerpt_stackable_v2":"<p>Tal com us vam informar el passat 28 de maig, s&#8217;est\u00e0 avan\u00e7ant en el projecte cap a la Fundaci\u00f3 Hospitalarias. Sor Matilde Porras, Superiora Provincial de Germanes Hospital\u00e0ries, i Sor Luz Divina S\u00e1nchez, presidenta del patronat de la Fundaci\u00f3 Hospitalarias, expliquen en aquest videocomunicat el cam\u00ed que ha previst rec\u00f3rrer la instituci\u00f3. Podeu veure el v\u00eddeo aqu\u00ed.<\/p>\n","category_list_v2":"<a href=\"https:\/\/fundaciohospitalariesmartorell.org\/entre-tots\/category\/actualitat\/\" rel=\"category tag\">ACTUALITAT<\/a>","author_info_v2":{"name":"Sagrat Cor","url":"https:\/\/fundaciohospitalariesmartorell.org\/entre-tots\/author\/daniel\/"},"comments_num_v2":"0 comments","_links":{"self":[{"href":"https:\/\/fundaciohospitalariesmartorell.org\/entre-tots\/wp-json\/wp\/v2\/posts\/9213","targetHints":{"allow":["GET"]}}],"collection":[{"href":"https:\/\/fundaciohospitalariesmartorell.org\/entre-tots\/wp-json\/wp\/v2\/posts"}],"about":[{"href":"https:\/\/fundaciohospitalariesmartorell.org\/entre-tots\/wp-json\/wp\/v2\/types\/post"}],"author":[{"embeddable":true,"href":"https:\/\/fundaciohospitalariesmartorell.org\/entre-tots\/wp-json\/wp\/v2\/users\/2"}],"replies":[{"embeddable":true,"href":"https:\/\/fundaciohospitalariesmartorell.org\/entre-tots\/wp-json\/wp\/v2\/comments?post=9213"}],"version-history":[{"count":3,"href":"https:\/\/fundaciohospitalariesmartorell.org\/entre-tots\/wp-json\/wp\/v2\/posts\/9213\/revisions"}],"predecessor-version":[{"id":9291,"href":"https:\/\/fundaciohospitalariesmartorell.org\/entre-tots\/wp-json\/wp\/v2\/posts\/9213\/revisions\/9291"}],"wp:featuredmedia":[{"embeddable":true,"href":"https:\/\/fundaciohospitalariesmartorell.org\/entre-tots\/wp-json\/wp\/v2\/media\/9215"}],"wp:attachment":[{"href":"https:\/\/fundaciohospitalariesmartorell.org\/entre-tots\/wp-json\/wp\/v2\/media?parent=9213"}],"wp:term":[{"taxonomy":"category","embeddable":true,"href":"https:\/\/fundaciohospitalariesmartorell.org\/entre-tots\/wp-json\/wp\/v2\/categories?post=9213"},{"taxonomy":"post_tag","embeddable":true,"href":"https:\/\/fundaciohospitalariesmartorell.org\/entre-tots\/wp-json\/wp\/v2\/tags?post=9213"}],"curies":[{"name":"wp","href":"https:\/\/api.w.org\/{rel}","templated":true}]}}