{"id":9217,"date":"2024-05-29T09:57:03","date_gmt":"2024-05-29T08:57:03","guid":{"rendered":"https:\/\/hospitalsagratcormartorell.org\/entre-tots\/?p=9217"},"modified":"2024-05-29T15:49:32","modified_gmt":"2024-05-29T14:49:32","slug":"la-germana-idilia-maria-carneiro-es-la-nova-superiora-general-de-les-germanes-hospitalaries","status":"publish","type":"post","link":"https:\/\/fundaciohospitalariesmartorell.org\/entre-tots\/2024\/05\/la-germana-idilia-maria-carneiro-es-la-nova-superiora-general-de-les-germanes-hospitalaries\/","title":{"rendered":"La Germana Idilia Maria Carneiro \u00e9s la nova Superiora General de les Germanes Hospital\u00e0ries"},"content":{"rendered":"<figure style=\"aspect-ratio:auto; padding-top:0;padding-bottom:0;\" class=\"wp-block-post-featured-image\"><img loading=\"lazy\" decoding=\"async\" width=\"1600\" height=\"900\" src=\"https:\/\/fundaciohospitalariesmartorell.org\/entre-tots\/wp-content\/uploads\/2024\/05\/FOTO-PRINCIPAL_98.-Consejo-general-Superiora-general-2024.jpeg\" class=\"attachment-post-thumbnail size-post-thumbnail wp-post-image\" alt=\"\" style=\"width:100%;height:100%;object-fit:cover;\" srcset=\"https:\/\/fundaciohospitalariesmartorell.org\/entre-tots\/wp-content\/uploads\/2024\/05\/FOTO-PRINCIPAL_98.-Consejo-general-Superiora-general-2024.jpeg 1600w, https:\/\/fundaciohospitalariesmartorell.org\/entre-tots\/wp-content\/uploads\/2024\/05\/FOTO-PRINCIPAL_98.-Consejo-general-Superiora-general-2024-300x169.jpeg 300w, https:\/\/fundaciohospitalariesmartorell.org\/entre-tots\/wp-content\/uploads\/2024\/05\/FOTO-PRINCIPAL_98.-Consejo-general-Superiora-general-2024-1024x576.jpeg 1024w, https:\/\/fundaciohospitalariesmartorell.org\/entre-tots\/wp-content\/uploads\/2024\/05\/FOTO-PRINCIPAL_98.-Consejo-general-Superiora-general-2024-768x432.jpeg 768w, https:\/\/fundaciohospitalariesmartorell.org\/entre-tots\/wp-content\/uploads\/2024\/05\/FOTO-PRINCIPAL_98.-Consejo-general-Superiora-general-2024-1536x864.jpeg 1536w, https:\/\/fundaciohospitalariesmartorell.org\/entre-tots\/wp-content\/uploads\/2024\/05\/FOTO-PRINCIPAL_98.-Consejo-general-Superiora-general-2024-1320x743.jpeg 1320w\" sizes=\"auto, (max-width: 1600px) 100vw, 1600px\" \/><\/figure>\n\n\n<p>Les Germanes Hospital\u00e0ries del Sagrat Cor de Jes\u00fas han triat la germana <a href=\"https:\/\/www.capitulogeneralhospitalarias.org\/post\/la-hna-id%C3%ADlia-maria-moreira-g-carneiro-es-la-nueva-superiora-general-de-las-hermanas-hospitalarias\">Idilia Maria Carneiro<\/a> com la nova Superiora general de la Congregaci\u00f3 per al per\u00edode 2024-2030, en el marc del XXII Cap\u00edtol General que s&#8217;ha celebrat a Roma del 24 al 26 de maig. L&#8217;acompanyaran en aquest sexenni el <a href=\"https:\/\/www.capitulogeneralhospitalarias.org\/post\/tenemos-un-nuevo-consejo\">Consell<\/a> format per:<\/p>\n\n\n\n<p>\u2022 Vicaria i 1\u00aa Consellera: Sor M\u00aa Bego\u00f1a P\u00e9rez (P. Espanya)<br>\u2022 2\u00aa Consellera: Sor M\u00aa Carmen Mart\u00edn (P. Espanya)<br>\u2022 3\u00aa Consellera: Sor Blanca Flor Guerrero (P. Am\u00e8rica Llatina)<br>\u2022 4\u00aa Consellera: Sor Nicole Mayinga (P. Fran\u00e7a)<\/p>\n\n\n\n<p>Tots i totes qui formem part d&#8217;aquest projecte hospitalari, volem expressar les nostres m\u00e9s sinceres felicitacions a Sor Idilia, ja que la seva designaci\u00f3 \u00e9s fruit i testimoni de la seva traject\u00f2ria de servei i comprom\u00eds amb la missi\u00f3 de la nostra Instituci\u00f3. Tamb\u00e9 volem fer extensives les nostres felicitacions al seu Consell.<\/p>\n\n\n\n<p>La nova Superiora general succeeix la germana Anabela Carneiro, que va ser elegida per dos per\u00edodes consecutius (2012-2018 i 2018-2024). Totes dues s\u00f3n, a m\u00e9s, germanes de sang: la germana Id\u00edlia \u00e9s la quarta de cinc germans, tres dels quals s\u00f3n Germanes Hospital\u00e0ries.<\/p>\n\n\n\n<figure class=\"wp-block-image size-large\"><img loading=\"lazy\" decoding=\"async\" width=\"1024\" height=\"478\" src=\"https:\/\/hospitalsagratcormartorell.org\/entre-tots\/wp-content\/uploads\/2024\/05\/91.-Trabajo-con-colaboradores-y-laicos-3-1024x478.jpeg\" alt=\"\" class=\"wp-image-9226\" srcset=\"https:\/\/fundaciohospitalariesmartorell.org\/entre-tots\/wp-content\/uploads\/2024\/05\/91.-Trabajo-con-colaboradores-y-laicos-3-1024x478.jpeg 1024w, https:\/\/fundaciohospitalariesmartorell.org\/entre-tots\/wp-content\/uploads\/2024\/05\/91.-Trabajo-con-colaboradores-y-laicos-3-300x140.jpeg 300w, https:\/\/fundaciohospitalariesmartorell.org\/entre-tots\/wp-content\/uploads\/2024\/05\/91.-Trabajo-con-colaboradores-y-laicos-3-768x359.jpeg 768w, https:\/\/fundaciohospitalariesmartorell.org\/entre-tots\/wp-content\/uploads\/2024\/05\/91.-Trabajo-con-colaboradores-y-laicos-3-1536x717.jpeg 1536w, https:\/\/fundaciohospitalariesmartorell.org\/entre-tots\/wp-content\/uploads\/2024\/05\/91.-Trabajo-con-colaboradores-y-laicos-3-1320x616.jpeg 1320w, https:\/\/fundaciohospitalariesmartorell.org\/entre-tots\/wp-content\/uploads\/2024\/05\/91.-Trabajo-con-colaboradores-y-laicos-3.jpeg 2000w\" sizes=\"auto, (max-width: 1024px) 100vw, 1024px\" \/><\/figure>\n\n\n\n<p><strong>Participaci\u00f3 de l\u2019Hospital Sagrat Cor al Cap\u00edtol General<\/strong><\/p>\n\n\n\n<p>Del 15 al 19 de maig, col\u00b7laboradors i laics de la Fam\u00edlia Hospital\u00e0ria d&#8217;arreu del m\u00f3n van participar en el XXII Cap\u00edtol General, on van poder aportar la seva visi\u00f3 sobre els projectes compartits per al per\u00edode 2024-2030. Les jornades de treball es van dur a terme en un ambient de col\u00b7laboraci\u00f3, escolta i intercanvi molt enriquidor. Les persones participants, que es van integrar al Cap\u00edtol en un moment de profunda reflexi\u00f3 de la Congregaci\u00f3, van compartir els seus testimonis sobre la realitat de cada territori, destacant aquells aspectes que van considerar claus per al futur estrat\u00e8gic de la instituci\u00f3.<\/p>\n\n\n\n<p>Hort\u00e8nsia P\u00e9rez, Directora de l&#8217;\u00c0rea de Persones de l&#8217;Hospital Sagrat Cor i membre del petit grup de representants de la Prov\u00edncia Espanya que va assistir al Cap\u00edtol, va destacar la gran oportunitat que va significar aquesta trobada per obtenir una visi\u00f3 global de Germanes Hospital\u00e0ries i escoltar les diverses perspectives i realitats que formen part de la mateixa instituci\u00f3. Va subratllar, tamb\u00e9, la import\u00e0ncia d&#8217;aquests intercanvis per construir un futur s\u00f2lid i integrador per a tots qui formem part del projecte hospitalari.<\/p>\n\n\n\n<p><strong>Audi\u00e8ncia amb el Papa Francesc<\/strong><\/p>\n\n\n\n<p>D&#8217;altra banda, el Papa Francesc va rebre el nou govern general i les germanes que van constituir l&#8217;assemblea capitular. Una trobada molt especial que es va centrar en la reflexi\u00f3 sobre el valor de l&#8217;Hospitalitat en el context de la realitat de les persones que pateixen malalties mentals o discapacitat. Podeu llegir la not\u00edcia sencera, <a href=\"https:\/\/www.capitulogeneralhospitalarias.org\/post\/audiencia-con-el-papa-francisco\">aqu\u00ed<\/a>.<\/p>\n","protected":false},"excerpt":{"rendered":"<p>Les Germanes Hospital\u00e0ries del Sagrat Cor de Jes\u00fas han triat la germana Idilia Maria Carneiro com la nova Superiora general de la Congregaci\u00f3 per al per\u00edode 2024-2030, en el marc del XXII Cap\u00edtol General que s&#8217;ha celebrat a Roma del 24 al 26 de maig. L&#8217;acompanyaran en aquest sexenni el Consell format per: \u2022 Vicaria [&hellip;]<\/p>\n","protected":false},"author":2,"featured_media":9222,"comment_status":"closed","ping_status":"closed","sticky":false,"template":"","format":"standard","meta":{"footnotes":""},"categories":[27],"tags":[],"class_list":["post-9217","post","type-post","status-publish","format-standard","has-post-thumbnail","hentry","category-actualitat"],"blocksy_meta":{"styles_descriptor":{"styles":{"desktop":"","tablet":"","mobile":""},"google_fonts":[],"version":6}},"featured_image_urls_v2":{"full":["https:\/\/fundaciohospitalariesmartorell.org\/entre-tots\/wp-content\/uploads\/2024\/05\/FOTO-PRINCIPAL_98.-Consejo-general-Superiora-general-2024.jpeg",1600,900,false],"thumbnail":["https:\/\/fundaciohospitalariesmartorell.org\/entre-tots\/wp-content\/uploads\/2024\/05\/FOTO-PRINCIPAL_98.-Consejo-general-Superiora-general-2024-150x150.jpeg",150,150,true],"medium":["https:\/\/fundaciohospitalariesmartorell.org\/entre-tots\/wp-content\/uploads\/2024\/05\/FOTO-PRINCIPAL_98.-Consejo-general-Superiora-general-2024-300x169.jpeg",300,169,true],"medium_large":["https:\/\/fundaciohospitalariesmartorell.org\/entre-tots\/wp-content\/uploads\/2024\/05\/FOTO-PRINCIPAL_98.-Consejo-general-Superiora-general-2024-768x432.jpeg",768,432,true],"large":["https:\/\/fundaciohospitalariesmartorell.org\/entre-tots\/wp-content\/uploads\/2024\/05\/FOTO-PRINCIPAL_98.-Consejo-general-Superiora-general-2024-1024x576.jpeg",1024,576,true],"1536x1536":["https:\/\/fundaciohospitalariesmartorell.org\/entre-tots\/wp-content\/uploads\/2024\/05\/FOTO-PRINCIPAL_98.-Consejo-general-Superiora-general-2024-1536x864.jpeg",1536,864,true],"2048x2048":["https:\/\/fundaciohospitalariesmartorell.org\/entre-tots\/wp-content\/uploads\/2024\/05\/FOTO-PRINCIPAL_98.-Consejo-general-Superiora-general-2024.jpeg",1600,900,false],"mailpoet_newsletter_max":["https:\/\/fundaciohospitalariesmartorell.org\/entre-tots\/wp-content\/uploads\/2024\/05\/FOTO-PRINCIPAL_98.-Consejo-general-Superiora-general-2024-1320x743.jpeg",1320,743,true]},"post_excerpt_stackable_v2":"<p>Les Germanes Hospital\u00e0ries del Sagrat Cor de Jes\u00fas han triat la germana Idilia Maria Carneiro com la nova Superiora general de la Congregaci\u00f3 per al per\u00edode 2024-2030, en el marc del XXII Cap\u00edtol General que s&#8217;ha celebrat a Roma del 24 al 26 de maig. L&#8217;acompanyaran en aquest sexenni el Consell format per: \u2022 Vicaria i 1\u00aa Consellera: Sor M\u00aa Bego\u00f1a P\u00e9rez (P. Espanya)\u2022 2\u00aa Consellera: Sor M\u00aa Carmen Mart\u00edn (P. Espanya)\u2022 3\u00aa Consellera: Sor Blanca Flor Guerrero (P. Am\u00e8rica Llatina)\u2022 4\u00aa Consellera: Sor Nicole Mayinga (P. Fran\u00e7a) Tots i totes qui formem part d&#8217;aquest projecte hospitalari, volem expressar les&hellip;<\/p>\n","category_list_v2":"<a href=\"https:\/\/fundaciohospitalariesmartorell.org\/entre-tots\/category\/actualitat\/\" rel=\"category tag\">ACTUALITAT<\/a>","author_info_v2":{"name":"Sagrat Cor","url":"https:\/\/fundaciohospitalariesmartorell.org\/entre-tots\/author\/daniel\/"},"comments_num_v2":"0 comments","_links":{"self":[{"href":"https:\/\/fundaciohospitalariesmartorell.org\/entre-tots\/wp-json\/wp\/v2\/posts\/9217","targetHints":{"allow":["GET"]}}],"collection":[{"href":"https:\/\/fundaciohospitalariesmartorell.org\/entre-tots\/wp-json\/wp\/v2\/posts"}],"about":[{"href":"https:\/\/fundaciohospitalariesmartorell.org\/entre-tots\/wp-json\/wp\/v2\/types\/post"}],"author":[{"embeddable":true,"href":"https:\/\/fundaciohospitalariesmartorell.org\/entre-tots\/wp-json\/wp\/v2\/users\/2"}],"replies":[{"embeddable":true,"href":"https:\/\/fundaciohospitalariesmartorell.org\/entre-tots\/wp-json\/wp\/v2\/comments?post=9217"}],"version-history":[{"count":3,"href":"https:\/\/fundaciohospitalariesmartorell.org\/entre-tots\/wp-json\/wp\/v2\/posts\/9217\/revisions"}],"predecessor-version":[{"id":9283,"href":"https:\/\/fundaciohospitalariesmartorell.org\/entre-tots\/wp-json\/wp\/v2\/posts\/9217\/revisions\/9283"}],"wp:featuredmedia":[{"embeddable":true,"href":"https:\/\/fundaciohospitalariesmartorell.org\/entre-tots\/wp-json\/wp\/v2\/media\/9222"}],"wp:attachment":[{"href":"https:\/\/fundaciohospitalariesmartorell.org\/entre-tots\/wp-json\/wp\/v2\/media?parent=9217"}],"wp:term":[{"taxonomy":"category","embeddable":true,"href":"https:\/\/fundaciohospitalariesmartorell.org\/entre-tots\/wp-json\/wp\/v2\/categories?post=9217"},{"taxonomy":"post_tag","embeddable":true,"href":"https:\/\/fundaciohospitalariesmartorell.org\/entre-tots\/wp-json\/wp\/v2\/tags?post=9217"}],"curies":[{"name":"wp","href":"https:\/\/api.w.org\/{rel}","templated":true}]}}