{"id":9255,"date":"2024-05-29T10:48:58","date_gmt":"2024-05-29T09:48:58","guid":{"rendered":"https:\/\/hospitalsagratcormartorell.org\/entre-tots\/?p=9255"},"modified":"2024-05-29T10:48:59","modified_gmt":"2024-05-29T09:48:59","slug":"lhospital-sagrat-cor-recapta-8-680-euros-per-fomentar-la-salut-mental-de-la-poblacio-vulnerable-de-yaounde","status":"publish","type":"post","link":"https:\/\/fundaciohospitalariesmartorell.org\/entre-tots\/2024\/05\/lhospital-sagrat-cor-recapta-8-680-euros-per-fomentar-la-salut-mental-de-la-poblacio-vulnerable-de-yaounde\/","title":{"rendered":"L&#8217;Hospital Sagrat Cor recapta 8.680 euros per fomentar la salut mental de la poblaci\u00f3 vulnerable de Yaound\u00e9"},"content":{"rendered":"\n<p>En el marc del comprom\u00eds de l&#8217;Hospital Sagrat Cor amb la solidaritat i el benestar comunitari, i gr\u00e0cies a les diferents activitats solid\u00e0ries que s\u2019han fet entre el 2021 i el 2023, hem aconseguit recaptar un total de 8.680 euros per al projecte d&#8217;atenci\u00f3 i consulta en salut mental per a persones amb malaltia mental i sense sostre a Yaound\u00e9 (Camerun). La not\u00edcia es va explicar en diferents mitjans.<\/p>\n\n\n\n<p><a href=\"https:\/\/martorelldigital.cat\/lhospital-sagrat-cor-recapta-8-680-euros-per-fomentar-la-salut-mental-de-la-poblacio-vulnerable-de-yaounde-camerun\/\">https:\/\/martorelldigital.cat\/lhospital-sagrat-cor-recapta-8-680-euros-per-fomentar-la-salut-mental-de-la-poblacio-vulnerable-de-yaounde-camerun\/<\/a><\/p>\n\n\n\n<hr class=\"wp-block-separator has-text-color has-palette-color-2-color has-alpha-channel-opacity has-palette-color-2-background-color has-background is-style-wide\"\/>\n\n\n\n\n\n<p><a href=\"https:\/\/www.vilapress.cat\/articulo\/martorell\/2024-05-15\/4832934-hospital-sagrat-cor-martorell-consigue-8-mil-euros-promover-salud-mental-camerun\">https:\/\/www.vilapress.cat\/articulo\/martorell\/2024-05-15\/4832934-hospital-sagrat-cor-martorell-consigue-8-mil-euros-promover-salud-mental-camerun<\/a><\/p>\n","protected":false},"excerpt":{"rendered":"<p>En el marc del comprom\u00eds de l&#8217;Hospital Sagrat Cor amb la solidaritat i el benestar comunitari, i gr\u00e0cies a les diferents activitats solid\u00e0ries que s\u2019han fet entre el 2021 i el 2023, hem aconseguit recaptar un total de 8.680 euros per al projecte d&#8217;atenci\u00f3 i consulta en salut mental per a persones amb malaltia mental [&hellip;]<\/p>\n","protected":false},"author":2,"featured_media":0,"comment_status":"closed","ping_status":"closed","sticky":false,"template":"","format":"standard","meta":{"footnotes":""},"categories":[44],"tags":[],"class_list":["post-9255","post","type-post","status-publish","format-standard","hentry","category-entre-noticies"],"blocksy_meta":[],"featured_image_urls_v2":{"full":"","thumbnail":"","medium":"","medium_large":"","large":"","1536x1536":"","2048x2048":"","mailpoet_newsletter_max":""},"post_excerpt_stackable_v2":"<p>En el marc del comprom\u00eds de l&#8217;Hospital Sagrat Cor amb la solidaritat i el benestar comunitari, i gr\u00e0cies a les diferents activitats solid\u00e0ries que s\u2019han fet entre el 2021 i el 2023, hem aconseguit recaptar un total de 8.680 euros per al projecte d&#8217;atenci\u00f3 i consulta en salut mental per a persones amb malaltia mental i sense sostre a Yaound\u00e9 (Camerun). La not\u00edcia es va explicar en diferents mitjans. https:\/\/martorelldigital.cat\/lhospital-sagrat-cor-recapta-8-680-euros-per-fomentar-la-salut-mental-de-la-poblacio-vulnerable-de-yaounde-camerun\/ https:\/\/www.vilapress.cat\/articulo\/martorell\/2024-05-15\/4832934-hospital-sagrat-cor-martorell-consigue-8-mil-euros-promover-salud-mental-camerun<\/p>\n","category_list_v2":"<a href=\"https:\/\/fundaciohospitalariesmartorell.org\/entre-tots\/category\/entre-noticies\/\" rel=\"category tag\">ENTRE NOT\u00cdCIES<\/a>","author_info_v2":{"name":"Sagrat Cor","url":"https:\/\/fundaciohospitalariesmartorell.org\/entre-tots\/author\/daniel\/"},"comments_num_v2":"0 comments","_links":{"self":[{"href":"https:\/\/fundaciohospitalariesmartorell.org\/entre-tots\/wp-json\/wp\/v2\/posts\/9255","targetHints":{"allow":["GET"]}}],"collection":[{"href":"https:\/\/fundaciohospitalariesmartorell.org\/entre-tots\/wp-json\/wp\/v2\/posts"}],"about":[{"href":"https:\/\/fundaciohospitalariesmartorell.org\/entre-tots\/wp-json\/wp\/v2\/types\/post"}],"author":[{"embeddable":true,"href":"https:\/\/fundaciohospitalariesmartorell.org\/entre-tots\/wp-json\/wp\/v2\/users\/2"}],"replies":[{"embeddable":true,"href":"https:\/\/fundaciohospitalariesmartorell.org\/entre-tots\/wp-json\/wp\/v2\/comments?post=9255"}],"version-history":[{"count":2,"href":"https:\/\/fundaciohospitalariesmartorell.org\/entre-tots\/wp-json\/wp\/v2\/posts\/9255\/revisions"}],"predecessor-version":[{"id":9257,"href":"https:\/\/fundaciohospitalariesmartorell.org\/entre-tots\/wp-json\/wp\/v2\/posts\/9255\/revisions\/9257"}],"wp:attachment":[{"href":"https:\/\/fundaciohospitalariesmartorell.org\/entre-tots\/wp-json\/wp\/v2\/media?parent=9255"}],"wp:term":[{"taxonomy":"category","embeddable":true,"href":"https:\/\/fundaciohospitalariesmartorell.org\/entre-tots\/wp-json\/wp\/v2\/categories?post=9255"},{"taxonomy":"post_tag","embeddable":true,"href":"https:\/\/fundaciohospitalariesmartorell.org\/entre-tots\/wp-json\/wp\/v2\/tags?post=9255"}],"curies":[{"name":"wp","href":"https:\/\/api.w.org\/{rel}","templated":true}]}}