{"id":9322,"date":"2024-06-03T09:11:20","date_gmt":"2024-06-03T08:11:20","guid":{"rendered":"https:\/\/hospitalsagratcormartorell.org\/entre-tots\/?p=9322"},"modified":"2024-06-03T09:12:38","modified_gmt":"2024-06-03T08:12:38","slug":"la-infermera-anna-ruiz-completa-el-seu-master-en-cures-palliatives-a-la-nostra-unitat-de-convalescencia","status":"publish","type":"post","link":"https:\/\/fundaciohospitalariesmartorell.org\/entre-tots\/2024\/06\/la-infermera-anna-ruiz-completa-el-seu-master-en-cures-palliatives-a-la-nostra-unitat-de-convalescencia\/","title":{"rendered":"La infermera Anna Ruiz completa el seu M\u00e0ster en Cures Pal.liatives a la nostra Unitat de Convalesc\u00e8ncia"},"content":{"rendered":"\n<figure class=\"wp-block-image size-large\"><img loading=\"lazy\" decoding=\"async\" width=\"1024\" height=\"768\" src=\"https:\/\/hospitalsagratcormartorell.org\/entre-tots\/wp-content\/uploads\/2024\/06\/20240520_092507-1024x768.jpg\" alt=\"Anna Ruiz\" class=\"wp-image-9324\" srcset=\"https:\/\/fundaciohospitalariesmartorell.org\/entre-tots\/wp-content\/uploads\/2024\/06\/20240520_092507-1024x768.jpg 1024w, https:\/\/fundaciohospitalariesmartorell.org\/entre-tots\/wp-content\/uploads\/2024\/06\/20240520_092507-300x225.jpg 300w, https:\/\/fundaciohospitalariesmartorell.org\/entre-tots\/wp-content\/uploads\/2024\/06\/20240520_092507-768x576.jpg 768w, https:\/\/fundaciohospitalariesmartorell.org\/entre-tots\/wp-content\/uploads\/2024\/06\/20240520_092507-1536x1152.jpg 1536w, https:\/\/fundaciohospitalariesmartorell.org\/entre-tots\/wp-content\/uploads\/2024\/06\/20240520_092507-2048x1536.jpg 2048w, https:\/\/fundaciohospitalariesmartorell.org\/entre-tots\/wp-content\/uploads\/2024\/06\/20240520_092507-1320x990.jpg 1320w\" sizes=\"auto, (max-width: 1024px) 100vw, 1024px\" \/><\/figure>\n\n\n\n<p>Anna Ruiz, infermera amb una \u00e0mplia experi\u00e8ncia en l&#8217;\u00e0mbit de l&#8217;Atenci\u00f3 Interm\u00e8dia a Palam\u00f3s, ha completat amb \u00e8xit el seu m\u00e0ster en cures pal\u00b7liatives. Despr\u00e9s de dos mesos intensos de pr\u00e0ctiques a la Unitat de Cures Pal\u00b7liatives i amb l&#8217;equip de\u00a0PADES\u00a0de l&#8217;Hospital Sagrat Cor, l&#8217;Anna explica que ha viscut una experi\u00e8ncia molt enriquidora amb nosaltres. &#8220;He tingut l&#8217;oportunitat de treballar amb especialistes en cures pal\u00b7liatives, i ha estat molt gratificant. Em vaig sentir acollida i benvinguda des del primer moment&#8221;, assegura.<\/p>\n\n\n\n<p>Durant la seva estada, Anna ha participat en diverses tasques, incloent-hi visites domicili\u00e0ries i participant en reunions interdisciplin\u00e0ries. &#8220;He apr\u00e8s molt sobre la gesti\u00f3 del dolor i l&#8217;acompanyament en el proc\u00e9s final de vida&#8221;, explica. &#8220;\u00c9s emocionant veure com l&#8217;equip proporciona suport tant als pacients com als seus familiars en aquest moment tan dif\u00edcil&#8221;. L&#8217;Anna tamb\u00e9 destaca la import\u00e0ncia de l&#8217;empatia i la comunicaci\u00f3 en aquest entorn. &#8220;He vist com els professionals ajuden els pacients a expressar les seves preocupacions i emocions, fent que el proc\u00e9s de morir sigui m\u00e9s hum\u00e0 i menys dolor\u00f3s per a tots&#8221;.<\/p>\n\n\n\n<p>Tot i els reptes emocionals que ha suposat aquesta experi\u00e8ncia, l&#8217;Anna explica que els seus Companys l&#8217;han fet sentir part de l&#8217;equip i &#8220;m&#8217;han ajudat a cr\u00e9ixer professionalment.&#8221;<\/p>\n\n\n\n<p>Amb la seva formaci\u00f3 i experi\u00e8ncia, l&#8217;Anna est\u00e0 preparada per continuar ajudant a aquells que necessiten cures pal\u00b7liatives, demostrant el seu comprom\u00eds amb el benestar dels pacients i les seves fam\u00edlies.<\/p>\n\n\n\n<figure class=\"wp-block-image size-large\"><img loading=\"lazy\" decoding=\"async\" width=\"1024\" height=\"768\" src=\"https:\/\/hospitalsagratcormartorell.org\/entre-tots\/wp-content\/uploads\/2024\/06\/20240520_092543-1024x768.jpg\" alt=\"\" class=\"wp-image-9325\" srcset=\"https:\/\/fundaciohospitalariesmartorell.org\/entre-tots\/wp-content\/uploads\/2024\/06\/20240520_092543-1024x768.jpg 1024w, https:\/\/fundaciohospitalariesmartorell.org\/entre-tots\/wp-content\/uploads\/2024\/06\/20240520_092543-300x225.jpg 300w, https:\/\/fundaciohospitalariesmartorell.org\/entre-tots\/wp-content\/uploads\/2024\/06\/20240520_092543-768x576.jpg 768w, https:\/\/fundaciohospitalariesmartorell.org\/entre-tots\/wp-content\/uploads\/2024\/06\/20240520_092543-1536x1152.jpg 1536w, https:\/\/fundaciohospitalariesmartorell.org\/entre-tots\/wp-content\/uploads\/2024\/06\/20240520_092543-2048x1536.jpg 2048w, https:\/\/fundaciohospitalariesmartorell.org\/entre-tots\/wp-content\/uploads\/2024\/06\/20240520_092543-1320x990.jpg 1320w\" sizes=\"auto, (max-width: 1024px) 100vw, 1024px\" \/><\/figure>\n","protected":false},"excerpt":{"rendered":"<p>Anna Ruiz, infermera amb una \u00e0mplia experi\u00e8ncia en l&#8217;\u00e0mbit de l&#8217;Atenci\u00f3 Interm\u00e8dia a Palam\u00f3s, ha completat amb \u00e8xit el seu m\u00e0ster en cures pal\u00b7liatives. Despr\u00e9s de dos mesos intensos de pr\u00e0ctiques a la Unitat de Cures Pal\u00b7liatives i amb l&#8217;equip de\u00a0PADES\u00a0de l&#8217;Hospital Sagrat Cor, l&#8217;Anna explica que ha viscut una experi\u00e8ncia molt enriquidora amb nosaltres. [&hellip;]<\/p>\n","protected":false},"author":2,"featured_media":9324,"comment_status":"closed","ping_status":"closed","sticky":false,"template":"","format":"standard","meta":{"footnotes":""},"categories":[27],"tags":[],"class_list":["post-9322","post","type-post","status-publish","format-standard","has-post-thumbnail","hentry","category-actualitat"],"blocksy_meta":[],"featured_image_urls_v2":{"full":["https:\/\/fundaciohospitalariesmartorell.org\/entre-tots\/wp-content\/uploads\/2024\/06\/20240520_092507-scaled.jpg",2560,1920,false],"thumbnail":["https:\/\/fundaciohospitalariesmartorell.org\/entre-tots\/wp-content\/uploads\/2024\/06\/20240520_092507-150x150.jpg",150,150,true],"medium":["https:\/\/fundaciohospitalariesmartorell.org\/entre-tots\/wp-content\/uploads\/2024\/06\/20240520_092507-300x225.jpg",300,225,true],"medium_large":["https:\/\/fundaciohospitalariesmartorell.org\/entre-tots\/wp-content\/uploads\/2024\/06\/20240520_092507-768x576.jpg",768,576,true],"large":["https:\/\/fundaciohospitalariesmartorell.org\/entre-tots\/wp-content\/uploads\/2024\/06\/20240520_092507-1024x768.jpg",1024,768,true],"1536x1536":["https:\/\/fundaciohospitalariesmartorell.org\/entre-tots\/wp-content\/uploads\/2024\/06\/20240520_092507-1536x1152.jpg",1536,1152,true],"2048x2048":["https:\/\/fundaciohospitalariesmartorell.org\/entre-tots\/wp-content\/uploads\/2024\/06\/20240520_092507-2048x1536.jpg",2048,1536,true],"mailpoet_newsletter_max":["https:\/\/fundaciohospitalariesmartorell.org\/entre-tots\/wp-content\/uploads\/2024\/06\/20240520_092507-1320x990.jpg",1320,990,true]},"post_excerpt_stackable_v2":"<p>Anna Ruiz, infermera amb una \u00e0mplia experi\u00e8ncia en l&#8217;\u00e0mbit de l&#8217;Atenci\u00f3 Interm\u00e8dia a Palam\u00f3s, ha completat amb \u00e8xit el seu m\u00e0ster en cures pal\u00b7liatives. Despr\u00e9s de dos mesos intensos de pr\u00e0ctiques a la Unitat de Cures Pal\u00b7liatives i amb l&#8217;equip de\u00a0PADES\u00a0de l&#8217;Hospital Sagrat Cor, l&#8217;Anna explica que ha viscut una experi\u00e8ncia molt enriquidora amb nosaltres. &#8220;He tingut l&#8217;oportunitat de treballar amb especialistes en cures pal\u00b7liatives, i ha estat molt gratificant. Em vaig sentir acollida i benvinguda des del primer moment&#8221;, assegura. Durant la seva estada, Anna ha participat en diverses tasques, incloent-hi visites domicili\u00e0ries i participant en reunions interdisciplin\u00e0ries. &#8220;He&hellip;<\/p>\n","category_list_v2":"<a href=\"https:\/\/fundaciohospitalariesmartorell.org\/entre-tots\/category\/actualitat\/\" rel=\"category tag\">ACTUALITAT<\/a>","author_info_v2":{"name":"Sagrat Cor","url":"https:\/\/fundaciohospitalariesmartorell.org\/entre-tots\/author\/daniel\/"},"comments_num_v2":"0 comments","_links":{"self":[{"href":"https:\/\/fundaciohospitalariesmartorell.org\/entre-tots\/wp-json\/wp\/v2\/posts\/9322","targetHints":{"allow":["GET"]}}],"collection":[{"href":"https:\/\/fundaciohospitalariesmartorell.org\/entre-tots\/wp-json\/wp\/v2\/posts"}],"about":[{"href":"https:\/\/fundaciohospitalariesmartorell.org\/entre-tots\/wp-json\/wp\/v2\/types\/post"}],"author":[{"embeddable":true,"href":"https:\/\/fundaciohospitalariesmartorell.org\/entre-tots\/wp-json\/wp\/v2\/users\/2"}],"replies":[{"embeddable":true,"href":"https:\/\/fundaciohospitalariesmartorell.org\/entre-tots\/wp-json\/wp\/v2\/comments?post=9322"}],"version-history":[{"count":4,"href":"https:\/\/fundaciohospitalariesmartorell.org\/entre-tots\/wp-json\/wp\/v2\/posts\/9322\/revisions"}],"predecessor-version":[{"id":9329,"href":"https:\/\/fundaciohospitalariesmartorell.org\/entre-tots\/wp-json\/wp\/v2\/posts\/9322\/revisions\/9329"}],"wp:featuredmedia":[{"embeddable":true,"href":"https:\/\/fundaciohospitalariesmartorell.org\/entre-tots\/wp-json\/wp\/v2\/media\/9324"}],"wp:attachment":[{"href":"https:\/\/fundaciohospitalariesmartorell.org\/entre-tots\/wp-json\/wp\/v2\/media?parent=9322"}],"wp:term":[{"taxonomy":"category","embeddable":true,"href":"https:\/\/fundaciohospitalariesmartorell.org\/entre-tots\/wp-json\/wp\/v2\/categories?post=9322"},{"taxonomy":"post_tag","embeddable":true,"href":"https:\/\/fundaciohospitalariesmartorell.org\/entre-tots\/wp-json\/wp\/v2\/tags?post=9322"}],"curies":[{"name":"wp","href":"https:\/\/api.w.org\/{rel}","templated":true}]}}