{"id":9330,"date":"2024-06-03T09:48:09","date_gmt":"2024-06-03T08:48:09","guid":{"rendered":"https:\/\/hospitalsagratcormartorell.org\/entre-tots\/?p=9330"},"modified":"2024-06-04T07:39:21","modified_gmt":"2024-06-04T06:39:21","slug":"excursio-terapeutica-a-lhipica-les-tanques-de-viladecans","status":"publish","type":"post","link":"https:\/\/fundaciohospitalariesmartorell.org\/entre-tots\/2024\/06\/excursio-terapeutica-a-lhipica-les-tanques-de-viladecans\/","title":{"rendered":"Excursi\u00f3 terap\u00e8utica a l&#8217;H\u00edpica Les Tanques de Viladecans"},"content":{"rendered":"\n<figure class=\"wp-block-image size-large\"><img loading=\"lazy\" decoding=\"async\" width=\"1024\" height=\"768\" src=\"https:\/\/hospitalsagratcormartorell.org\/entre-tots\/wp-content\/uploads\/2024\/06\/IMG-20240530-WA0007-1024x768.jpg\" alt=\"\" class=\"wp-image-9331\" srcset=\"https:\/\/fundaciohospitalariesmartorell.org\/entre-tots\/wp-content\/uploads\/2024\/06\/IMG-20240530-WA0007-1024x768.jpg 1024w, https:\/\/fundaciohospitalariesmartorell.org\/entre-tots\/wp-content\/uploads\/2024\/06\/IMG-20240530-WA0007-300x225.jpg 300w, https:\/\/fundaciohospitalariesmartorell.org\/entre-tots\/wp-content\/uploads\/2024\/06\/IMG-20240530-WA0007-768x576.jpg 768w, https:\/\/fundaciohospitalariesmartorell.org\/entre-tots\/wp-content\/uploads\/2024\/06\/IMG-20240530-WA0007-1536x1152.jpg 1536w, https:\/\/fundaciohospitalariesmartorell.org\/entre-tots\/wp-content\/uploads\/2024\/06\/IMG-20240530-WA0007-1320x990.jpg 1320w, https:\/\/fundaciohospitalariesmartorell.org\/entre-tots\/wp-content\/uploads\/2024\/06\/IMG-20240530-WA0007.jpg 2048w\" sizes=\"auto, (max-width: 1024px) 100vw, 1024px\" \/><\/figure>\n\n\n\n<p>El passat 21 de maig, quinze&nbsp;persones usu\u00e0ries&nbsp;de les unitats de rehabilitaci\u00f3 de l&#8217;Hospital Sagrat Cor a Martorell, acompanyades per dues persones volunt\u00e0ries i cinc professionals, van gaudir d&#8217;una sortida a l&#8217;H\u00edpica Les Tanques de Viladecans.<\/p>\n\n\n\n<p>Aquesta activitat es va decidir en assemblea amb els mateixos usuaris i usu\u00e0ries, que tamb\u00e9 van optar per incloure un p\u00edcnic en aquesta jornada a l&#8217;aire lliure i en contacte directe amb els animals, ja que Les Tanques tamb\u00e9 \u00e9s una granja.<\/p>\n\n\n\n<p>Les persones\u00a0usu\u00e0ries\u00a0participants, molts d&#8217;elles de llarga estada, van valorar molt positivament l&#8217;experi\u00e8ncia. Van poder gaudir del paisatge, tocar els animals i con\u00e8ixer de prop la seva alimentaci\u00f3. En particular, el contacte amb els cavalls i els ponis va ser especialment terap\u00e8utic i benefici\u00f3s.<\/p>\n\n\n\n<div class=\"wp-block-group is-layout-constrained wp-block-group-is-layout-constrained\">\n<div class=\"wp-block-stackable-carousel stk-block-carousel stk--is-slide stk--arrows-justify-space-between stk--arrows-align-center stk-block stk-9745ceb\" data-slides-to-show=\"\" data-block-id=\"9745ceb\"><div class=\"stk-block-carousel__content-wrapper\"><div class=\"stk-row stk-inner-blocks stk-block-content stk-block-carousel__slider-wrapper stk-content-align stk-9745ceb-column\"><div class=\"stk-block-carousel__slider\" role=\"list\" data-autoplay=\"4000\" data-label-slide-of=\"Slide %%d of %%d\">\n<div class=\"wp-block-stackable-column stk-block-column stk-column stk-block stk-9e95e74\" data-v=\"4\" data-block-id=\"9e95e74\"><div class=\"stk-column-wrapper stk-block-column__content stk-container stk-9e95e74-container stk--no-background stk--no-padding\"><div class=\"stk-block-content stk-inner-blocks stk-9e95e74-inner-blocks\">\n<figure class=\"wp-block-image size-large\"><img loading=\"lazy\" decoding=\"async\" width=\"1024\" height=\"768\" src=\"https:\/\/hospitalsagratcormartorell.org\/entre-tots\/wp-content\/uploads\/2024\/06\/IMG-20240521-WA0004-1024x768.jpg\" alt=\"\" class=\"wp-image-9332\" srcset=\"https:\/\/fundaciohospitalariesmartorell.org\/entre-tots\/wp-content\/uploads\/2024\/06\/IMG-20240521-WA0004-1024x768.jpg 1024w, https:\/\/fundaciohospitalariesmartorell.org\/entre-tots\/wp-content\/uploads\/2024\/06\/IMG-20240521-WA0004-300x225.jpg 300w, https:\/\/fundaciohospitalariesmartorell.org\/entre-tots\/wp-content\/uploads\/2024\/06\/IMG-20240521-WA0004-768x576.jpg 768w, https:\/\/fundaciohospitalariesmartorell.org\/entre-tots\/wp-content\/uploads\/2024\/06\/IMG-20240521-WA0004-1536x1152.jpg 1536w, https:\/\/fundaciohospitalariesmartorell.org\/entre-tots\/wp-content\/uploads\/2024\/06\/IMG-20240521-WA0004-1320x990.jpg 1320w, https:\/\/fundaciohospitalariesmartorell.org\/entre-tots\/wp-content\/uploads\/2024\/06\/IMG-20240521-WA0004.jpg 2048w\" sizes=\"auto, (max-width: 1024px) 100vw, 1024px\" \/><\/figure>\n<\/div><\/div><\/div>\n\n\n\n<div class=\"wp-block-stackable-column stk-block-column stk-column stk-block stk-81478da\" data-v=\"4\" data-block-id=\"81478da\"><div class=\"stk-column-wrapper stk-block-column__content stk-container stk-81478da-container stk--no-background stk--no-padding\"><div class=\"stk-block-content stk-inner-blocks stk-81478da-inner-blocks\">\n<figure class=\"wp-block-image size-large\"><img loading=\"lazy\" decoding=\"async\" width=\"768\" height=\"1024\" src=\"https:\/\/hospitalsagratcormartorell.org\/entre-tots\/wp-content\/uploads\/2024\/06\/IMG-20240530-WA0004-768x1024.jpg\" alt=\"\" class=\"wp-image-9333\" srcset=\"https:\/\/fundaciohospitalariesmartorell.org\/entre-tots\/wp-content\/uploads\/2024\/06\/IMG-20240530-WA0004-768x1024.jpg 768w, https:\/\/fundaciohospitalariesmartorell.org\/entre-tots\/wp-content\/uploads\/2024\/06\/IMG-20240530-WA0004-225x300.jpg 225w, https:\/\/fundaciohospitalariesmartorell.org\/entre-tots\/wp-content\/uploads\/2024\/06\/IMG-20240530-WA0004-1152x1536.jpg 1152w, https:\/\/fundaciohospitalariesmartorell.org\/entre-tots\/wp-content\/uploads\/2024\/06\/IMG-20240530-WA0004-1320x1760.jpg 1320w, https:\/\/fundaciohospitalariesmartorell.org\/entre-tots\/wp-content\/uploads\/2024\/06\/IMG-20240530-WA0004.jpg 1536w\" sizes=\"auto, (max-width: 768px) 100vw, 768px\" \/><\/figure>\n<\/div><\/div><\/div>\n\n\n\n<div class=\"wp-block-stackable-column stk-block-column stk-column stk-block stk-c1a35a4\" data-v=\"4\" data-block-id=\"c1a35a4\"><div class=\"stk-column-wrapper stk-block-column__content stk-container stk-c1a35a4-container stk--no-background stk--no-padding\"><div class=\"stk-block-content stk-inner-blocks stk-c1a35a4-inner-blocks\">\n<figure class=\"wp-block-image size-large\"><img loading=\"lazy\" decoding=\"async\" width=\"1024\" height=\"768\" src=\"https:\/\/hospitalsagratcormartorell.org\/entre-tots\/wp-content\/uploads\/2024\/06\/IMG-20240530-WA0006-1024x768.jpg\" alt=\"\" class=\"wp-image-9334\" srcset=\"https:\/\/fundaciohospitalariesmartorell.org\/entre-tots\/wp-content\/uploads\/2024\/06\/IMG-20240530-WA0006-1024x768.jpg 1024w, https:\/\/fundaciohospitalariesmartorell.org\/entre-tots\/wp-content\/uploads\/2024\/06\/IMG-20240530-WA0006-300x225.jpg 300w, https:\/\/fundaciohospitalariesmartorell.org\/entre-tots\/wp-content\/uploads\/2024\/06\/IMG-20240530-WA0006-768x576.jpg 768w, https:\/\/fundaciohospitalariesmartorell.org\/entre-tots\/wp-content\/uploads\/2024\/06\/IMG-20240530-WA0006-1536x1152.jpg 1536w, https:\/\/fundaciohospitalariesmartorell.org\/entre-tots\/wp-content\/uploads\/2024\/06\/IMG-20240530-WA0006-1320x990.jpg 1320w, https:\/\/fundaciohospitalariesmartorell.org\/entre-tots\/wp-content\/uploads\/2024\/06\/IMG-20240530-WA0006.jpg 2048w\" sizes=\"auto, (max-width: 1024px) 100vw, 1024px\" \/><\/figure>\n<\/div><\/div><\/div>\n\n\n\n<div class=\"wp-block-stackable-column stk-block-column stk-column stk-block stk-710887a\" data-v=\"4\" data-block-id=\"710887a\"><div class=\"stk-column-wrapper stk-block-column__content stk-container stk-710887a-container stk--no-background stk--no-padding\"><div class=\"stk-block-content stk-inner-blocks stk-710887a-inner-blocks\">\n<figure class=\"wp-block-image size-large\"><img loading=\"lazy\" decoding=\"async\" width=\"1024\" height=\"768\" src=\"https:\/\/hospitalsagratcormartorell.org\/entre-tots\/wp-content\/uploads\/2024\/06\/IMG-20240530-WA0003-1024x768.jpg\" alt=\"\" class=\"wp-image-9335\" srcset=\"https:\/\/fundaciohospitalariesmartorell.org\/entre-tots\/wp-content\/uploads\/2024\/06\/IMG-20240530-WA0003-1024x768.jpg 1024w, https:\/\/fundaciohospitalariesmartorell.org\/entre-tots\/wp-content\/uploads\/2024\/06\/IMG-20240530-WA0003-300x225.jpg 300w, https:\/\/fundaciohospitalariesmartorell.org\/entre-tots\/wp-content\/uploads\/2024\/06\/IMG-20240530-WA0003-768x576.jpg 768w, https:\/\/fundaciohospitalariesmartorell.org\/entre-tots\/wp-content\/uploads\/2024\/06\/IMG-20240530-WA0003-1536x1152.jpg 1536w, https:\/\/fundaciohospitalariesmartorell.org\/entre-tots\/wp-content\/uploads\/2024\/06\/IMG-20240530-WA0003-1320x990.jpg 1320w, https:\/\/fundaciohospitalariesmartorell.org\/entre-tots\/wp-content\/uploads\/2024\/06\/IMG-20240530-WA0003.jpg 2048w\" sizes=\"auto, (max-width: 1024px) 100vw, 1024px\" \/><\/figure>\n<\/div><\/div><\/div>\n<\/div><div class=\"stk-block-carousel__buttons\"><button class=\"stk-block-carousel__button stk-block-carousel__button__prev\" aria-label=\"Previous slide\"><svg aria-hidden=\"true\" focusable=\"false\" data-prefix=\"fas\" data-icon=\"chevron-left\" class=\"svg-inline--fa fa-chevron-left\" xmlns=\"http:\/\/www.w3.org\/2000\/svg\" viewBox=\"0 0 320 512\" width=\"32\" height=\"32\"><path d=\"M34.52 239.03L228.87 44.69c9.37-9.37 24.57-9.37 33.94 0l22.67 22.67c9.36 9.36 9.37 24.52.04 33.9L131.49 256l154.02 154.75c9.34 9.38 9.32 24.54-.04 33.9l-22.67 22.67c-9.37 9.37-24.57 9.37-33.94 0L34.52 272.97c-9.37-9.37-9.37-24.57 0-33.94z\"><\/path><\/svg><\/button><button class=\"stk-block-carousel__button stk-block-carousel__button__next\" aria-label=\"Next slide\"><svg aria-hidden=\"true\" focusable=\"false\" data-prefix=\"fas\" data-icon=\"chevron-right\" class=\"svg-inline--fa fa-chevron-right\" xmlns=\"http:\/\/www.w3.org\/2000\/svg\" viewBox=\"0 0 320 512\" width=\"32\" height=\"32\"><path d=\"M285.476 272.971L91.132 467.314c-9.373 9.373-24.569 9.373-33.941 0l-22.667-22.667c-9.357-9.357-9.375-24.522-.04-33.901L188.505 256 34.484 101.255c-9.335-9.379-9.317-24.544.04-33.901l22.667-22.667c9.373-9.373 24.569-9.373 33.941 0L285.475 239.03c9.373 9.372 9.373 24.568.001 33.941z\"><\/path><\/svg><\/button><\/div><\/div><div class=\"stk-block-carousel__dots\" role=\"list\" data-label=\"Slide %%d\"><\/div><\/div><\/div>\n<\/div>\n","protected":false},"excerpt":{"rendered":"<p>El passat 21 de maig, quinze&nbsp;persones usu\u00e0ries&nbsp;de les unitats de rehabilitaci\u00f3 de l&#8217;Hospital Sagrat Cor a Martorell, acompanyades per dues persones volunt\u00e0ries i cinc professionals, van gaudir d&#8217;una sortida a l&#8217;H\u00edpica Les Tanques de Viladecans. Aquesta activitat es va decidir en assemblea amb els mateixos usuaris i usu\u00e0ries, que tamb\u00e9 van optar per incloure un [&hellip;]<\/p>\n","protected":false},"author":3,"featured_media":9331,"comment_status":"closed","ping_status":"closed","sticky":false,"template":"","format":"standard","meta":{"footnotes":""},"categories":[27],"tags":[],"class_list":["post-9330","post","type-post","status-publish","format-standard","has-post-thumbnail","hentry","category-actualitat"],"blocksy_meta":[],"featured_image_urls_v2":{"full":["https:\/\/fundaciohospitalariesmartorell.org\/entre-tots\/wp-content\/uploads\/2024\/06\/IMG-20240530-WA0007.jpg",2048,1536,false],"thumbnail":["https:\/\/fundaciohospitalariesmartorell.org\/entre-tots\/wp-content\/uploads\/2024\/06\/IMG-20240530-WA0007-150x150.jpg",150,150,true],"medium":["https:\/\/fundaciohospitalariesmartorell.org\/entre-tots\/wp-content\/uploads\/2024\/06\/IMG-20240530-WA0007-300x225.jpg",300,225,true],"medium_large":["https:\/\/fundaciohospitalariesmartorell.org\/entre-tots\/wp-content\/uploads\/2024\/06\/IMG-20240530-WA0007-768x576.jpg",768,576,true],"large":["https:\/\/fundaciohospitalariesmartorell.org\/entre-tots\/wp-content\/uploads\/2024\/06\/IMG-20240530-WA0007-1024x768.jpg",1024,768,true],"1536x1536":["https:\/\/fundaciohospitalariesmartorell.org\/entre-tots\/wp-content\/uploads\/2024\/06\/IMG-20240530-WA0007-1536x1152.jpg",1536,1152,true],"2048x2048":["https:\/\/fundaciohospitalariesmartorell.org\/entre-tots\/wp-content\/uploads\/2024\/06\/IMG-20240530-WA0007.jpg",2048,1536,false],"mailpoet_newsletter_max":["https:\/\/fundaciohospitalariesmartorell.org\/entre-tots\/wp-content\/uploads\/2024\/06\/IMG-20240530-WA0007-1320x990.jpg",1320,990,true]},"post_excerpt_stackable_v2":"<p>El passat 21 de maig, quinze&nbsp;persones usu\u00e0ries&nbsp;de les unitats de rehabilitaci\u00f3 de l&#8217;Hospital Sagrat Cor a Martorell, acompanyades per dues persones volunt\u00e0ries i cinc professionals, van gaudir d&#8217;una sortida a l&#8217;H\u00edpica Les Tanques de Viladecans. Aquesta activitat es va decidir en assemblea amb els mateixos usuaris i usu\u00e0ries, que tamb\u00e9 van optar per incloure un p\u00edcnic en aquesta jornada a l&#8217;aire lliure i en contacte directe amb els animals, ja que Les Tanques tamb\u00e9 \u00e9s una granja. Les persones\u00a0usu\u00e0ries\u00a0participants, molts d&#8217;elles de llarga estada, van valorar molt positivament l&#8217;experi\u00e8ncia. Van poder gaudir del paisatge, tocar els animals i con\u00e8ixer de&hellip;<\/p>\n","category_list_v2":"<a href=\"https:\/\/fundaciohospitalariesmartorell.org\/entre-tots\/category\/actualitat\/\" rel=\"category tag\">ACTUALITAT<\/a>","author_info_v2":{"name":"Anna Casanovas","url":"https:\/\/fundaciohospitalariesmartorell.org\/entre-tots\/author\/acasanovasr\/"},"comments_num_v2":"0 comments","_links":{"self":[{"href":"https:\/\/fundaciohospitalariesmartorell.org\/entre-tots\/wp-json\/wp\/v2\/posts\/9330","targetHints":{"allow":["GET"]}}],"collection":[{"href":"https:\/\/fundaciohospitalariesmartorell.org\/entre-tots\/wp-json\/wp\/v2\/posts"}],"about":[{"href":"https:\/\/fundaciohospitalariesmartorell.org\/entre-tots\/wp-json\/wp\/v2\/types\/post"}],"author":[{"embeddable":true,"href":"https:\/\/fundaciohospitalariesmartorell.org\/entre-tots\/wp-json\/wp\/v2\/users\/3"}],"replies":[{"embeddable":true,"href":"https:\/\/fundaciohospitalariesmartorell.org\/entre-tots\/wp-json\/wp\/v2\/comments?post=9330"}],"version-history":[{"count":2,"href":"https:\/\/fundaciohospitalariesmartorell.org\/entre-tots\/wp-json\/wp\/v2\/posts\/9330\/revisions"}],"predecessor-version":[{"id":9361,"href":"https:\/\/fundaciohospitalariesmartorell.org\/entre-tots\/wp-json\/wp\/v2\/posts\/9330\/revisions\/9361"}],"wp:featuredmedia":[{"embeddable":true,"href":"https:\/\/fundaciohospitalariesmartorell.org\/entre-tots\/wp-json\/wp\/v2\/media\/9331"}],"wp:attachment":[{"href":"https:\/\/fundaciohospitalariesmartorell.org\/entre-tots\/wp-json\/wp\/v2\/media?parent=9330"}],"wp:term":[{"taxonomy":"category","embeddable":true,"href":"https:\/\/fundaciohospitalariesmartorell.org\/entre-tots\/wp-json\/wp\/v2\/categories?post=9330"},{"taxonomy":"post_tag","embeddable":true,"href":"https:\/\/fundaciohospitalariesmartorell.org\/entre-tots\/wp-json\/wp\/v2\/tags?post=9330"}],"curies":[{"name":"wp","href":"https:\/\/api.w.org\/{rel}","templated":true}]}}