{"id":9338,"date":"2024-06-03T10:25:52","date_gmt":"2024-06-03T09:25:52","guid":{"rendered":"https:\/\/hospitalsagratcormartorell.org\/entre-tots\/?p=9338"},"modified":"2024-06-25T09:19:03","modified_gmt":"2024-06-25T08:19:03","slug":"la-xxviii-jornada-dactualitzacio-en-psicogeriatria-adverteix-que-la-majoria-de-les-persones-amb-alzheimer-en-fases-primerenques-no-estan-diagnosticades","status":"publish","type":"post","link":"https:\/\/fundaciohospitalariesmartorell.org\/entre-tots\/2024\/06\/la-xxviii-jornada-dactualitzacio-en-psicogeriatria-adverteix-que-la-majoria-de-les-persones-amb-alzheimer-en-fases-primerenques-no-estan-diagnosticades\/","title":{"rendered":"La XXVIII Jornada d\u2019Actualitzaci\u00f3 en Psicogeriatria adverteix que la majoria de les persones amb Alzheimer en fases primerenques no estan diagnosticades"},"content":{"rendered":"\n<figure class=\"wp-block-image size-large\"><img loading=\"lazy\" decoding=\"async\" width=\"1024\" height=\"768\" src=\"https:\/\/hospitalsagratcormartorell.org\/entre-tots\/wp-content\/uploads\/2024\/06\/WhatsApp-Image-2024-05-31-at-09.40.33-1024x768.jpeg\" alt=\"XXVIII Jornada d'Actualitzaci\u00f3 en Psicogeriatria\" class=\"wp-image-9339\" srcset=\"https:\/\/fundaciohospitalariesmartorell.org\/entre-tots\/wp-content\/uploads\/2024\/06\/WhatsApp-Image-2024-05-31-at-09.40.33-1024x768.jpeg 1024w, https:\/\/fundaciohospitalariesmartorell.org\/entre-tots\/wp-content\/uploads\/2024\/06\/WhatsApp-Image-2024-05-31-at-09.40.33-300x225.jpeg 300w, https:\/\/fundaciohospitalariesmartorell.org\/entre-tots\/wp-content\/uploads\/2024\/06\/WhatsApp-Image-2024-05-31-at-09.40.33-768x576.jpeg 768w, https:\/\/fundaciohospitalariesmartorell.org\/entre-tots\/wp-content\/uploads\/2024\/06\/WhatsApp-Image-2024-05-31-at-09.40.33-1536x1152.jpeg 1536w, https:\/\/fundaciohospitalariesmartorell.org\/entre-tots\/wp-content\/uploads\/2024\/06\/WhatsApp-Image-2024-05-31-at-09.40.33-1320x990.jpeg 1320w, https:\/\/fundaciohospitalariesmartorell.org\/entre-tots\/wp-content\/uploads\/2024\/06\/WhatsApp-Image-2024-05-31-at-09.40.33.jpeg 2048w\" sizes=\"auto, (max-width: 1024px) 100vw, 1024px\" \/><\/figure>\n\n\n\n<p>El passat 31 de maig, l&#8217;Hospital Sant Rafael va acollir la XXVIII Jornada d&#8217;Actualitzaci\u00f3 en Psicogeriatria, organitzada per l&#8217;Hospital Sagrat Cor, que va congregar m\u00e9s d&#8217;un centenar d&#8217;assistents (presencials i on line). Durant la jornada, es va alertar sobre el fet que la majoria de les persones amb Alzheimer en fases primerenques no estan diagnosticades. Aquesta situaci\u00f3 es deu a la insufici\u00e8ncia d&#8217;unitats de dem\u00e8ncies a Catalunya que ofereixin acc\u00e9s a biomarcadors per a la detecci\u00f3 preco\u00e7 de la malaltia.<\/p>\n\n\n\n<p>Una d\u2019aquestes unitats \u00e9s l&#8217;EAIA de Trastorns Cognitius de l&#8217;Hospital Sagrat Cor, que des del mes de novembre ofereix als pacients del Baix Llobregat Nord la possibilitat d&#8217;obtenir un diagn\u00f2stic prec\u00eds de l&#8217;Alzheimer mitjan\u00e7ant biomarcadors en l\u00edquid cefalorraquidi per punci\u00f3 lumbar. A m\u00e9s, a partir del mes de juny, ja es podran detectar biomarcadors en plasma amb una an\u00e0lisi de sang, una prova molt menys invasiva per al pacient.<\/p>\n\n\n\n<p>Els primers s\u00edmptomes de l&#8217;Alzheimer, com ara els errors de mem\u00f2ria, poden apar\u00e8ixer entre tres i sis anys abans del diagn\u00f2stic cl\u00ednic, i aquesta incertesa genera molt de patiment en les persones que els pateixen. &#8220;S\u00f3n pacients que, tot i tenir algun problema de mem\u00f2ria, no tenen afectada la capacitat funcional i s\u00f3n independents per portar a terme les activitats b\u00e0siques i instrumentals de la vida di\u00e0ria&#8221;, explica el Dr. Juan Carlos Cejudo, coordinador de l&#8217;EAIA de Trastorns Cognitius de l&#8217;Hospital Sagrat Cor.<\/p>\n\n\n\n<figure class=\"wp-block-image size-large\"><img loading=\"lazy\" decoding=\"async\" width=\"1024\" height=\"768\" src=\"https:\/\/hospitalsagratcormartorell.org\/entre-tots\/wp-content\/uploads\/2024\/06\/WhatsApp-Image-2024-05-31-at-15.03.46-1024x768.jpeg\" alt=\"XXVIII Jornada d'Actualitzaci\u00f3 en Psicogeriatria\" class=\"wp-image-9340\" srcset=\"https:\/\/fundaciohospitalariesmartorell.org\/entre-tots\/wp-content\/uploads\/2024\/06\/WhatsApp-Image-2024-05-31-at-15.03.46-1024x768.jpeg 1024w, https:\/\/fundaciohospitalariesmartorell.org\/entre-tots\/wp-content\/uploads\/2024\/06\/WhatsApp-Image-2024-05-31-at-15.03.46-300x225.jpeg 300w, https:\/\/fundaciohospitalariesmartorell.org\/entre-tots\/wp-content\/uploads\/2024\/06\/WhatsApp-Image-2024-05-31-at-15.03.46-768x576.jpeg 768w, https:\/\/fundaciohospitalariesmartorell.org\/entre-tots\/wp-content\/uploads\/2024\/06\/WhatsApp-Image-2024-05-31-at-15.03.46-1536x1152.jpeg 1536w, https:\/\/fundaciohospitalariesmartorell.org\/entre-tots\/wp-content\/uploads\/2024\/06\/WhatsApp-Image-2024-05-31-at-15.03.46-1320x990.jpeg 1320w, https:\/\/fundaciohospitalariesmartorell.org\/entre-tots\/wp-content\/uploads\/2024\/06\/WhatsApp-Image-2024-05-31-at-15.03.46.jpeg 1600w\" sizes=\"auto, (max-width: 1024px) 100vw, 1024px\" \/><\/figure>\n\n\n\n<p>Encara s\u00f3n poques les unitats de dem\u00e8ncies a Catalunya que ofereixen l&#8217;acc\u00e9s a biomarcadors per detectar la malaltia d&#8217;Alzheimer en fases primerenques. Aquest escenari, segons el Dr. Cejudo, hauria de canviar. Una persona en una fase inicial de la malaltia, que mant\u00e9 una bona capacitat funcional, hauria de tenir la llibertat de prendre decisions abans de perdre aquesta facultat de manera irreversible.<\/p>\n\n\n\n<p>&#8220;Moltes vegades, tenir un diagn\u00f2stic suposa un gran alleujament per a la persona amb Alzheimer, ja que obt\u00e9 respostes per als seus s\u00edmptomes i li possibilita decidir amb plena autonomia sobre el seu futur en aspectes tan rellevants com les voluntats anticipades&#8221;, afirma el Dr. Cejudo. &#8220;Tamb\u00e9 repercuteix positivament en la fam\u00edlia, perqu\u00e8 els permet entendre la simptomatologia que havien observat fins llavors&#8221;, afegeix.<\/p>\n\n\n\n<h3 class=\"wp-block-heading\">Programa d\u2019atenci\u00f3 a l\u2019Alzheimer en la fase inicial<\/h3>\n\n\n\n<p>Durant la Jornada es va destacar la import\u00e0ncia d\u2019oferir una atenci\u00f3 integral, multidisciplin\u00e0ria i continuada als pacients que reben el diagn\u00f2stic abans de la manifestaci\u00f3 cl\u00ednica de la malaltia, fins i tot en abs\u00e8ncia d\u2019un tractament curatiu. &#8220;La irrupci\u00f3 del diagn\u00f2stic prodr\u00f2mic de la malaltia d\u2019Alzheimer ens porta a un canvi de paradigma en els processos diagn\u00f2stics i les eines terap\u00e8utiques&#8221;, va assenyalar el Dr. Manel S\u00e1nchez, director de l\u2019\u00c0rea de Gesti\u00f3 del Coneixement de l\u2019Hospital Sagrat Cor de Germanes Hospital\u00e0ries i coordinador de la Jornada.<\/p>\n\n\n\n<p>No obstant aix\u00f2, segons l\u2019especialista, actualment existeix un buit assistencial entre la detecci\u00f3 preco\u00e7 de la malaltia i la capacitat del sistema de salut per oferir tractaments que en puguin aturar o revertir la progressi\u00f3.<\/p>\n\n\n\n<p>Encara que no disposem d\u2019un tractament curatiu, hem de prendre mesures per ajudar la persona acabada de diagnosticar d&#8217;Alzheimer? &#8220;S\u00ed, hem de proporcionar-li una atenci\u00f3 integral i multidisciplin\u00e0ria, acompanyant tant a ella com a la seva fam\u00edlia en aquest proc\u00e9s&#8221;, afirma el Dr. Cejudo. Com a exemple de bona pr\u00e0ctica, durant la Jornada es va explicar que el nostre centre \u00e9s pioner a assegurar un cont\u00ednuum assistencial per millorar la qualitat de vida de la persona diagnosticada amb Alzheimer. &#8220;Quan s&#8217;informa del diagn\u00f2stic prodr\u00f2mic, s&#8217;inicia un seguiment psicol\u00f2gic de la seva salut mental, especialment de la seva part emocional, que \u00e9s la m\u00e9s afectada en aquestes situacions&#8221;, explica el coordinador de l\u2019EAIA de Trastorns Cognitius de l\u2019Hospital Sagrat Cor.<\/p>\n\n\n\n<p>\u201cTamb\u00e9 estem a punt de posar en marxa un programa de rehabilitaci\u00f3 cognitiva a l\u2019Hospital de Dia Psicogeri\u00e0tric del centre. En aquest programa, els pacients rebran explicacions detallades sobre les eines que podran utilitzar per seguir el tractament de manera aut\u00f2noma a casa&#8221;, subratlla el Dr. Juan Carlos Cejudo.<\/p>\n\n\n\n<h3 class=\"wp-block-heading\">Sobre la Jornada d\u2019Actualitzaci\u00f3 en Psicogeriatria<\/h3>\n\n\n\n<p>A m\u00e9s del canvi de paradigma que ha suposat el diagn\u00f2stic precl\u00ednic de la malaltia d\u2019Alzheimer, la XXVIII Jornada d\u2019Actualitzaci\u00f3 en Psicogeriatria va abordar un altre desafiament rellevant en l\u2019\u00e0mbit de la salut mental de la gent gran: el coneixement i la discriminaci\u00f3 cl\u00ednica de les manifestacions funcionals dels diversos diagn\u00f2stics psiqui\u00e0trics en edat avan\u00e7ada. Aquestes manifestacions sense una base org\u00e0nica aparent s\u00f3n comunes en diversos quadres psicopatol\u00f2gics entre la gent gran i sovint causen confusi\u00f3 i errors diagn\u00f2stics.<\/p>\n\n\n\n<figure class=\"wp-block-image size-large\"><img loading=\"lazy\" decoding=\"async\" width=\"1024\" height=\"768\" src=\"https:\/\/hospitalsagratcormartorell.org\/entre-tots\/wp-content\/uploads\/2024\/06\/WhatsApp-Image-2024-05-31-at-10.00.40-1024x768.jpeg\" alt=\"XXVIII Jornada d'Actualitzaci\u00f3 en Psicogeriatria\" class=\"wp-image-9341\" srcset=\"https:\/\/fundaciohospitalariesmartorell.org\/entre-tots\/wp-content\/uploads\/2024\/06\/WhatsApp-Image-2024-05-31-at-10.00.40-1024x768.jpeg 1024w, https:\/\/fundaciohospitalariesmartorell.org\/entre-tots\/wp-content\/uploads\/2024\/06\/WhatsApp-Image-2024-05-31-at-10.00.40-300x225.jpeg 300w, https:\/\/fundaciohospitalariesmartorell.org\/entre-tots\/wp-content\/uploads\/2024\/06\/WhatsApp-Image-2024-05-31-at-10.00.40-768x576.jpeg 768w, https:\/\/fundaciohospitalariesmartorell.org\/entre-tots\/wp-content\/uploads\/2024\/06\/WhatsApp-Image-2024-05-31-at-10.00.40-1536x1152.jpeg 1536w, https:\/\/fundaciohospitalariesmartorell.org\/entre-tots\/wp-content\/uploads\/2024\/06\/WhatsApp-Image-2024-05-31-at-10.00.40-1320x990.jpeg 1320w, https:\/\/fundaciohospitalariesmartorell.org\/entre-tots\/wp-content\/uploads\/2024\/06\/WhatsApp-Image-2024-05-31-at-10.00.40.jpeg 1600w\" sizes=\"auto, (max-width: 1024px) 100vw, 1024px\" \/><\/figure>\n\n\n\n<p>A continuaci\u00f3 us deixem uns v\u00eddeos que vam fer durant aquesta jornada.<\/p>\n\n\n\n<figure class=\"wp-block-embed is-type-video is-provider-youtube wp-block-embed-youtube wp-embed-aspect-16-9 wp-has-aspect-ratio\"><div class=\"wp-block-embed__wrapper\">\n<iframe loading=\"lazy\" title=\"Existeix la pseudodem\u00e8ncia hist\u00e8rica?\" width=\"1290\" height=\"726\" src=\"https:\/\/www.youtube.com\/embed\/KcTBBqDY2Rk?feature=oembed\" frameborder=\"0\" allow=\"accelerometer; autoplay; clipboard-write; encrypted-media; gyroscope; picture-in-picture; web-share\" referrerpolicy=\"strict-origin-when-cross-origin\" allowfullscreen><\/iframe>\n<\/div><\/figure>\n\n\n\n<figure class=\"wp-block-embed is-type-video is-provider-youtube wp-block-embed-youtube wp-embed-aspect-16-9 wp-has-aspect-ratio\"><div class=\"wp-block-embed__wrapper\">\n<iframe loading=\"lazy\" title=\"Somatizaci\u00f3n en la pr\u00e1ctica cl\u00ednica\" width=\"1290\" height=\"726\" src=\"https:\/\/www.youtube.com\/embed\/UMPr5cJEDjY?feature=oembed\" frameborder=\"0\" allow=\"accelerometer; autoplay; clipboard-write; encrypted-media; gyroscope; picture-in-picture; web-share\" referrerpolicy=\"strict-origin-when-cross-origin\" allowfullscreen><\/iframe>\n<\/div><\/figure>\n","protected":false},"excerpt":{"rendered":"<p>El passat 31 de maig, l&#8217;Hospital Sant Rafael va acollir la XXVIII Jornada d&#8217;Actualitzaci\u00f3 en Psicogeriatria, organitzada per l&#8217;Hospital Sagrat Cor, que va congregar m\u00e9s d&#8217;un centenar d&#8217;assistents (presencials i on line). Durant la jornada, es va alertar sobre el fet que la majoria de les persones amb Alzheimer en fases primerenques no estan diagnosticades. [&hellip;]<\/p>\n","protected":false},"author":3,"featured_media":9339,"comment_status":"closed","ping_status":"closed","sticky":false,"template":"","format":"standard","meta":{"footnotes":""},"categories":[27],"tags":[],"class_list":["post-9338","post","type-post","status-publish","format-standard","has-post-thumbnail","hentry","category-actualitat"],"blocksy_meta":[],"featured_image_urls_v2":{"full":["https:\/\/fundaciohospitalariesmartorell.org\/entre-tots\/wp-content\/uploads\/2024\/06\/WhatsApp-Image-2024-05-31-at-09.40.33.jpeg",2048,1536,false],"thumbnail":["https:\/\/fundaciohospitalariesmartorell.org\/entre-tots\/wp-content\/uploads\/2024\/06\/WhatsApp-Image-2024-05-31-at-09.40.33-150x150.jpeg",150,150,true],"medium":["https:\/\/fundaciohospitalariesmartorell.org\/entre-tots\/wp-content\/uploads\/2024\/06\/WhatsApp-Image-2024-05-31-at-09.40.33-300x225.jpeg",300,225,true],"medium_large":["https:\/\/fundaciohospitalariesmartorell.org\/entre-tots\/wp-content\/uploads\/2024\/06\/WhatsApp-Image-2024-05-31-at-09.40.33-768x576.jpeg",768,576,true],"large":["https:\/\/fundaciohospitalariesmartorell.org\/entre-tots\/wp-content\/uploads\/2024\/06\/WhatsApp-Image-2024-05-31-at-09.40.33-1024x768.jpeg",1024,768,true],"1536x1536":["https:\/\/fundaciohospitalariesmartorell.org\/entre-tots\/wp-content\/uploads\/2024\/06\/WhatsApp-Image-2024-05-31-at-09.40.33-1536x1152.jpeg",1536,1152,true],"2048x2048":["https:\/\/fundaciohospitalariesmartorell.org\/entre-tots\/wp-content\/uploads\/2024\/06\/WhatsApp-Image-2024-05-31-at-09.40.33.jpeg",2048,1536,false],"mailpoet_newsletter_max":["https:\/\/fundaciohospitalariesmartorell.org\/entre-tots\/wp-content\/uploads\/2024\/06\/WhatsApp-Image-2024-05-31-at-09.40.33-1320x990.jpeg",1320,990,true]},"post_excerpt_stackable_v2":"<p>El passat 31 de maig, l&#8217;Hospital Sant Rafael va acollir la XXVIII Jornada d&#8217;Actualitzaci\u00f3 en Psicogeriatria, organitzada per l&#8217;Hospital Sagrat Cor, que va congregar m\u00e9s d&#8217;un centenar d&#8217;assistents (presencials i on line). Durant la jornada, es va alertar sobre el fet que la majoria de les persones amb Alzheimer en fases primerenques no estan diagnosticades. Aquesta situaci\u00f3 es deu a la insufici\u00e8ncia d&#8217;unitats de dem\u00e8ncies a Catalunya que ofereixin acc\u00e9s a biomarcadors per a la detecci\u00f3 preco\u00e7 de la malaltia. Una d\u2019aquestes unitats \u00e9s l&#8217;EAIA de Trastorns Cognitius de l&#8217;Hospital Sagrat Cor, que des del mes de novembre ofereix als&hellip;<\/p>\n","category_list_v2":"<a href=\"https:\/\/fundaciohospitalariesmartorell.org\/entre-tots\/category\/actualitat\/\" rel=\"category tag\">ACTUALITAT<\/a>","author_info_v2":{"name":"Anna Casanovas","url":"https:\/\/fundaciohospitalariesmartorell.org\/entre-tots\/author\/acasanovasr\/"},"comments_num_v2":"0 comments","_links":{"self":[{"href":"https:\/\/fundaciohospitalariesmartorell.org\/entre-tots\/wp-json\/wp\/v2\/posts\/9338","targetHints":{"allow":["GET"]}}],"collection":[{"href":"https:\/\/fundaciohospitalariesmartorell.org\/entre-tots\/wp-json\/wp\/v2\/posts"}],"about":[{"href":"https:\/\/fundaciohospitalariesmartorell.org\/entre-tots\/wp-json\/wp\/v2\/types\/post"}],"author":[{"embeddable":true,"href":"https:\/\/fundaciohospitalariesmartorell.org\/entre-tots\/wp-json\/wp\/v2\/users\/3"}],"replies":[{"embeddable":true,"href":"https:\/\/fundaciohospitalariesmartorell.org\/entre-tots\/wp-json\/wp\/v2\/comments?post=9338"}],"version-history":[{"count":3,"href":"https:\/\/fundaciohospitalariesmartorell.org\/entre-tots\/wp-json\/wp\/v2\/posts\/9338\/revisions"}],"predecessor-version":[{"id":9494,"href":"https:\/\/fundaciohospitalariesmartorell.org\/entre-tots\/wp-json\/wp\/v2\/posts\/9338\/revisions\/9494"}],"wp:featuredmedia":[{"embeddable":true,"href":"https:\/\/fundaciohospitalariesmartorell.org\/entre-tots\/wp-json\/wp\/v2\/media\/9339"}],"wp:attachment":[{"href":"https:\/\/fundaciohospitalariesmartorell.org\/entre-tots\/wp-json\/wp\/v2\/media?parent=9338"}],"wp:term":[{"taxonomy":"category","embeddable":true,"href":"https:\/\/fundaciohospitalariesmartorell.org\/entre-tots\/wp-json\/wp\/v2\/categories?post=9338"},{"taxonomy":"post_tag","embeddable":true,"href":"https:\/\/fundaciohospitalariesmartorell.org\/entre-tots\/wp-json\/wp\/v2\/tags?post=9338"}],"curies":[{"name":"wp","href":"https:\/\/api.w.org\/{rel}","templated":true}]}}