{"id":9346,"date":"2024-06-03T14:14:10","date_gmt":"2024-06-03T13:14:10","guid":{"rendered":"https:\/\/hospitalsagratcormartorell.org\/entre-tots\/?p=9346"},"modified":"2024-06-25T07:53:39","modified_gmt":"2024-06-25T06:53:39","slug":"mes-de-cinquanta-professionals-participen-en-la-prova-de-deteccio-precoc-del-glaucoma","status":"publish","type":"post","link":"https:\/\/fundaciohospitalariesmartorell.org\/entre-tots\/2024\/06\/mes-de-cinquanta-professionals-participen-en-la-prova-de-deteccio-precoc-del-glaucoma\/","title":{"rendered":"M\u00e9s de cinquanta professionals participen en la prova de detecci\u00f3 preco\u00e7 del glaucoma"},"content":{"rendered":"\n<p>La Comissi\u00f3 Cuida&#8217;t x Cuidar va organitzar el passat divendres, 31 de maig, una jornada dedicada a la prevenci\u00f3 del glaucoma. L&#8217;esdeveniment va incloure una xerrada a c\u00e0rrec del Dr. Agust\u00edn Fern\u00e1ndez, coordinador de la Unitat de Glaucoma de l&#8217;Hospital Sant Rafael, i posteriorment es va mesurar la pressi\u00f3 intraocular de tot el personal col\u00b7laborador interessat. M\u00e9s d&#8217;una cinquantena de professionals van voler comprovar la pressi\u00f3 dels seus ulls i, gr\u00e0cies a aquesta acci\u00f3 preventiva, es van detectar alguns casos que requereixen una revisi\u00f3 amb m\u00e9s profunditat.<\/p>\n\n\n\n<p>El glaucoma \u00e9s una malaltia ocular que danya el nervi \u00f2ptic de l&#8217;ull, sovint a causa d&#8217;una pressi\u00f3 intraocular elevada. \u00c9s una de les principals causes de ceguesa irreversible al m\u00f3n. La detecci\u00f3 preco\u00e7 \u00e9s fonamental per controlar la malaltia.<\/p>\n\n\n\n<p>No et perdis aquest petit v\u00eddeo de la sessi\u00f3. <br><\/p>\n\n\n\n<figure class=\"wp-block-embed is-type-video is-provider-youtube wp-block-embed-youtube wp-embed-aspect-16-9 wp-has-aspect-ratio\"><div class=\"wp-block-embed__wrapper\">\n<iframe loading=\"lazy\" title=\"Qu\u00e8 \u00e9s el glaucoma?\" width=\"1290\" height=\"726\" src=\"https:\/\/www.youtube.com\/embed\/jKEcru1mm70?feature=oembed\" frameborder=\"0\" allow=\"accelerometer; autoplay; clipboard-write; encrypted-media; gyroscope; picture-in-picture; web-share\" referrerpolicy=\"strict-origin-when-cross-origin\" allowfullscreen><\/iframe>\n<\/div><\/figure>\n\n\n\n<figure class=\"wp-block-gallery has-nested-images columns-default is-cropped wp-block-gallery-1 is-layout-flex wp-block-gallery-is-layout-flex\">\n<figure class=\"wp-block-image size-large\"><img loading=\"lazy\" decoding=\"async\" width=\"768\" height=\"1024\" data-id=\"9354\" src=\"https:\/\/hospitalsagratcormartorell.org\/entre-tots\/wp-content\/uploads\/2024\/06\/20240531_104019-768x1024.jpg\" alt=\"\" class=\"wp-image-9354\" srcset=\"https:\/\/fundaciohospitalariesmartorell.org\/entre-tots\/wp-content\/uploads\/2024\/06\/20240531_104019-768x1024.jpg 768w, https:\/\/fundaciohospitalariesmartorell.org\/entre-tots\/wp-content\/uploads\/2024\/06\/20240531_104019-225x300.jpg 225w, https:\/\/fundaciohospitalariesmartorell.org\/entre-tots\/wp-content\/uploads\/2024\/06\/20240531_104019-1152x1536.jpg 1152w, https:\/\/fundaciohospitalariesmartorell.org\/entre-tots\/wp-content\/uploads\/2024\/06\/20240531_104019-1536x2048.jpg 1536w, https:\/\/fundaciohospitalariesmartorell.org\/entre-tots\/wp-content\/uploads\/2024\/06\/20240531_104019-1320x1760.jpg 1320w, https:\/\/fundaciohospitalariesmartorell.org\/entre-tots\/wp-content\/uploads\/2024\/06\/20240531_104019-scaled.jpg 1920w\" sizes=\"auto, (max-width: 768px) 100vw, 768px\" \/><\/figure>\n\n\n\n<figure class=\"wp-block-image size-large\"><img loading=\"lazy\" decoding=\"async\" width=\"768\" height=\"1024\" data-id=\"9352\" src=\"https:\/\/hospitalsagratcormartorell.org\/entre-tots\/wp-content\/uploads\/2024\/06\/Glaucoma-1-1-768x1024.jpeg\" alt=\"\" class=\"wp-image-9352\" srcset=\"https:\/\/fundaciohospitalariesmartorell.org\/entre-tots\/wp-content\/uploads\/2024\/06\/Glaucoma-1-1-768x1024.jpeg 768w, https:\/\/fundaciohospitalariesmartorell.org\/entre-tots\/wp-content\/uploads\/2024\/06\/Glaucoma-1-1-225x300.jpeg 225w, https:\/\/fundaciohospitalariesmartorell.org\/entre-tots\/wp-content\/uploads\/2024\/06\/Glaucoma-1-1-1152x1536.jpeg 1152w, https:\/\/fundaciohospitalariesmartorell.org\/entre-tots\/wp-content\/uploads\/2024\/06\/Glaucoma-1-1-1320x1760.jpeg 1320w, https:\/\/fundaciohospitalariesmartorell.org\/entre-tots\/wp-content\/uploads\/2024\/06\/Glaucoma-1-1.jpeg 1536w\" sizes=\"auto, (max-width: 768px) 100vw, 768px\" \/><\/figure>\n\n\n\n<figure class=\"wp-block-image size-large\"><img loading=\"lazy\" decoding=\"async\" width=\"768\" height=\"1024\" data-id=\"9353\" src=\"https:\/\/hospitalsagratcormartorell.org\/entre-tots\/wp-content\/uploads\/2024\/06\/Glaucoma-2-2-768x1024.jpeg\" alt=\"\" class=\"wp-image-9353\" srcset=\"https:\/\/fundaciohospitalariesmartorell.org\/entre-tots\/wp-content\/uploads\/2024\/06\/Glaucoma-2-2-768x1024.jpeg 768w, https:\/\/fundaciohospitalariesmartorell.org\/entre-tots\/wp-content\/uploads\/2024\/06\/Glaucoma-2-2-225x300.jpeg 225w, https:\/\/fundaciohospitalariesmartorell.org\/entre-tots\/wp-content\/uploads\/2024\/06\/Glaucoma-2-2-1152x1536.jpeg 1152w, https:\/\/fundaciohospitalariesmartorell.org\/entre-tots\/wp-content\/uploads\/2024\/06\/Glaucoma-2-2-1320x1760.jpeg 1320w, https:\/\/fundaciohospitalariesmartorell.org\/entre-tots\/wp-content\/uploads\/2024\/06\/Glaucoma-2-2.jpeg 1536w\" sizes=\"auto, (max-width: 768px) 100vw, 768px\" \/><\/figure>\n<\/figure>\n","protected":false},"excerpt":{"rendered":"<p>La Comissi\u00f3 Cuida&#8217;t x Cuidar va organitzar el passat divendres, 31 de maig, una jornada dedicada a la prevenci\u00f3 del glaucoma. L&#8217;esdeveniment va incloure una xerrada a c\u00e0rrec del Dr. Agust\u00edn Fern\u00e1ndez, coordinador de la Unitat de Glaucoma de l&#8217;Hospital Sant Rafael, i posteriorment es va mesurar la pressi\u00f3 intraocular de tot el personal col\u00b7laborador [&hellip;]<\/p>\n","protected":false},"author":5,"featured_media":9355,"comment_status":"closed","ping_status":"closed","sticky":false,"template":"","format":"standard","meta":{"footnotes":""},"categories":[27],"tags":[],"class_list":["post-9346","post","type-post","status-publish","format-standard","has-post-thumbnail","hentry","category-actualitat"],"blocksy_meta":[],"featured_image_urls_v2":{"full":["https:\/\/fundaciohospitalariesmartorell.org\/entre-tots\/wp-content\/uploads\/2024\/06\/20240531_104036-scaled.jpg",2560,1920,false],"thumbnail":["https:\/\/fundaciohospitalariesmartorell.org\/entre-tots\/wp-content\/uploads\/2024\/06\/20240531_104036-150x150.jpg",150,150,true],"medium":["https:\/\/fundaciohospitalariesmartorell.org\/entre-tots\/wp-content\/uploads\/2024\/06\/20240531_104036-300x225.jpg",300,225,true],"medium_large":["https:\/\/fundaciohospitalariesmartorell.org\/entre-tots\/wp-content\/uploads\/2024\/06\/20240531_104036-768x576.jpg",768,576,true],"large":["https:\/\/fundaciohospitalariesmartorell.org\/entre-tots\/wp-content\/uploads\/2024\/06\/20240531_104036-1024x768.jpg",1024,768,true],"1536x1536":["https:\/\/fundaciohospitalariesmartorell.org\/entre-tots\/wp-content\/uploads\/2024\/06\/20240531_104036-1536x1152.jpg",1536,1152,true],"2048x2048":["https:\/\/fundaciohospitalariesmartorell.org\/entre-tots\/wp-content\/uploads\/2024\/06\/20240531_104036-2048x1536.jpg",2048,1536,true],"mailpoet_newsletter_max":["https:\/\/fundaciohospitalariesmartorell.org\/entre-tots\/wp-content\/uploads\/2024\/06\/20240531_104036-1320x990.jpg",1320,990,true]},"post_excerpt_stackable_v2":"<p>La Comissi\u00f3 Cuida&#8217;t x Cuidar va organitzar el passat divendres, 31 de maig, una jornada dedicada a la prevenci\u00f3 del glaucoma. L&#8217;esdeveniment va incloure una xerrada a c\u00e0rrec del Dr. Agust\u00edn Fern\u00e1ndez, coordinador de la Unitat de Glaucoma de l&#8217;Hospital Sant Rafael, i posteriorment es va mesurar la pressi\u00f3 intraocular de tot el personal col\u00b7laborador interessat. M\u00e9s d&#8217;una cinquantena de professionals van voler comprovar la pressi\u00f3 dels seus ulls i, gr\u00e0cies a aquesta acci\u00f3 preventiva, es van detectar alguns casos que requereixen una revisi\u00f3 amb m\u00e9s profunditat. El glaucoma \u00e9s una malaltia ocular que danya el nervi \u00f2ptic de l&#8217;ull,&hellip;<\/p>\n","category_list_v2":"<a href=\"https:\/\/fundaciohospitalariesmartorell.org\/entre-tots\/category\/actualitat\/\" rel=\"category tag\">ACTUALITAT<\/a>","author_info_v2":{"name":"Alba Felip","url":"https:\/\/fundaciohospitalariesmartorell.org\/entre-tots\/author\/afelipr\/"},"comments_num_v2":"0 comments","_links":{"self":[{"href":"https:\/\/fundaciohospitalariesmartorell.org\/entre-tots\/wp-json\/wp\/v2\/posts\/9346","targetHints":{"allow":["GET"]}}],"collection":[{"href":"https:\/\/fundaciohospitalariesmartorell.org\/entre-tots\/wp-json\/wp\/v2\/posts"}],"about":[{"href":"https:\/\/fundaciohospitalariesmartorell.org\/entre-tots\/wp-json\/wp\/v2\/types\/post"}],"author":[{"embeddable":true,"href":"https:\/\/fundaciohospitalariesmartorell.org\/entre-tots\/wp-json\/wp\/v2\/users\/5"}],"replies":[{"embeddable":true,"href":"https:\/\/fundaciohospitalariesmartorell.org\/entre-tots\/wp-json\/wp\/v2\/comments?post=9346"}],"version-history":[{"count":2,"href":"https:\/\/fundaciohospitalariesmartorell.org\/entre-tots\/wp-json\/wp\/v2\/posts\/9346\/revisions"}],"predecessor-version":[{"id":9357,"href":"https:\/\/fundaciohospitalariesmartorell.org\/entre-tots\/wp-json\/wp\/v2\/posts\/9346\/revisions\/9357"}],"wp:featuredmedia":[{"embeddable":true,"href":"https:\/\/fundaciohospitalariesmartorell.org\/entre-tots\/wp-json\/wp\/v2\/media\/9355"}],"wp:attachment":[{"href":"https:\/\/fundaciohospitalariesmartorell.org\/entre-tots\/wp-json\/wp\/v2\/media?parent=9346"}],"wp:term":[{"taxonomy":"category","embeddable":true,"href":"https:\/\/fundaciohospitalariesmartorell.org\/entre-tots\/wp-json\/wp\/v2\/categories?post=9346"},{"taxonomy":"post_tag","embeddable":true,"href":"https:\/\/fundaciohospitalariesmartorell.org\/entre-tots\/wp-json\/wp\/v2\/tags?post=9346"}],"curies":[{"name":"wp","href":"https:\/\/api.w.org\/{rel}","templated":true}]}}