{"id":9368,"date":"2024-06-04T13:29:31","date_gmt":"2024-06-04T12:29:31","guid":{"rendered":"https:\/\/hospitalsagratcormartorell.org\/entre-tots\/?p=9368"},"modified":"2024-06-25T07:51:56","modified_gmt":"2024-06-25T06:51:56","slug":"celebrem-la-setmana-sense-fum-2","status":"publish","type":"post","link":"https:\/\/fundaciohospitalariesmartorell.org\/entre-tots\/2024\/06\/celebrem-la-setmana-sense-fum-2\/","title":{"rendered":"Celebrem la Setmana Sense Fum"},"content":{"rendered":"\n<p>Coincidint amb el&nbsp;<a href=\"https:\/\/canalsalut.gencat.cat\/ca\/actualitat\/dies-mundials\/sense-tabac\/\" target=\"_blank\" rel=\"noreferrer noopener\">Dia Mundial&nbsp;Sense&nbsp;Tabac<\/a>, divendres 31 de maig, l&#8217;Hospital Sagrat Cor es va adherir, un any m\u00e9s, a la Setmana&nbsp;Sense&nbsp;Fum. L&#8217;objectiu d&#8217;aquesta iniciativa \u00e9s conscienciar la poblaci\u00f3 sobre la import\u00e0ncia de no comen\u00e7ar a&nbsp;fumar, deixar de&nbsp;fumar i poder gaudir d&#8217;un entorn lliure de&nbsp;fum&nbsp;i residus de tabac per a una millor salut.<\/p>\n\n\n\n<p>La\u00a0Comissi\u00f3\u00a0Sense\u00a0Fum\u00a0de l\u2019Hospital Sagrat Cor\u00a0va preparar\u00a07 panells informatius\u00a0que es van mostrar durant tota la setmana en l&#8217;estalvi de pantalla\u00a0dels ordinadors del personal col\u00b7laborador, aix\u00ed com diverses activitats, incloent-hi una activitat esportiva on persones usu\u00e0ries i personal col\u00b7laborador van gaudir mentre prenien consci\u00e8ncia sobre la import\u00e0ncia d&#8217;evitar el tabac.<\/p>\n\n\n\n<p>Pel que fa a l&#8217;exposici\u00f3 del concurs de fotografia d&#8217;enguany, l&#8217;equip guanyador van ser les persones participants de\u00a0la unitat\u00a0RHB4, que es van emportar un xec regal per anar a dinar fora del recinte -previ pacte amb el personal col\u00b7laborador-.<br><\/p>\n\n\n\n<figure class=\"wp-block-embed is-type-video is-provider-youtube wp-block-embed-youtube wp-embed-aspect-16-9 wp-has-aspect-ratio\"><div class=\"wp-block-embed__wrapper\">\n<iframe loading=\"lazy\" title=\"Dia Mundial sense Tabac a l&#039;Hospital Sagrat Cor\" width=\"1290\" height=\"726\" src=\"https:\/\/www.youtube.com\/embed\/lxw9PJa4DN0?feature=oembed\" frameborder=\"0\" allow=\"accelerometer; autoplay; clipboard-write; encrypted-media; gyroscope; picture-in-picture; web-share\" referrerpolicy=\"strict-origin-when-cross-origin\" allowfullscreen><\/iframe>\n<\/div><\/figure>\n\n\n\n<div class=\"wp-block-stackable-carousel stk-block-carousel stk--is-slide stk--arrows-justify-space-between stk--arrows-align-center stk-block stk-cb75730\" data-slides-to-show=\"\" data-block-id=\"cb75730\"><div class=\"stk-block-carousel__content-wrapper\"><div class=\"stk-row stk-inner-blocks stk-block-content stk-block-carousel__slider-wrapper stk-content-align stk-cb75730-column\"><div class=\"stk-block-carousel__slider\" role=\"list\" data-autoplay=\"4000\" data-label-slide-of=\"Slide %%d of %%d\">\n<div class=\"wp-block-stackable-column stk-block-column stk-column stk-block stk-59ee3e3\" data-v=\"4\" data-block-id=\"59ee3e3\"><div class=\"stk-column-wrapper stk-block-column__content stk-container stk-59ee3e3-container stk--no-background stk--no-padding\"><div class=\"stk-block-content stk-inner-blocks stk-59ee3e3-inner-blocks\">\n<figure class=\"wp-block-image size-large\"><img loading=\"lazy\" decoding=\"async\" width=\"1024\" height=\"768\" src=\"https:\/\/hospitalsagratcormartorell.org\/entre-tots\/wp-content\/uploads\/2024\/06\/20240531_122429-1024x768.jpg\" alt=\"\" class=\"wp-image-9359\" srcset=\"https:\/\/fundaciohospitalariesmartorell.org\/entre-tots\/wp-content\/uploads\/2024\/06\/20240531_122429-1024x768.jpg 1024w, https:\/\/fundaciohospitalariesmartorell.org\/entre-tots\/wp-content\/uploads\/2024\/06\/20240531_122429-300x225.jpg 300w, https:\/\/fundaciohospitalariesmartorell.org\/entre-tots\/wp-content\/uploads\/2024\/06\/20240531_122429-768x576.jpg 768w, https:\/\/fundaciohospitalariesmartorell.org\/entre-tots\/wp-content\/uploads\/2024\/06\/20240531_122429-1536x1152.jpg 1536w, https:\/\/fundaciohospitalariesmartorell.org\/entre-tots\/wp-content\/uploads\/2024\/06\/20240531_122429-2048x1536.jpg 2048w, https:\/\/fundaciohospitalariesmartorell.org\/entre-tots\/wp-content\/uploads\/2024\/06\/20240531_122429-1320x990.jpg 1320w\" sizes=\"auto, (max-width: 1024px) 100vw, 1024px\" \/><\/figure>\n<\/div><\/div><\/div>\n\n\n\n<div class=\"wp-block-stackable-column stk-block-column stk-column stk-block stk-feaa84b\" data-v=\"4\" data-block-id=\"feaa84b\"><div class=\"stk-column-wrapper stk-block-column__content stk-container stk-feaa84b-container stk--no-background stk--no-padding\"><div class=\"stk-block-content stk-inner-blocks stk-feaa84b-inner-blocks\">\n<figure class=\"wp-block-image size-large\"><img loading=\"lazy\" decoding=\"async\" width=\"1024\" height=\"473\" src=\"https:\/\/hospitalsagratcormartorell.org\/entre-tots\/wp-content\/uploads\/2024\/06\/Sense-fum-2024-3-1024x473.jpg\" alt=\"\" class=\"wp-image-9364\" srcset=\"https:\/\/fundaciohospitalariesmartorell.org\/entre-tots\/wp-content\/uploads\/2024\/06\/Sense-fum-2024-3-1024x473.jpg 1024w, https:\/\/fundaciohospitalariesmartorell.org\/entre-tots\/wp-content\/uploads\/2024\/06\/Sense-fum-2024-3-300x138.jpg 300w, https:\/\/fundaciohospitalariesmartorell.org\/entre-tots\/wp-content\/uploads\/2024\/06\/Sense-fum-2024-3-768x354.jpg 768w, https:\/\/fundaciohospitalariesmartorell.org\/entre-tots\/wp-content\/uploads\/2024\/06\/Sense-fum-2024-3-1536x709.jpg 1536w, https:\/\/fundaciohospitalariesmartorell.org\/entre-tots\/wp-content\/uploads\/2024\/06\/Sense-fum-2024-3-1320x609.jpg 1320w, https:\/\/fundaciohospitalariesmartorell.org\/entre-tots\/wp-content\/uploads\/2024\/06\/Sense-fum-2024-3.jpg 2048w\" sizes=\"auto, (max-width: 1024px) 100vw, 1024px\" \/><\/figure>\n<\/div><\/div><\/div>\n\n\n\n<div class=\"wp-block-stackable-column stk-block-column stk-column stk-block stk-3894d77\" data-v=\"4\" data-block-id=\"3894d77\"><div class=\"stk-column-wrapper stk-block-column__content stk-container stk-3894d77-container stk--no-background stk--no-padding\"><div class=\"stk-block-content stk-inner-blocks stk-3894d77-inner-blocks\">\n<figure class=\"wp-block-image size-large\"><img loading=\"lazy\" decoding=\"async\" width=\"1024\" height=\"473\" src=\"https:\/\/hospitalsagratcormartorell.org\/entre-tots\/wp-content\/uploads\/2024\/06\/Sense-fum-2024-2-1024x473.jpg\" alt=\"\" class=\"wp-image-9362\" srcset=\"https:\/\/fundaciohospitalariesmartorell.org\/entre-tots\/wp-content\/uploads\/2024\/06\/Sense-fum-2024-2-1024x473.jpg 1024w, https:\/\/fundaciohospitalariesmartorell.org\/entre-tots\/wp-content\/uploads\/2024\/06\/Sense-fum-2024-2-300x138.jpg 300w, https:\/\/fundaciohospitalariesmartorell.org\/entre-tots\/wp-content\/uploads\/2024\/06\/Sense-fum-2024-2-768x354.jpg 768w, https:\/\/fundaciohospitalariesmartorell.org\/entre-tots\/wp-content\/uploads\/2024\/06\/Sense-fum-2024-2-1536x709.jpg 1536w, https:\/\/fundaciohospitalariesmartorell.org\/entre-tots\/wp-content\/uploads\/2024\/06\/Sense-fum-2024-2-1320x609.jpg 1320w, https:\/\/fundaciohospitalariesmartorell.org\/entre-tots\/wp-content\/uploads\/2024\/06\/Sense-fum-2024-2.jpg 2048w\" sizes=\"auto, (max-width: 1024px) 100vw, 1024px\" \/><\/figure>\n<\/div><\/div><\/div>\n\n\n\n<div class=\"wp-block-stackable-column stk-block-column stk-column stk-block stk-b1b31ad\" data-v=\"4\" data-block-id=\"b1b31ad\"><div class=\"stk-column-wrapper stk-block-column__content stk-container stk-b1b31ad-container stk--no-background stk--no-padding\"><div class=\"stk-block-content stk-inner-blocks stk-b1b31ad-inner-blocks\">\n<figure class=\"wp-block-image size-large\"><img loading=\"lazy\" decoding=\"async\" width=\"1024\" height=\"730\" src=\"https:\/\/hospitalsagratcormartorell.org\/entre-tots\/wp-content\/uploads\/2024\/06\/Sense-fum-2024-1-1024x730.jpg\" alt=\"\" class=\"wp-image-9365\" srcset=\"https:\/\/fundaciohospitalariesmartorell.org\/entre-tots\/wp-content\/uploads\/2024\/06\/Sense-fum-2024-1-1024x730.jpg 1024w, https:\/\/fundaciohospitalariesmartorell.org\/entre-tots\/wp-content\/uploads\/2024\/06\/Sense-fum-2024-1-300x214.jpg 300w, https:\/\/fundaciohospitalariesmartorell.org\/entre-tots\/wp-content\/uploads\/2024\/06\/Sense-fum-2024-1-768x548.jpg 768w, https:\/\/fundaciohospitalariesmartorell.org\/entre-tots\/wp-content\/uploads\/2024\/06\/Sense-fum-2024-1-1536x1095.jpg 1536w, https:\/\/fundaciohospitalariesmartorell.org\/entre-tots\/wp-content\/uploads\/2024\/06\/Sense-fum-2024-1-2048x1460.jpg 2048w, https:\/\/fundaciohospitalariesmartorell.org\/entre-tots\/wp-content\/uploads\/2024\/06\/Sense-fum-2024-1-1320x941.jpg 1320w\" sizes=\"auto, (max-width: 1024px) 100vw, 1024px\" \/><\/figure>\n<\/div><\/div><\/div>\n\n\n\n<div class=\"wp-block-stackable-column stk-block-column stk-column stk-block stk-c3eefc3\" data-v=\"4\" data-block-id=\"c3eefc3\"><div class=\"stk-column-wrapper stk-block-column__content stk-container stk-c3eefc3-container stk--no-background stk--no-padding\"><div class=\"stk-block-content stk-inner-blocks stk-c3eefc3-inner-blocks\">\n<figure class=\"wp-block-image size-large\"><img loading=\"lazy\" decoding=\"async\" width=\"768\" height=\"1024\" src=\"https:\/\/hospitalsagratcormartorell.org\/entre-tots\/wp-content\/uploads\/2024\/06\/Sense-fum-2024-4-768x1024.jpg\" alt=\"\" class=\"wp-image-9363\" srcset=\"https:\/\/fundaciohospitalariesmartorell.org\/entre-tots\/wp-content\/uploads\/2024\/06\/Sense-fum-2024-4-768x1024.jpg 768w, https:\/\/fundaciohospitalariesmartorell.org\/entre-tots\/wp-content\/uploads\/2024\/06\/Sense-fum-2024-4-225x300.jpg 225w, https:\/\/fundaciohospitalariesmartorell.org\/entre-tots\/wp-content\/uploads\/2024\/06\/Sense-fum-2024-4-1152x1536.jpg 1152w, https:\/\/fundaciohospitalariesmartorell.org\/entre-tots\/wp-content\/uploads\/2024\/06\/Sense-fum-2024-4.jpg 1200w\" sizes=\"auto, (max-width: 768px) 100vw, 768px\" \/><\/figure>\n<\/div><\/div><\/div>\n<\/div><div class=\"stk-block-carousel__buttons\"><button class=\"stk-block-carousel__button stk-block-carousel__button__prev\" aria-label=\"Previous slide\"><svg aria-hidden=\"true\" focusable=\"false\" data-prefix=\"fas\" data-icon=\"chevron-left\" class=\"svg-inline--fa fa-chevron-left\" xmlns=\"http:\/\/www.w3.org\/2000\/svg\" viewBox=\"0 0 320 512\" width=\"32\" height=\"32\"><path d=\"M34.52 239.03L228.87 44.69c9.37-9.37 24.57-9.37 33.94 0l22.67 22.67c9.36 9.36 9.37 24.52.04 33.9L131.49 256l154.02 154.75c9.34 9.38 9.32 24.54-.04 33.9l-22.67 22.67c-9.37 9.37-24.57 9.37-33.94 0L34.52 272.97c-9.37-9.37-9.37-24.57 0-33.94z\"><\/path><\/svg><\/button><button class=\"stk-block-carousel__button stk-block-carousel__button__next\" aria-label=\"Next slide\"><svg aria-hidden=\"true\" focusable=\"false\" data-prefix=\"fas\" data-icon=\"chevron-right\" class=\"svg-inline--fa fa-chevron-right\" xmlns=\"http:\/\/www.w3.org\/2000\/svg\" viewBox=\"0 0 320 512\" width=\"32\" height=\"32\"><path d=\"M285.476 272.971L91.132 467.314c-9.373 9.373-24.569 9.373-33.941 0l-22.667-22.667c-9.357-9.357-9.375-24.522-.04-33.901L188.505 256 34.484 101.255c-9.335-9.379-9.317-24.544.04-33.901l22.667-22.667c9.373-9.373 24.569-9.373 33.941 0L285.475 239.03c9.373 9.372 9.373 24.568.001 33.941z\"><\/path><\/svg><\/button><\/div><\/div><div class=\"stk-block-carousel__dots\" role=\"list\" data-label=\"Slide %%d\"><\/div><\/div><\/div>\n","protected":false},"excerpt":{"rendered":"<p>Coincidint amb el&nbsp;Dia Mundial&nbsp;Sense&nbsp;Tabac, divendres 31 de maig, l&#8217;Hospital Sagrat Cor es va adherir, un any m\u00e9s, a la Setmana&nbsp;Sense&nbsp;Fum. L&#8217;objectiu d&#8217;aquesta iniciativa \u00e9s conscienciar la poblaci\u00f3 sobre la import\u00e0ncia de no comen\u00e7ar a&nbsp;fumar, deixar de&nbsp;fumar i poder gaudir d&#8217;un entorn lliure de&nbsp;fum&nbsp;i residus de tabac per a una millor salut. La\u00a0Comissi\u00f3\u00a0Sense\u00a0Fum\u00a0de l\u2019Hospital Sagrat Cor\u00a0va [&hellip;]<\/p>\n","protected":false},"author":5,"featured_media":9359,"comment_status":"closed","ping_status":"closed","sticky":false,"template":"","format":"standard","meta":{"footnotes":""},"categories":[27],"tags":[],"class_list":["post-9368","post","type-post","status-publish","format-standard","has-post-thumbnail","hentry","category-actualitat"],"blocksy_meta":[],"featured_image_urls_v2":{"full":["https:\/\/fundaciohospitalariesmartorell.org\/entre-tots\/wp-content\/uploads\/2024\/06\/20240531_122429-scaled.jpg",2560,1920,false],"thumbnail":["https:\/\/fundaciohospitalariesmartorell.org\/entre-tots\/wp-content\/uploads\/2024\/06\/20240531_122429-150x150.jpg",150,150,true],"medium":["https:\/\/fundaciohospitalariesmartorell.org\/entre-tots\/wp-content\/uploads\/2024\/06\/20240531_122429-300x225.jpg",300,225,true],"medium_large":["https:\/\/fundaciohospitalariesmartorell.org\/entre-tots\/wp-content\/uploads\/2024\/06\/20240531_122429-768x576.jpg",768,576,true],"large":["https:\/\/fundaciohospitalariesmartorell.org\/entre-tots\/wp-content\/uploads\/2024\/06\/20240531_122429-1024x768.jpg",1024,768,true],"1536x1536":["https:\/\/fundaciohospitalariesmartorell.org\/entre-tots\/wp-content\/uploads\/2024\/06\/20240531_122429-1536x1152.jpg",1536,1152,true],"2048x2048":["https:\/\/fundaciohospitalariesmartorell.org\/entre-tots\/wp-content\/uploads\/2024\/06\/20240531_122429-2048x1536.jpg",2048,1536,true],"mailpoet_newsletter_max":["https:\/\/fundaciohospitalariesmartorell.org\/entre-tots\/wp-content\/uploads\/2024\/06\/20240531_122429-1320x990.jpg",1320,990,true]},"post_excerpt_stackable_v2":"<p>Coincidint amb el&nbsp;Dia Mundial&nbsp;Sense&nbsp;Tabac, divendres 31 de maig, l&#8217;Hospital Sagrat Cor es va adherir, un any m\u00e9s, a la Setmana&nbsp;Sense&nbsp;Fum. L&#8217;objectiu d&#8217;aquesta iniciativa \u00e9s conscienciar la poblaci\u00f3 sobre la import\u00e0ncia de no comen\u00e7ar a&nbsp;fumar, deixar de&nbsp;fumar i poder gaudir d&#8217;un entorn lliure de&nbsp;fum&nbsp;i residus de tabac per a una millor salut. La\u00a0Comissi\u00f3\u00a0Sense\u00a0Fum\u00a0de l\u2019Hospital Sagrat Cor\u00a0va preparar\u00a07 panells informatius\u00a0que es van mostrar durant tota la setmana en l&#8217;estalvi de pantalla\u00a0dels ordinadors del personal col\u00b7laborador, aix\u00ed com diverses activitats, incloent-hi una activitat esportiva on persones usu\u00e0ries i personal col\u00b7laborador van gaudir mentre prenien consci\u00e8ncia sobre la import\u00e0ncia d&#8217;evitar el tabac. Pel que&hellip;<\/p>\n","category_list_v2":"<a href=\"https:\/\/fundaciohospitalariesmartorell.org\/entre-tots\/category\/actualitat\/\" rel=\"category tag\">ACTUALITAT<\/a>","author_info_v2":{"name":"Alba Felip","url":"https:\/\/fundaciohospitalariesmartorell.org\/entre-tots\/author\/afelipr\/"},"comments_num_v2":"0 comments","_links":{"self":[{"href":"https:\/\/fundaciohospitalariesmartorell.org\/entre-tots\/wp-json\/wp\/v2\/posts\/9368","targetHints":{"allow":["GET"]}}],"collection":[{"href":"https:\/\/fundaciohospitalariesmartorell.org\/entre-tots\/wp-json\/wp\/v2\/posts"}],"about":[{"href":"https:\/\/fundaciohospitalariesmartorell.org\/entre-tots\/wp-json\/wp\/v2\/types\/post"}],"author":[{"embeddable":true,"href":"https:\/\/fundaciohospitalariesmartorell.org\/entre-tots\/wp-json\/wp\/v2\/users\/5"}],"replies":[{"embeddable":true,"href":"https:\/\/fundaciohospitalariesmartorell.org\/entre-tots\/wp-json\/wp\/v2\/comments?post=9368"}],"version-history":[{"count":4,"href":"https:\/\/fundaciohospitalariesmartorell.org\/entre-tots\/wp-json\/wp\/v2\/posts\/9368\/revisions"}],"predecessor-version":[{"id":9375,"href":"https:\/\/fundaciohospitalariesmartorell.org\/entre-tots\/wp-json\/wp\/v2\/posts\/9368\/revisions\/9375"}],"wp:featuredmedia":[{"embeddable":true,"href":"https:\/\/fundaciohospitalariesmartorell.org\/entre-tots\/wp-json\/wp\/v2\/media\/9359"}],"wp:attachment":[{"href":"https:\/\/fundaciohospitalariesmartorell.org\/entre-tots\/wp-json\/wp\/v2\/media?parent=9368"}],"wp:term":[{"taxonomy":"category","embeddable":true,"href":"https:\/\/fundaciohospitalariesmartorell.org\/entre-tots\/wp-json\/wp\/v2\/categories?post=9368"},{"taxonomy":"post_tag","embeddable":true,"href":"https:\/\/fundaciohospitalariesmartorell.org\/entre-tots\/wp-json\/wp\/v2\/tags?post=9368"}],"curies":[{"name":"wp","href":"https:\/\/api.w.org\/{rel}","templated":true}]}}