{"id":9386,"date":"2024-06-05T09:38:14","date_gmt":"2024-06-05T08:38:14","guid":{"rendered":"https:\/\/hospitalsagratcormartorell.org\/entre-tots\/?p=9386"},"modified":"2024-06-25T07:48:54","modified_gmt":"2024-06-25T06:48:54","slug":"oberta-la-5a-edicio-del-concurs-literari-en-salut-mental-les-paraules-parlen-per-tu","status":"publish","type":"post","link":"https:\/\/fundaciohospitalariesmartorell.org\/entre-tots\/2024\/06\/oberta-la-5a-edicio-del-concurs-literari-en-salut-mental-les-paraules-parlen-per-tu\/","title":{"rendered":"Oberta la 5a edici\u00f3 del concurs literari en salut mental &#8220;Les Paraules Parlen per Tu&#8221;"},"content":{"rendered":"\n<figure class=\"wp-block-image size-full\"><img loading=\"lazy\" decoding=\"async\" width=\"987\" height=\"583\" src=\"https:\/\/hospitalsagratcormartorell.org\/entre-tots\/wp-content\/uploads\/2024\/06\/Concurs-literari-foto-sense-logos.png\" alt=\"\" class=\"wp-image-9389\" srcset=\"https:\/\/fundaciohospitalariesmartorell.org\/entre-tots\/wp-content\/uploads\/2024\/06\/Concurs-literari-foto-sense-logos.png 987w, https:\/\/fundaciohospitalariesmartorell.org\/entre-tots\/wp-content\/uploads\/2024\/06\/Concurs-literari-foto-sense-logos-300x177.png 300w, https:\/\/fundaciohospitalariesmartorell.org\/entre-tots\/wp-content\/uploads\/2024\/06\/Concurs-literari-foto-sense-logos-768x454.png 768w\" sizes=\"auto, (max-width: 987px) 100vw, 987px\" \/><\/figure>\n\n\n\n<p>Amb motiu del Dia Mundial de la Salut Mental 2024, el Servei de Salut Mental de l&#8217;Alt Pened\u00e8s, gestionat per l\u2019Hospital Sagrat Cor de Germanes Hospital\u00e0ries, impulsa la cinquena edici\u00f3 del concurs literari en salut mental &#8220;Les Paraules Parlen per Tu&#8221;. Aquest concurs anual ofereix un espai per a la lliure expressi\u00f3 a trav\u00e9s de la literatura, amb l&#8217;objectiu de fomentar la creativitat i l&#8217;autoestima entre les persones usu\u00e0ries dels Serveis de Salut Mental de tot Catalunya.<\/p>\n\n\n\n<p><strong>A qui va dirigit?<\/strong><\/p>\n\n\n\n<p>El concurs est\u00e0 obert a totes les persones usu\u00e0ries dels Serveis de Salut Mental de Catalunya, amb dues categories d\u2019edat:<\/p>\n\n\n\n<ul class=\"wp-block-list\">\n<li>Adolescents de 16 a 18 anys<\/li>\n\n\n\n<li>Majors de 18 anys<\/li>\n<\/ul>\n\n\n\n<p>Els participants poden presentar-se en dues modalitats diferents d&#8217;escriptura:<\/p>\n\n\n\n<ul class=\"wp-block-list\">\n<li><strong>Liter\u00e0ria<\/strong>: Els textos hauran de tenir una extensi\u00f3 m\u00e0xima de dues p\u00e0gines (lletra Arial 12, interlineat doble) i tractar temes relacionats amb la salut mental.<\/li>\n\n\n\n<li><strong>Po\u00e8tica<\/strong>: Els poemes han de tenir entre 6 i 12 versos i el tema \u00e9s lliure.<\/li>\n<\/ul>\n\n\n\n<p><strong>Premis:<\/strong><\/p>\n\n\n\n<p><strong>Categoria Liter\u00e0ria:<\/strong><\/p>\n\n\n\n<ul class=\"wp-block-list\">\n<li>1r Premi: 125\u202f\u20ac + Espectacle Cultural<\/li>\n\n\n\n<li>2n Premi: 105\u202f\u20ac + Llibre<\/li>\n\n\n\n<li>3r Premi: 95\u202f\u20ac + Llibre<\/li>\n\n\n\n<li>Tres acc\u00e8ssits: Lots Culturals<\/li>\n<\/ul>\n\n\n\n<p><strong>Categoria Po\u00e8tica:<\/strong><\/p>\n\n\n\n<ul class=\"wp-block-list\">\n<li>1r Premi: 125\u202f\u20ac + Llibre<\/li>\n\n\n\n<li>2n Premi: 105\u202f\u20ac + Llibre<\/li>\n\n\n\n<li>3r Premi: 95\u202f\u20ac + Llibre<\/li>\n<\/ul>\n\n\n\n<p><strong>Premis Adolescents (16 a 18 anys):<\/strong><\/p>\n\n\n\n<ul class=\"wp-block-list\">\n<li>Un \u00fanic premi per cada categoria: Un e-book<\/li>\n<\/ul>\n\n\n\n<p><strong>Com participar:<\/strong><\/p>\n\n\n\n<p>Les persones participants han de lliurar els seus treballs abans del 16 de setembre de 2024. Les obres han de ser originals, in\u00e8dites, no premiades en altres concursos i redactades en catal\u00e0. Cada participant nom\u00e9s podr\u00e0 presentar una obra per categoria.<\/p>\n\n\n\n<p>Els treballs s\u2019han d\u2019enviar en dos arxius:<\/p>\n\n\n\n<ol class=\"wp-block-list\" start=\"1\">\n<li>Un arxiu amb el text que participa, signat amb pseud\u00f2nim.<\/li>\n\n\n\n<li>Un segon arxiu amb el pseud\u00f2nim, incloent-hi el nom, tel\u00e8fon, email del participant i l\u2019entitat de Salut Mental a la qual pertany.<\/li>\n<\/ol>\n\n\n\n<p>Els treballs s\u2019han de lliurar al seg\u00fcent correu electr\u00f2nic: <a href=\"mailto:srcvilafranca.hsagratcor@hospitalarias.es\">srcvilafranca.hsagratcor@hospitalarias.es<\/a>\u00a0amb l\u2019assumpte &#8220;Les Paraules Parlen per Tu 2024&#8221;.<\/p>\n\n\n\n<p><strong>Jurat i entrega de premis:<\/strong><\/p>\n\n\n\n<p>El jurat, format per persones vinculades al m\u00f3n literari i cultural, comunicar\u00e0 els resultats el 4 d\u2019octubre de 2024, en un acte que se celebrar\u00e0 al Museu del Vi de Catalunya, el Vinseum, a Vilafranca del Pened\u00e8s. L\u2019acte d\u2019entrega de premis comen\u00e7ar\u00e0 a les 12\u202fh del migdia, i inclour\u00e0 un piscolabis per als assistents.<\/p>\n\n\n\n<p>Animem a tots els usuaris dels Serveis de Salut Mental de Catalunya a participar i compartir les seves experi\u00e8ncies i creativitat a trav\u00e9s de la literatura.<\/p>\n\n\n\n<p><strong>Contacte per a m\u00e9s informaci\u00f3:<\/strong>&nbsp;Servei de Salut Mental de l&#8217;Alt Pened\u00e8s<br>Email: srcvilafranca.hsagratcor@hospitalarias.es <\/p>\n\n\n\n<p>Descarrega les bases del concurs, <a href=\"https:\/\/hospitalsagratcormartorell.org\/entre-tots\/wp-content\/uploads\/2024\/06\/Bases-concurs-literari-2024-2.pdf\">aqu\u00ed<\/a>.<\/p>\n","protected":false},"excerpt":{"rendered":"<p>Amb motiu del Dia Mundial de la Salut Mental 2024, el Servei de Salut Mental de l&#8217;Alt Pened\u00e8s, gestionat per l\u2019Hospital Sagrat Cor de Germanes Hospital\u00e0ries, impulsa la cinquena edici\u00f3 del concurs literari en salut mental &#8220;Les Paraules Parlen per Tu&#8221;. Aquest concurs anual ofereix un espai per a la lliure expressi\u00f3 a trav\u00e9s de [&hellip;]<\/p>\n","protected":false},"author":5,"featured_media":9389,"comment_status":"closed","ping_status":"closed","sticky":false,"template":"","format":"standard","meta":{"footnotes":""},"categories":[27],"tags":[],"class_list":["post-9386","post","type-post","status-publish","format-standard","has-post-thumbnail","hentry","category-actualitat"],"blocksy_meta":[],"featured_image_urls_v2":{"full":["https:\/\/fundaciohospitalariesmartorell.org\/entre-tots\/wp-content\/uploads\/2024\/06\/Concurs-literari-foto-sense-logos.png",987,583,false],"thumbnail":["https:\/\/fundaciohospitalariesmartorell.org\/entre-tots\/wp-content\/uploads\/2024\/06\/Concurs-literari-foto-sense-logos-150x150.png",150,150,true],"medium":["https:\/\/fundaciohospitalariesmartorell.org\/entre-tots\/wp-content\/uploads\/2024\/06\/Concurs-literari-foto-sense-logos-300x177.png",300,177,true],"medium_large":["https:\/\/fundaciohospitalariesmartorell.org\/entre-tots\/wp-content\/uploads\/2024\/06\/Concurs-literari-foto-sense-logos-768x454.png",768,454,true],"large":["https:\/\/fundaciohospitalariesmartorell.org\/entre-tots\/wp-content\/uploads\/2024\/06\/Concurs-literari-foto-sense-logos.png",987,583,false],"1536x1536":["https:\/\/fundaciohospitalariesmartorell.org\/entre-tots\/wp-content\/uploads\/2024\/06\/Concurs-literari-foto-sense-logos.png",987,583,false],"2048x2048":["https:\/\/fundaciohospitalariesmartorell.org\/entre-tots\/wp-content\/uploads\/2024\/06\/Concurs-literari-foto-sense-logos.png",987,583,false],"mailpoet_newsletter_max":["https:\/\/fundaciohospitalariesmartorell.org\/entre-tots\/wp-content\/uploads\/2024\/06\/Concurs-literari-foto-sense-logos.png",987,583,false]},"post_excerpt_stackable_v2":"<p>Amb motiu del Dia Mundial de la Salut Mental 2024, el Servei de Salut Mental de l&#8217;Alt Pened\u00e8s, gestionat per l\u2019Hospital Sagrat Cor de Germanes Hospital\u00e0ries, impulsa la cinquena edici\u00f3 del concurs literari en salut mental &#8220;Les Paraules Parlen per Tu&#8221;. Aquest concurs anual ofereix un espai per a la lliure expressi\u00f3 a trav\u00e9s de la literatura, amb l&#8217;objectiu de fomentar la creativitat i l&#8217;autoestima entre les persones usu\u00e0ries dels Serveis de Salut Mental de tot Catalunya. A qui va dirigit? El concurs est\u00e0 obert a totes les persones usu\u00e0ries dels Serveis de Salut Mental de Catalunya, amb dues categories&hellip;<\/p>\n","category_list_v2":"<a href=\"https:\/\/fundaciohospitalariesmartorell.org\/entre-tots\/category\/actualitat\/\" rel=\"category tag\">ACTUALITAT<\/a>","author_info_v2":{"name":"Alba Felip","url":"https:\/\/fundaciohospitalariesmartorell.org\/entre-tots\/author\/afelipr\/"},"comments_num_v2":"0 comments","_links":{"self":[{"href":"https:\/\/fundaciohospitalariesmartorell.org\/entre-tots\/wp-json\/wp\/v2\/posts\/9386","targetHints":{"allow":["GET"]}}],"collection":[{"href":"https:\/\/fundaciohospitalariesmartorell.org\/entre-tots\/wp-json\/wp\/v2\/posts"}],"about":[{"href":"https:\/\/fundaciohospitalariesmartorell.org\/entre-tots\/wp-json\/wp\/v2\/types\/post"}],"author":[{"embeddable":true,"href":"https:\/\/fundaciohospitalariesmartorell.org\/entre-tots\/wp-json\/wp\/v2\/users\/5"}],"replies":[{"embeddable":true,"href":"https:\/\/fundaciohospitalariesmartorell.org\/entre-tots\/wp-json\/wp\/v2\/comments?post=9386"}],"version-history":[{"count":5,"href":"https:\/\/fundaciohospitalariesmartorell.org\/entre-tots\/wp-json\/wp\/v2\/posts\/9386\/revisions"}],"predecessor-version":[{"id":9487,"href":"https:\/\/fundaciohospitalariesmartorell.org\/entre-tots\/wp-json\/wp\/v2\/posts\/9386\/revisions\/9487"}],"wp:featuredmedia":[{"embeddable":true,"href":"https:\/\/fundaciohospitalariesmartorell.org\/entre-tots\/wp-json\/wp\/v2\/media\/9389"}],"wp:attachment":[{"href":"https:\/\/fundaciohospitalariesmartorell.org\/entre-tots\/wp-json\/wp\/v2\/media?parent=9386"}],"wp:term":[{"taxonomy":"category","embeddable":true,"href":"https:\/\/fundaciohospitalariesmartorell.org\/entre-tots\/wp-json\/wp\/v2\/categories?post=9386"},{"taxonomy":"post_tag","embeddable":true,"href":"https:\/\/fundaciohospitalariesmartorell.org\/entre-tots\/wp-json\/wp\/v2\/tags?post=9386"}],"curies":[{"name":"wp","href":"https:\/\/api.w.org\/{rel}","templated":true}]}}