{"id":9398,"date":"2024-06-10T09:53:28","date_gmt":"2024-06-10T08:53:28","guid":{"rendered":"https:\/\/hospitalsagratcormartorell.org\/entre-tots\/?p=9398"},"modified":"2024-06-25T07:46:44","modified_gmt":"2024-06-25T06:46:44","slug":"emotiva-celebracio-de-la-festivitat-del-sagrat-cor-de-jesus","status":"publish","type":"post","link":"https:\/\/fundaciohospitalariesmartorell.org\/entre-tots\/2024\/06\/emotiva-celebracio-de-la-festivitat-del-sagrat-cor-de-jesus\/","title":{"rendered":"Emotiva celebraci\u00f3 de la Festivitat del Sagrat Cor de Jes\u00fas"},"content":{"rendered":"\n<figure class=\"wp-block-image size-large\"><img loading=\"lazy\" decoding=\"async\" width=\"1024\" height=\"524\" src=\"https:\/\/hospitalsagratcormartorell.org\/entre-tots\/wp-content\/uploads\/2024\/06\/b57931d6-b864-4cda-8c9c-d954231bc3b8-1024x524.jpg\" alt=\"\" class=\"wp-image-9399\" srcset=\"https:\/\/fundaciohospitalariesmartorell.org\/entre-tots\/wp-content\/uploads\/2024\/06\/b57931d6-b864-4cda-8c9c-d954231bc3b8-1024x524.jpg 1024w, https:\/\/fundaciohospitalariesmartorell.org\/entre-tots\/wp-content\/uploads\/2024\/06\/b57931d6-b864-4cda-8c9c-d954231bc3b8-300x154.jpg 300w, https:\/\/fundaciohospitalariesmartorell.org\/entre-tots\/wp-content\/uploads\/2024\/06\/b57931d6-b864-4cda-8c9c-d954231bc3b8-768x393.jpg 768w, https:\/\/fundaciohospitalariesmartorell.org\/entre-tots\/wp-content\/uploads\/2024\/06\/b57931d6-b864-4cda-8c9c-d954231bc3b8-1536x786.jpg 1536w, https:\/\/fundaciohospitalariesmartorell.org\/entre-tots\/wp-content\/uploads\/2024\/06\/b57931d6-b864-4cda-8c9c-d954231bc3b8-2048x1049.jpg 2048w, https:\/\/fundaciohospitalariesmartorell.org\/entre-tots\/wp-content\/uploads\/2024\/06\/b57931d6-b864-4cda-8c9c-d954231bc3b8-1320x676.jpg 1320w\" sizes=\"auto, (max-width: 1024px) 100vw, 1024px\" \/><\/figure>\n\n\n\n<p>El passat divendres 7 de juny va tenir lloc la Festivitat del Sagrat Cor de Jes\u00fas, patr\u00f3 del nostre hospital. Un any m\u00e9s, persones usu\u00e0ries, personal col\u00b7laborador de tots els dispositius assistencials i germanes van participar amb il\u00b7lusi\u00f3 en aquesta jornada tan especial.<\/p>\n\n\n\n<p>La celebraci\u00f3 va comen\u00e7ar amb una eucaristia a la sala d\u2019actes de l\u2019hospital, oficiada per Mn. Esteve, qui va disculpar l&#8217;abs\u00e8ncia per motius de salut de l&#8217;Excm Sr. Agust\u00ed Cort\u00e9s Soriano, bisbe de la Di\u00f2cesi de Sant Feliu de Llobregat. La Coral de Masquefa va amenitzar l&#8217;acte amb les seves veus. Durant l\u2019eucaristia, el moss\u00e8n va subratllar la import\u00e0ncia de ser compassius, tenir el cor obert i saber tractar els altres amb humanitat, empatia, sensibilitat i compassi\u00f3. Tamb\u00e9 es va realitzar l\u2019emblem\u00e0tica ofrena de rams de flors de paper i altres materials, confeccionats per les persones usu\u00e0ries de diverses unitats i serveis de l\u2019hospital.<\/p>\n\n\n\n<p>Despr\u00e9s de l\u2019eucaristia, va tenir lloc l\u2019acte institucional on es va retre un emotiu homenatge als 10 jubilats de l\u2019any 2023: Pilar Abadias, Loli Miguel, Pepi S\u00e1nchez, Roger Callao, Carmen Nieto, Ana M\u00aa Mart\u00ednez, Carmelo Garc\u00eda, Rosa M\u00aa Almi\u00f1ana, Josefina Barea i M\u00aa \u00c1ngeles Paul. Els diferents responsables de les \u00e0rees on van desenvolupar la seva tasca van recon\u00e8ixer la seva dedicaci\u00f3 i se\u2019ls va lliurar un obsequi commemoratiu i una targeta-regal.<\/p>\n\n\n\n<p><em>*Si cliqueu damunt de qualsevol imatge, entrareu&nbsp;a la galeria de fotos de Flickr, on podreu descarregar totes les fotos que us interessin.<\/em><\/p>\n\n\n\n<figure class=\"wp-block-embed is-type-rich is-provider-flickr wp-block-embed-flickr\"><div class=\"wp-block-embed__wrapper\">\n<a data-flickr-embed='true' href='https:\/\/www.flickr.com\/photos\/200846637@N07\/albums\/72177720317763025' title='2024 Festivitat del Sagrat Cor by redsocial.hsagratcor, on Flickr'><img src='https:\/\/live.staticflickr.com\/65535\/53781646219_4a5b86733f_b.jpg' width='800' height='600' alt='Eucarist\u00eda'><\/a><script async src='https:\/\/embedr.flickr.com\/assets\/client-code.js' charset='utf-8'><\/script>\n<\/div><\/figure>\n\n\n\n<p>A m\u00e9s, es va viure una sorpresa inesperada i molt emotiva amb el reconeixement a dues germanes de la comunitat de Martorell, Sor M\u00aa Soledad Paternain i Sor Antonia del Ojo, que porten 41 i 39 anys respectivament de servei. Podeu veure el v\u00eddeo complert, aqu\u00ed:<\/p>\n\n\n\n<figure class=\"wp-block-embed is-type-video is-provider-youtube wp-block-embed-youtube wp-embed-aspect-16-9 wp-has-aspect-ratio\"><div class=\"wp-block-embed__wrapper\">\n<iframe loading=\"lazy\" title=\"Acte d&#039;agra\u00efment a les germanes Sor M\u00aa Soledad Paternain i Sor Antonia del Ojo\" width=\"1290\" height=\"726\" src=\"https:\/\/www.youtube.com\/embed\/hQvizIQmRT8?feature=oembed\" frameborder=\"0\" allow=\"accelerometer; autoplay; clipboard-write; encrypted-media; gyroscope; picture-in-picture; web-share\" referrerpolicy=\"strict-origin-when-cross-origin\" allowfullscreen><\/iframe>\n<\/div><\/figure>\n\n\n\n<p>Despr\u00e9s de l\u2019acte institucional, es va realitzar la tradicional ofrena floral al Sagrat Cor al jard\u00ed de l\u2019hospital. Posteriorment, es va oferir un aperitiu commemoratiu a la cafeteria del centre. <\/p>\n\n\n\n<p>Ja a la tarda, a partir de les 16 h, es va organitzar una festa musical amb berenar per a les persones usu\u00e0ries a la cafeteria i, al vespre, es va celebrar <a href=\"https:\/\/hospitalsagratcormartorell.org\/entre-tots\/2024\/06\/la-2a-vesprada-solidaria-torna-a-ser-un-gran-exit\/\">la 2a edici\u00f3 de la Vesprada Solid\u00e0ria<\/a>.<\/p>\n","protected":false},"excerpt":{"rendered":"<p>El passat divendres 7 de juny va tenir lloc la Festivitat del Sagrat Cor de Jes\u00fas, patr\u00f3 del nostre hospital. Un any m\u00e9s, persones usu\u00e0ries, personal col\u00b7laborador de tots els dispositius assistencials i germanes van participar amb il\u00b7lusi\u00f3 en aquesta jornada tan especial. La celebraci\u00f3 va comen\u00e7ar amb una eucaristia a la sala d\u2019actes de [&hellip;]<\/p>\n","protected":false},"author":5,"featured_media":9399,"comment_status":"closed","ping_status":"closed","sticky":false,"template":"","format":"standard","meta":{"footnotes":""},"categories":[27],"tags":[],"class_list":["post-9398","post","type-post","status-publish","format-standard","has-post-thumbnail","hentry","category-actualitat"],"blocksy_meta":[],"featured_image_urls_v2":{"full":["https:\/\/fundaciohospitalariesmartorell.org\/entre-tots\/wp-content\/uploads\/2024\/06\/b57931d6-b864-4cda-8c9c-d954231bc3b8-scaled.jpg",2560,1311,false],"thumbnail":["https:\/\/fundaciohospitalariesmartorell.org\/entre-tots\/wp-content\/uploads\/2024\/06\/b57931d6-b864-4cda-8c9c-d954231bc3b8-150x150.jpg",150,150,true],"medium":["https:\/\/fundaciohospitalariesmartorell.org\/entre-tots\/wp-content\/uploads\/2024\/06\/b57931d6-b864-4cda-8c9c-d954231bc3b8-300x154.jpg",300,154,true],"medium_large":["https:\/\/fundaciohospitalariesmartorell.org\/entre-tots\/wp-content\/uploads\/2024\/06\/b57931d6-b864-4cda-8c9c-d954231bc3b8-768x393.jpg",768,393,true],"large":["https:\/\/fundaciohospitalariesmartorell.org\/entre-tots\/wp-content\/uploads\/2024\/06\/b57931d6-b864-4cda-8c9c-d954231bc3b8-1024x524.jpg",1024,524,true],"1536x1536":["https:\/\/fundaciohospitalariesmartorell.org\/entre-tots\/wp-content\/uploads\/2024\/06\/b57931d6-b864-4cda-8c9c-d954231bc3b8-1536x786.jpg",1536,786,true],"2048x2048":["https:\/\/fundaciohospitalariesmartorell.org\/entre-tots\/wp-content\/uploads\/2024\/06\/b57931d6-b864-4cda-8c9c-d954231bc3b8-2048x1049.jpg",2048,1049,true],"mailpoet_newsletter_max":["https:\/\/fundaciohospitalariesmartorell.org\/entre-tots\/wp-content\/uploads\/2024\/06\/b57931d6-b864-4cda-8c9c-d954231bc3b8-1320x676.jpg",1320,676,true]},"post_excerpt_stackable_v2":"<p>El passat divendres 7 de juny va tenir lloc la Festivitat del Sagrat Cor de Jes\u00fas, patr\u00f3 del nostre hospital. Un any m\u00e9s, persones usu\u00e0ries, personal col\u00b7laborador de tots els dispositius assistencials i germanes van participar amb il\u00b7lusi\u00f3 en aquesta jornada tan especial. La celebraci\u00f3 va comen\u00e7ar amb una eucaristia a la sala d\u2019actes de l\u2019hospital, oficiada per Mn. Esteve, qui va disculpar l&#8217;abs\u00e8ncia per motius de salut de l&#8217;Excm Sr. Agust\u00ed Cort\u00e9s Soriano, bisbe de la Di\u00f2cesi de Sant Feliu de Llobregat. La Coral de Masquefa va amenitzar l&#8217;acte amb les seves veus. Durant l\u2019eucaristia, el moss\u00e8n va subratllar&hellip;<\/p>\n","category_list_v2":"<a href=\"https:\/\/fundaciohospitalariesmartorell.org\/entre-tots\/category\/actualitat\/\" rel=\"category tag\">ACTUALITAT<\/a>","author_info_v2":{"name":"Alba Felip","url":"https:\/\/fundaciohospitalariesmartorell.org\/entre-tots\/author\/afelipr\/"},"comments_num_v2":"0 comments","_links":{"self":[{"href":"https:\/\/fundaciohospitalariesmartorell.org\/entre-tots\/wp-json\/wp\/v2\/posts\/9398","targetHints":{"allow":["GET"]}}],"collection":[{"href":"https:\/\/fundaciohospitalariesmartorell.org\/entre-tots\/wp-json\/wp\/v2\/posts"}],"about":[{"href":"https:\/\/fundaciohospitalariesmartorell.org\/entre-tots\/wp-json\/wp\/v2\/types\/post"}],"author":[{"embeddable":true,"href":"https:\/\/fundaciohospitalariesmartorell.org\/entre-tots\/wp-json\/wp\/v2\/users\/5"}],"replies":[{"embeddable":true,"href":"https:\/\/fundaciohospitalariesmartorell.org\/entre-tots\/wp-json\/wp\/v2\/comments?post=9398"}],"version-history":[{"count":7,"href":"https:\/\/fundaciohospitalariesmartorell.org\/entre-tots\/wp-json\/wp\/v2\/posts\/9398\/revisions"}],"predecessor-version":[{"id":9485,"href":"https:\/\/fundaciohospitalariesmartorell.org\/entre-tots\/wp-json\/wp\/v2\/posts\/9398\/revisions\/9485"}],"wp:featuredmedia":[{"embeddable":true,"href":"https:\/\/fundaciohospitalariesmartorell.org\/entre-tots\/wp-json\/wp\/v2\/media\/9399"}],"wp:attachment":[{"href":"https:\/\/fundaciohospitalariesmartorell.org\/entre-tots\/wp-json\/wp\/v2\/media?parent=9398"}],"wp:term":[{"taxonomy":"category","embeddable":true,"href":"https:\/\/fundaciohospitalariesmartorell.org\/entre-tots\/wp-json\/wp\/v2\/categories?post=9398"},{"taxonomy":"post_tag","embeddable":true,"href":"https:\/\/fundaciohospitalariesmartorell.org\/entre-tots\/wp-json\/wp\/v2\/tags?post=9398"}],"curies":[{"name":"wp","href":"https:\/\/api.w.org\/{rel}","templated":true}]}}