{"id":9422,"date":"2024-06-14T07:06:13","date_gmt":"2024-06-14T06:06:13","guid":{"rendered":"https:\/\/hospitalsagratcormartorell.org\/entre-tots\/?p=9422"},"modified":"2024-06-14T07:06:14","modified_gmt":"2024-06-14T06:06:14","slug":"una-decada-amb-lean-10-anys-apostant-per-guanyar-en-eficiencia-i-agilitat-en-la-gestio","status":"publish","type":"post","link":"https:\/\/fundaciohospitalariesmartorell.org\/entre-tots\/2024\/06\/una-decada-amb-lean-10-anys-apostant-per-guanyar-en-eficiencia-i-agilitat-en-la-gestio\/","title":{"rendered":"Una d\u00e8cada amb LEAN: 10 anys apostant per guanyar en efici\u00e8ncia i agilitat en la gesti\u00f3"},"content":{"rendered":"\n<figure class=\"wp-block-image size-large\"><img loading=\"lazy\" decoding=\"async\" width=\"1024\" height=\"724\" src=\"https:\/\/hospitalsagratcormartorell.org\/entre-tots\/wp-content\/uploads\/2024\/06\/Captura-de-pantalla-2024-06-14-a-las-8.04.18-1024x724.png\" alt=\"\" class=\"wp-image-9425\" srcset=\"https:\/\/fundaciohospitalariesmartorell.org\/entre-tots\/wp-content\/uploads\/2024\/06\/Captura-de-pantalla-2024-06-14-a-las-8.04.18-1024x724.png 1024w, https:\/\/fundaciohospitalariesmartorell.org\/entre-tots\/wp-content\/uploads\/2024\/06\/Captura-de-pantalla-2024-06-14-a-las-8.04.18-300x212.png 300w, https:\/\/fundaciohospitalariesmartorell.org\/entre-tots\/wp-content\/uploads\/2024\/06\/Captura-de-pantalla-2024-06-14-a-las-8.04.18-768x543.png 768w, https:\/\/fundaciohospitalariesmartorell.org\/entre-tots\/wp-content\/uploads\/2024\/06\/Captura-de-pantalla-2024-06-14-a-las-8.04.18-1536x1086.png 1536w, https:\/\/fundaciohospitalariesmartorell.org\/entre-tots\/wp-content\/uploads\/2024\/06\/Captura-de-pantalla-2024-06-14-a-las-8.04.18-2048x1448.png 2048w, https:\/\/fundaciohospitalariesmartorell.org\/entre-tots\/wp-content\/uploads\/2024\/06\/Captura-de-pantalla-2024-06-14-a-las-8.04.18-1320x933.png 1320w\" sizes=\"auto, (max-width: 1024px) 100vw, 1024px\" \/><\/figure>\n\n\n\n<p>L\u2019any 2014, l\u2019Hospital Sagrat Cor va iniciar el disseny i implementaci\u00f3 d\u2019un sistema de gesti\u00f3 per processos, fent els primers passos cap a una gesti\u00f3 m\u00e9s transversal i horitzontal. A partir d\u2019aqu\u00ed, el centre va decidir incorporar la cultura LEAN, mitjan\u00e7ant la formaci\u00f3 i el desenvolupament progressiu de projectes d&#8217;optimitzaci\u00f3 i estandarditzaci\u00f3 de processos assistencials i de suport a la gesti\u00f3, tant en l\u2019\u00e0mbit hospitalari com en el comunitari.<\/p>\n\n\n\n<p>Aquesta metodologia, origin\u00e0ria del sector manufacturer japon\u00e8s, ha trobat una aplicaci\u00f3 creixent en l&#8217;entorn sanitari. La metodologia LEAN se centra en l&#8217;eliminaci\u00f3 dels malbarataments i la millora cont\u00ednua dels processos per augmentar l&#8217;efici\u00e8ncia, la qualitat i la satisfacci\u00f3 de les persones ateses. En el context sanitari, busca optimitzar els fluxos de treball, reduir els temps d&#8217;espera, minimitzar errors i maximitzar l&#8217;\u00fas dels recursos disponibles, tot aix\u00f2 sense comprometre l&#8217;atenci\u00f3 a les persones usu\u00e0ries.<\/p>\n\n\n\n<p>\u201cDes de fa anys, el nostre centre ha apostat per la qualitat i la millora cont\u00ednua mitjan\u00e7ant els diferents projectes desenvolupats pels nostres grups de treball. L\u2019\u00fas de les eines LEAN, aquests deu \u00faltims anys, ha representat una manera de pensar i actuar innovadora per dur a terme millores\u201d, explica el Dr. Carles Franquelo, director m\u00e8dic de l&#8217;Hospital.<\/p>\n\n\n\n<p>Durant aquesta d\u00e8cada treballant sota aquesta filosofia, s\u2019han aconseguit fites importants, com ara la diagramaci\u00f3 de fins a 20 processos, m\u00e9s d\u2019un centenar d\u2019accions de millora realitzades o la formaci\u00f3 de m\u00e9s de 250 professionals en cultura LEAN. Tot aix\u00f2 s\u2019ha vist reflectit en la millora d\u2019un 66% de la capacitat de les agendes dels centres de salut mental, l\u2019augment del 20% de la capacitat d\u2019altes hospital\u00e0ries i d\u2019un 60% de la velocitat de resposta a peticions inform\u00e0tiques.<\/p>\n\n\n\n<figure class=\"wp-block-image size-large\"><img loading=\"lazy\" decoding=\"async\" width=\"1024\" height=\"725\" src=\"https:\/\/hospitalsagratcormartorell.org\/entre-tots\/wp-content\/uploads\/2024\/06\/Captura-de-pantalla-2024-06-14-a-las-8.01.28-1024x725.png\" alt=\"\" class=\"wp-image-9423\" srcset=\"https:\/\/fundaciohospitalariesmartorell.org\/entre-tots\/wp-content\/uploads\/2024\/06\/Captura-de-pantalla-2024-06-14-a-las-8.01.28-1024x725.png 1024w, https:\/\/fundaciohospitalariesmartorell.org\/entre-tots\/wp-content\/uploads\/2024\/06\/Captura-de-pantalla-2024-06-14-a-las-8.01.28-300x212.png 300w, https:\/\/fundaciohospitalariesmartorell.org\/entre-tots\/wp-content\/uploads\/2024\/06\/Captura-de-pantalla-2024-06-14-a-las-8.01.28-768x544.png 768w, https:\/\/fundaciohospitalariesmartorell.org\/entre-tots\/wp-content\/uploads\/2024\/06\/Captura-de-pantalla-2024-06-14-a-las-8.01.28-1536x1087.png 1536w, https:\/\/fundaciohospitalariesmartorell.org\/entre-tots\/wp-content\/uploads\/2024\/06\/Captura-de-pantalla-2024-06-14-a-las-8.01.28-2048x1449.png 2048w, https:\/\/fundaciohospitalariesmartorell.org\/entre-tots\/wp-content\/uploads\/2024\/06\/Captura-de-pantalla-2024-06-14-a-las-8.01.28-1320x934.png 1320w\" sizes=\"auto, (max-width: 1024px) 100vw, 1024px\" \/><\/figure>\n\n\n\n<p>\u201cHa suposat un canvi en la forma de veure i entendre els processos i de com abordar els problemes de manera objectiva i efectiva\u201d, explica Carlos M\u00e1rquez, responsable de la Unitat Funcional de Recuperaci\u00f3 i Projecte de Vida de l\u2019Hospital Sagrat Cor. Pilar Herrero, directora d\u2019Infermeria, tamb\u00e9 valora positivament aquesta d\u00e8cada: \u201cDurant aquests deu anys, hem incorporat la metodologia LEAN en el dia a dia, no nom\u00e9s com una forma d&#8217;organitzaci\u00f3, sin\u00f3 com una manera de pensar, planificar i decidir basada, principalment, en all\u00f2 que genera valor a les persones usu\u00e0ries. Ens permet ser m\u00e9s \u00e0gils i eficients!\u201d<\/p>\n\n\n\n<p>Aqu\u00ed podeu veure un document que resumeix aquests <a href=\"https:\/\/hospitalsagratcormartorell.org\/entre-tots\/wp-content\/uploads\/2024\/06\/Version-imprimible_articulo-LEAN-10-anos.pdf\" target=\"_blank\" rel=\"noreferrer noopener\">deu anys de metodologia LEAN a l\u2019Hospital Sagrat Cor<\/a>.<\/p>\n","protected":false},"excerpt":{"rendered":"<p>L\u2019any 2014, l\u2019Hospital Sagrat Cor va iniciar el disseny i implementaci\u00f3 d\u2019un sistema de gesti\u00f3 per processos, fent els primers passos cap a una gesti\u00f3 m\u00e9s transversal i horitzontal. A partir d\u2019aqu\u00ed, el centre va decidir incorporar la cultura LEAN, mitjan\u00e7ant la formaci\u00f3 i el desenvolupament progressiu de projectes d&#8217;optimitzaci\u00f3 i estandarditzaci\u00f3 de processos assistencials [&hellip;]<\/p>\n","protected":false},"author":5,"featured_media":9425,"comment_status":"closed","ping_status":"closed","sticky":false,"template":"","format":"standard","meta":{"footnotes":""},"categories":[27],"tags":[],"class_list":["post-9422","post","type-post","status-publish","format-standard","has-post-thumbnail","hentry","category-actualitat"],"blocksy_meta":[],"featured_image_urls_v2":{"full":["https:\/\/fundaciohospitalariesmartorell.org\/entre-tots\/wp-content\/uploads\/2024\/06\/Captura-de-pantalla-2024-06-14-a-las-8.04.18.png",2534,1792,false],"thumbnail":["https:\/\/fundaciohospitalariesmartorell.org\/entre-tots\/wp-content\/uploads\/2024\/06\/Captura-de-pantalla-2024-06-14-a-las-8.04.18-150x150.png",150,150,true],"medium":["https:\/\/fundaciohospitalariesmartorell.org\/entre-tots\/wp-content\/uploads\/2024\/06\/Captura-de-pantalla-2024-06-14-a-las-8.04.18-300x212.png",300,212,true],"medium_large":["https:\/\/fundaciohospitalariesmartorell.org\/entre-tots\/wp-content\/uploads\/2024\/06\/Captura-de-pantalla-2024-06-14-a-las-8.04.18-768x543.png",768,543,true],"large":["https:\/\/fundaciohospitalariesmartorell.org\/entre-tots\/wp-content\/uploads\/2024\/06\/Captura-de-pantalla-2024-06-14-a-las-8.04.18-1024x724.png",1024,724,true],"1536x1536":["https:\/\/fundaciohospitalariesmartorell.org\/entre-tots\/wp-content\/uploads\/2024\/06\/Captura-de-pantalla-2024-06-14-a-las-8.04.18-1536x1086.png",1536,1086,true],"2048x2048":["https:\/\/fundaciohospitalariesmartorell.org\/entre-tots\/wp-content\/uploads\/2024\/06\/Captura-de-pantalla-2024-06-14-a-las-8.04.18-2048x1448.png",2048,1448,true],"mailpoet_newsletter_max":["https:\/\/fundaciohospitalariesmartorell.org\/entre-tots\/wp-content\/uploads\/2024\/06\/Captura-de-pantalla-2024-06-14-a-las-8.04.18-1320x933.png",1320,933,true]},"post_excerpt_stackable_v2":"<p>L\u2019any 2014, l\u2019Hospital Sagrat Cor va iniciar el disseny i implementaci\u00f3 d\u2019un sistema de gesti\u00f3 per processos, fent els primers passos cap a una gesti\u00f3 m\u00e9s transversal i horitzontal. A partir d\u2019aqu\u00ed, el centre va decidir incorporar la cultura LEAN, mitjan\u00e7ant la formaci\u00f3 i el desenvolupament progressiu de projectes d&#8217;optimitzaci\u00f3 i estandarditzaci\u00f3 de processos assistencials i de suport a la gesti\u00f3, tant en l\u2019\u00e0mbit hospitalari com en el comunitari. Aquesta metodologia, origin\u00e0ria del sector manufacturer japon\u00e8s, ha trobat una aplicaci\u00f3 creixent en l&#8217;entorn sanitari. La metodologia LEAN se centra en l&#8217;eliminaci\u00f3 dels malbarataments i la millora cont\u00ednua dels processos per&hellip;<\/p>\n","category_list_v2":"<a href=\"https:\/\/fundaciohospitalariesmartorell.org\/entre-tots\/category\/actualitat\/\" rel=\"category tag\">ACTUALITAT<\/a>","author_info_v2":{"name":"Alba Felip","url":"https:\/\/fundaciohospitalariesmartorell.org\/entre-tots\/author\/afelipr\/"},"comments_num_v2":"0 comments","_links":{"self":[{"href":"https:\/\/fundaciohospitalariesmartorell.org\/entre-tots\/wp-json\/wp\/v2\/posts\/9422","targetHints":{"allow":["GET"]}}],"collection":[{"href":"https:\/\/fundaciohospitalariesmartorell.org\/entre-tots\/wp-json\/wp\/v2\/posts"}],"about":[{"href":"https:\/\/fundaciohospitalariesmartorell.org\/entre-tots\/wp-json\/wp\/v2\/types\/post"}],"author":[{"embeddable":true,"href":"https:\/\/fundaciohospitalariesmartorell.org\/entre-tots\/wp-json\/wp\/v2\/users\/5"}],"replies":[{"embeddable":true,"href":"https:\/\/fundaciohospitalariesmartorell.org\/entre-tots\/wp-json\/wp\/v2\/comments?post=9422"}],"version-history":[{"count":1,"href":"https:\/\/fundaciohospitalariesmartorell.org\/entre-tots\/wp-json\/wp\/v2\/posts\/9422\/revisions"}],"predecessor-version":[{"id":9426,"href":"https:\/\/fundaciohospitalariesmartorell.org\/entre-tots\/wp-json\/wp\/v2\/posts\/9422\/revisions\/9426"}],"wp:featuredmedia":[{"embeddable":true,"href":"https:\/\/fundaciohospitalariesmartorell.org\/entre-tots\/wp-json\/wp\/v2\/media\/9425"}],"wp:attachment":[{"href":"https:\/\/fundaciohospitalariesmartorell.org\/entre-tots\/wp-json\/wp\/v2\/media?parent=9422"}],"wp:term":[{"taxonomy":"category","embeddable":true,"href":"https:\/\/fundaciohospitalariesmartorell.org\/entre-tots\/wp-json\/wp\/v2\/categories?post=9422"},{"taxonomy":"post_tag","embeddable":true,"href":"https:\/\/fundaciohospitalariesmartorell.org\/entre-tots\/wp-json\/wp\/v2\/tags?post=9422"}],"curies":[{"name":"wp","href":"https:\/\/api.w.org\/{rel}","templated":true}]}}