{"id":9427,"date":"2024-06-14T07:15:16","date_gmt":"2024-06-14T06:15:16","guid":{"rendered":"https:\/\/hospitalsagratcormartorell.org\/entre-tots\/?p=9427"},"modified":"2024-06-14T07:36:47","modified_gmt":"2024-06-14T06:36:47","slug":"alex-lacambra-un-viatge-dempoderament-i-superacio","status":"publish","type":"post","link":"https:\/\/fundaciohospitalariesmartorell.org\/entre-tots\/2024\/06\/alex-lacambra-un-viatge-dempoderament-i-superacio\/","title":{"rendered":"\u00c0lex Lacambra: un viatge d&#8217;empoderament i superaci\u00f3"},"content":{"rendered":"\n<figure class=\"wp-block-image size-large is-resized\"><img loading=\"lazy\" decoding=\"async\" width=\"1024\" height=\"712\" src=\"https:\/\/hospitalsagratcormartorell.org\/entre-tots\/wp-content\/uploads\/2024\/06\/lacambra-1024x712.png\" alt=\"\" class=\"wp-image-9430\" style=\"width:749px;height:auto\" srcset=\"https:\/\/fundaciohospitalariesmartorell.org\/entre-tots\/wp-content\/uploads\/2024\/06\/lacambra-1024x712.png 1024w, https:\/\/fundaciohospitalariesmartorell.org\/entre-tots\/wp-content\/uploads\/2024\/06\/lacambra-300x209.png 300w, https:\/\/fundaciohospitalariesmartorell.org\/entre-tots\/wp-content\/uploads\/2024\/06\/lacambra-768x534.png 768w, https:\/\/fundaciohospitalariesmartorell.org\/entre-tots\/wp-content\/uploads\/2024\/06\/lacambra.png 1046w\" sizes=\"auto, (max-width: 1024px) 100vw, 1024px\" \/><\/figure>\n\n\n\n<p>\u00c0lex Lacambra t\u00e9 moltes ganes d&#8217;aventura i d&#8217;aprendre. Despr\u00e9s de m\u00e9s de vint anys lluitant contra un trastorn mental que li va sorgir als dinou anys, ha aconseguit viatjar tot sol i comparteix les seves experi\u00e8ncies al blog <a href=\"https:\/\/trastornimotxilla.cat\/\">trastornimotxilla.cat<\/a>. Arribar fins aqu\u00ed no ha estat f\u00e0cil, per\u00f2, com diu ell mateix, es tracta d&#8217;anar \u201cguanyant batalles, tot i que potser la guerra no s\u2019acabi mai\u201d. Amb aquest blog, l\u2019\u00c0lex vol oferir una perspectiva diferent i mostrar que, malgrat les dificultats, \u00e9s una persona com qualsevol altra, amb il\u00b7lusions, alegries i tristeses. Convida tothom a acompanyar-lo en aquest viatge.<\/p>\n\n\n\n<h4 class=\"wp-block-heading\"><strong>Una inspiraci\u00f3 per a tothom<\/strong><\/h4>\n\n\n\n<p>L\u2019\u00c0lex \u00e9s un exemple viu de superaci\u00f3 i empoderament dins la comunitat del Centre de Salut Mental d&#8217;Adults (CSMA) de l\u2019Alt Pened\u00e8s. Despr\u00e9s de m\u00e9s de vint anys enfrontant-se a un trastorn mental, ha transformat la seva vida en un testimoni de resist\u00e8ncia, determinaci\u00f3 i resili\u00e8ncia. Participa activament en activitats del CSMA, incloent-hi el programa Pacient Expert i l&#8217;activitat Escriptura Creativa.<\/p>\n\n\n\n<p>El seu blog \u00e9s una finestra oberta a les seves aventures i reflexions. A trav\u00e9s d&#8217;aquest espai, l\u2019\u00c0lex comparteix les seves experi\u00e8ncies de viatge, oferint una perspectiva \u00fanica i humana sobre la vida amb un trastorn mental. A m\u00e9s, fa servir el seu compte d\u2019Instagram (@alexandreviatja) per documentar i compartir les sortides que fa, i est\u00e0 creant una comunitat de seguidors que es beneficien del seu optimisme i esperit aventurer. Una de les seves \u00faltimes aventures va ser amb motiu de la Women Champions League.<\/p>\n\n\n\n<h4 class=\"wp-block-heading\"><strong>Viatgem junts contra l&#8217;estigma<\/strong><\/h4>\n\n\n\n<p>L\u2019\u00c0lex \u00e9s molt m\u00e9s que un usuari del CSMA: \u00e9s un ambaixador de l&#8217;esperan\u00e7a i la lluita contra l&#8217;estigma associat als trastorns mentals. La seva hist\u00f2ria, les seves aventures i la seva voluntat de compartir les seves experi\u00e8ncies s\u00f3n una font d&#8217;inspiraci\u00f3 per a molta gent. Us animem a seguir-lo i a participar en aquest viatge conjunt cap a un augment de la comprensi\u00f3 i l\u2019acceptaci\u00f3.<\/p>\n\n\n\n<figure class=\"wp-block-image size-large\"><img loading=\"lazy\" decoding=\"async\" width=\"1024\" height=\"579\" src=\"https:\/\/hospitalsagratcormartorell.org\/entre-tots\/wp-content\/uploads\/2024\/06\/Captura-de-pantalla-2024-06-14-a-las-8.14.35-1024x579.png\" alt=\"\" class=\"wp-image-9428\" srcset=\"https:\/\/fundaciohospitalariesmartorell.org\/entre-tots\/wp-content\/uploads\/2024\/06\/Captura-de-pantalla-2024-06-14-a-las-8.14.35-1024x579.png 1024w, https:\/\/fundaciohospitalariesmartorell.org\/entre-tots\/wp-content\/uploads\/2024\/06\/Captura-de-pantalla-2024-06-14-a-las-8.14.35-300x170.png 300w, https:\/\/fundaciohospitalariesmartorell.org\/entre-tots\/wp-content\/uploads\/2024\/06\/Captura-de-pantalla-2024-06-14-a-las-8.14.35-768x435.png 768w, https:\/\/fundaciohospitalariesmartorell.org\/entre-tots\/wp-content\/uploads\/2024\/06\/Captura-de-pantalla-2024-06-14-a-las-8.14.35-1536x869.png 1536w, https:\/\/fundaciohospitalariesmartorell.org\/entre-tots\/wp-content\/uploads\/2024\/06\/Captura-de-pantalla-2024-06-14-a-las-8.14.35-2048x1159.png 2048w, https:\/\/fundaciohospitalariesmartorell.org\/entre-tots\/wp-content\/uploads\/2024\/06\/Captura-de-pantalla-2024-06-14-a-las-8.14.35-1320x747.png 1320w\" sizes=\"auto, (max-width: 1024px) 100vw, 1024px\" \/><\/figure>\n","protected":false},"excerpt":{"rendered":"<p>\u00c0lex Lacambra t\u00e9 moltes ganes d&#8217;aventura i d&#8217;aprendre. Despr\u00e9s de m\u00e9s de vint anys lluitant contra un trastorn mental que li va sorgir als dinou anys, ha aconseguit viatjar tot sol i comparteix les seves experi\u00e8ncies al blog trastornimotxilla.cat. Arribar fins aqu\u00ed no ha estat f\u00e0cil, per\u00f2, com diu ell mateix, es tracta d&#8217;anar \u201cguanyant [&hellip;]<\/p>\n","protected":false},"author":5,"featured_media":9430,"comment_status":"closed","ping_status":"closed","sticky":false,"template":"","format":"standard","meta":{"footnotes":""},"categories":[27],"tags":[],"class_list":["post-9427","post","type-post","status-publish","format-standard","has-post-thumbnail","hentry","category-actualitat"],"blocksy_meta":[],"featured_image_urls_v2":{"full":["https:\/\/fundaciohospitalariesmartorell.org\/entre-tots\/wp-content\/uploads\/2024\/06\/lacambra.png",1046,727,false],"thumbnail":["https:\/\/fundaciohospitalariesmartorell.org\/entre-tots\/wp-content\/uploads\/2024\/06\/lacambra-150x150.png",150,150,true],"medium":["https:\/\/fundaciohospitalariesmartorell.org\/entre-tots\/wp-content\/uploads\/2024\/06\/lacambra-300x209.png",300,209,true],"medium_large":["https:\/\/fundaciohospitalariesmartorell.org\/entre-tots\/wp-content\/uploads\/2024\/06\/lacambra-768x534.png",768,534,true],"large":["https:\/\/fundaciohospitalariesmartorell.org\/entre-tots\/wp-content\/uploads\/2024\/06\/lacambra-1024x712.png",1024,712,true],"1536x1536":["https:\/\/fundaciohospitalariesmartorell.org\/entre-tots\/wp-content\/uploads\/2024\/06\/lacambra.png",1046,727,false],"2048x2048":["https:\/\/fundaciohospitalariesmartorell.org\/entre-tots\/wp-content\/uploads\/2024\/06\/lacambra.png",1046,727,false],"mailpoet_newsletter_max":["https:\/\/fundaciohospitalariesmartorell.org\/entre-tots\/wp-content\/uploads\/2024\/06\/lacambra.png",1046,727,false]},"post_excerpt_stackable_v2":"<p>\u00c0lex Lacambra t\u00e9 moltes ganes d&#8217;aventura i d&#8217;aprendre. Despr\u00e9s de m\u00e9s de vint anys lluitant contra un trastorn mental que li va sorgir als dinou anys, ha aconseguit viatjar tot sol i comparteix les seves experi\u00e8ncies al blog trastornimotxilla.cat. Arribar fins aqu\u00ed no ha estat f\u00e0cil, per\u00f2, com diu ell mateix, es tracta d&#8217;anar \u201cguanyant batalles, tot i que potser la guerra no s\u2019acabi mai\u201d. Amb aquest blog, l\u2019\u00c0lex vol oferir una perspectiva diferent i mostrar que, malgrat les dificultats, \u00e9s una persona com qualsevol altra, amb il\u00b7lusions, alegries i tristeses. Convida tothom a acompanyar-lo en aquest viatge. Una inspiraci\u00f3&hellip;<\/p>\n","category_list_v2":"<a href=\"https:\/\/fundaciohospitalariesmartorell.org\/entre-tots\/category\/actualitat\/\" rel=\"category tag\">ACTUALITAT<\/a>","author_info_v2":{"name":"Alba Felip","url":"https:\/\/fundaciohospitalariesmartorell.org\/entre-tots\/author\/afelipr\/"},"comments_num_v2":"0 comments","_links":{"self":[{"href":"https:\/\/fundaciohospitalariesmartorell.org\/entre-tots\/wp-json\/wp\/v2\/posts\/9427","targetHints":{"allow":["GET"]}}],"collection":[{"href":"https:\/\/fundaciohospitalariesmartorell.org\/entre-tots\/wp-json\/wp\/v2\/posts"}],"about":[{"href":"https:\/\/fundaciohospitalariesmartorell.org\/entre-tots\/wp-json\/wp\/v2\/types\/post"}],"author":[{"embeddable":true,"href":"https:\/\/fundaciohospitalariesmartorell.org\/entre-tots\/wp-json\/wp\/v2\/users\/5"}],"replies":[{"embeddable":true,"href":"https:\/\/fundaciohospitalariesmartorell.org\/entre-tots\/wp-json\/wp\/v2\/comments?post=9427"}],"version-history":[{"count":2,"href":"https:\/\/fundaciohospitalariesmartorell.org\/entre-tots\/wp-json\/wp\/v2\/posts\/9427\/revisions"}],"predecessor-version":[{"id":9431,"href":"https:\/\/fundaciohospitalariesmartorell.org\/entre-tots\/wp-json\/wp\/v2\/posts\/9427\/revisions\/9431"}],"wp:featuredmedia":[{"embeddable":true,"href":"https:\/\/fundaciohospitalariesmartorell.org\/entre-tots\/wp-json\/wp\/v2\/media\/9430"}],"wp:attachment":[{"href":"https:\/\/fundaciohospitalariesmartorell.org\/entre-tots\/wp-json\/wp\/v2\/media?parent=9427"}],"wp:term":[{"taxonomy":"category","embeddable":true,"href":"https:\/\/fundaciohospitalariesmartorell.org\/entre-tots\/wp-json\/wp\/v2\/categories?post=9427"},{"taxonomy":"post_tag","embeddable":true,"href":"https:\/\/fundaciohospitalariesmartorell.org\/entre-tots\/wp-json\/wp\/v2\/tags?post=9427"}],"curies":[{"name":"wp","href":"https:\/\/api.w.org\/{rel}","templated":true}]}}