{"id":9433,"date":"2024-06-14T11:25:16","date_gmt":"2024-06-14T10:25:16","guid":{"rendered":"https:\/\/hospitalsagratcormartorell.org\/entre-tots\/?p=9433"},"modified":"2024-06-25T14:23:59","modified_gmt":"2024-06-25T13:23:59","slug":"la-2a-vesprada-solidaria-torna-a-ser-un-gran-exit","status":"publish","type":"post","link":"https:\/\/fundaciohospitalariesmartorell.org\/entre-tots\/2024\/06\/la-2a-vesprada-solidaria-torna-a-ser-un-gran-exit\/","title":{"rendered":"La 2a Vesprada solid\u00e0ria torna a ser un gran \u00e8xit"},"content":{"rendered":"\n<h4 class=\"wp-block-heading\"><span style=\"color: var(--theme-palette-color-1, #8c124e);\" class=\"stk-highlight\">Es recapten 5.187,50\u20ac en benefici de les\u00a0dones amb malaltia mental altament vulnerables a l\u2019\u00cdndia<\/span><\/h4>\n\n\n\n<figure class=\"wp-block-image size-full\"><img loading=\"lazy\" decoding=\"async\" width=\"1020\" height=\"636\" src=\"https:\/\/hospitalsagratcormartorell.org\/entre-tots\/wp-content\/uploads\/2024\/06\/vesprada-foto.png\" alt=\"\" class=\"wp-image-9435\" srcset=\"https:\/\/fundaciohospitalariesmartorell.org\/entre-tots\/wp-content\/uploads\/2024\/06\/vesprada-foto.png 1020w, https:\/\/fundaciohospitalariesmartorell.org\/entre-tots\/wp-content\/uploads\/2024\/06\/vesprada-foto-300x187.png 300w, https:\/\/fundaciohospitalariesmartorell.org\/entre-tots\/wp-content\/uploads\/2024\/06\/vesprada-foto-768x479.png 768w\" sizes=\"auto, (max-width: 1020px) 100vw, 1020px\" \/><\/figure>\n\n\n\n<p>La 2a edici\u00f3 de la vesprada solid\u00e0ria va tornar a ser un \u00e8xit, gr\u00e0cies a la participaci\u00f3 i implicaci\u00f3 dels professionals del centre, que van fer gran la jornada. L&#8217;acte va comen\u00e7ar a les 19\u202fh de la m\u00e0 de Sor Isabel Bl\u00e1zquez i el Dr. Jes\u00fas Ezquerra, que van explicar el desenvolupament de la jornada i el seu objectiu: recaptar fons en benefici de les&nbsp;<a href=\"https:\/\/hospitalsagratcormartorell.org\/lhospital-sagrat-cor-se-solidaritzara-el-2024-amb-dones-amb-malaltia-mental-altament-vulnerables-a-lindia\/\">dones amb malaltia mental altament vulnerables a l\u2019\u00cdndia<\/a>. La primera actuaci\u00f3 va anar de la m\u00e0 de la banda de m\u00fasica Toi &amp; Moi, de la qual el director gerent \u00e9s el bateria, amb un concert de m\u00fasica en directe.<\/p>\n\n\n\n<p>A continuaci\u00f3, es va celebrar el Cor Talent, el ja conegut concurs musical en qu\u00e8 van participar cinc grups formats per personal col\u00b7laborador de l\u2019hospital: Roger Ballesc\u00e0, Four Old Boys, Judith i Oriol, Alasko y Las Pegamoides i SaDrag Cor. Despr\u00e9s de les actuacions, que va presentar l&#8217;infermer Iv\u00e1n Y\u00e1\u00f1ez, el p\u00fablic va poder votar la millor actuaci\u00f3 i la millor posada en escena. Els grups guanyadors van ser SaDrag Cor i Alasko y Las Pegamoides.<\/p>\n\n\n\n<figure class=\"wp-block-image size-large\"><img loading=\"lazy\" decoding=\"async\" width=\"1024\" height=\"674\" src=\"https:\/\/hospitalsagratcormartorell.org\/entre-tots\/wp-content\/uploads\/2024\/06\/vesprada-2-1024x674.png\" alt=\"\" class=\"wp-image-9436\" srcset=\"https:\/\/fundaciohospitalariesmartorell.org\/entre-tots\/wp-content\/uploads\/2024\/06\/vesprada-2-1024x674.png 1024w, https:\/\/fundaciohospitalariesmartorell.org\/entre-tots\/wp-content\/uploads\/2024\/06\/vesprada-2-300x198.png 300w, https:\/\/fundaciohospitalariesmartorell.org\/entre-tots\/wp-content\/uploads\/2024\/06\/vesprada-2-768x506.png 768w, https:\/\/fundaciohospitalariesmartorell.org\/entre-tots\/wp-content\/uploads\/2024\/06\/vesprada-2.png 1042w\" sizes=\"auto, (max-width: 1024px) 100vw, 1024px\" \/><\/figure>\n\n\n\n<p>A m\u00e9s de la solidaritat dels assistents a la vesprada, que van pagar una entrada de 10 euros, diversos prove\u00efdors de l\u2019Hospital van fer donacions, tant en diners com en regals, que es van sortejar entre els compradors de tiquets de la rifa solid\u00e0ria. En total, es va aconseguir recaptar<span style=\"color: var(--theme-palette-color-4, #192a3d);\" class=\"stk-highlight\"><strong> 5.187,50\u20ac<\/strong><\/span>.<\/p>\n\n\n\n<p>La vesprada solid\u00e0ria va acabar amb la segona part del concert de Toi &amp; Moi i amb el lliurament de premis del Cor Talent per part de la superiora i del director gerent de l\u2019hospital.<\/p>\n\n\n\n<p>Accedeix a la galeria completa de fotos i descarrega pel record totes les que vulguis.<\/p>\n\n\n\n<figure class=\"wp-block-embed is-type-rich is-provider-flickr wp-block-embed-flickr\"><div class=\"wp-block-embed__wrapper\">\n<a data-flickr-embed='true' href='https:\/\/www.flickr.com\/photos\/200846637@N07\/albums\/72177720317894546' title='2024 Vesprada Solid\u00e0ria by redsocial.hsagratcor, on Flickr'><img src='https:\/\/live.staticflickr.com\/65535\/53790613789_3ec53f3a9c_b.jpg' width='800' height='600' alt='Vesprada solid\u00e0ria'><\/a><script async src='https:\/\/embedr.flickr.com\/assets\/client-code.js' charset='utf-8'><\/script>\n<\/div><\/figure>\n","protected":false},"excerpt":{"rendered":"<p>Es recapten 5.187,50\u20ac en benefici de les\u00a0dones amb malaltia mental altament vulnerables a l\u2019\u00cdndia La 2a edici\u00f3 de la vesprada solid\u00e0ria va tornar a ser un \u00e8xit, gr\u00e0cies a la participaci\u00f3 i implicaci\u00f3 dels professionals del centre, que van fer gran la jornada. L&#8217;acte va comen\u00e7ar a les 19\u202fh de la m\u00e0 de Sor Isabel [&hellip;]<\/p>\n","protected":false},"author":5,"featured_media":9435,"comment_status":"closed","ping_status":"closed","sticky":false,"template":"","format":"standard","meta":{"footnotes":""},"categories":[27],"tags":[],"class_list":["post-9433","post","type-post","status-publish","format-standard","has-post-thumbnail","hentry","category-actualitat"],"blocksy_meta":[],"featured_image_urls_v2":{"full":["https:\/\/fundaciohospitalariesmartorell.org\/entre-tots\/wp-content\/uploads\/2024\/06\/vesprada-foto.png",1020,636,false],"thumbnail":["https:\/\/fundaciohospitalariesmartorell.org\/entre-tots\/wp-content\/uploads\/2024\/06\/vesprada-foto-150x150.png",150,150,true],"medium":["https:\/\/fundaciohospitalariesmartorell.org\/entre-tots\/wp-content\/uploads\/2024\/06\/vesprada-foto-300x187.png",300,187,true],"medium_large":["https:\/\/fundaciohospitalariesmartorell.org\/entre-tots\/wp-content\/uploads\/2024\/06\/vesprada-foto-768x479.png",768,479,true],"large":["https:\/\/fundaciohospitalariesmartorell.org\/entre-tots\/wp-content\/uploads\/2024\/06\/vesprada-foto.png",1020,636,false],"1536x1536":["https:\/\/fundaciohospitalariesmartorell.org\/entre-tots\/wp-content\/uploads\/2024\/06\/vesprada-foto.png",1020,636,false],"2048x2048":["https:\/\/fundaciohospitalariesmartorell.org\/entre-tots\/wp-content\/uploads\/2024\/06\/vesprada-foto.png",1020,636,false],"mailpoet_newsletter_max":["https:\/\/fundaciohospitalariesmartorell.org\/entre-tots\/wp-content\/uploads\/2024\/06\/vesprada-foto.png",1020,636,false]},"post_excerpt_stackable_v2":"<p>Es recapten 5.187,50\u20ac en benefici de les\u00a0dones amb malaltia mental altament vulnerables a l\u2019\u00cdndia La 2a edici\u00f3 de la vesprada solid\u00e0ria va tornar a ser un \u00e8xit, gr\u00e0cies a la participaci\u00f3 i implicaci\u00f3 dels professionals del centre, que van fer gran la jornada. L&#8217;acte va comen\u00e7ar a les 19\u202fh de la m\u00e0 de Sor Isabel Bl\u00e1zquez i el Dr. Jes\u00fas Ezquerra, que van explicar el desenvolupament de la jornada i el seu objectiu: recaptar fons en benefici de les&nbsp;dones amb malaltia mental altament vulnerables a l\u2019\u00cdndia. La primera actuaci\u00f3 va anar de la m\u00e0 de la banda de m\u00fasica Toi&hellip;<\/p>\n","category_list_v2":"<a href=\"https:\/\/fundaciohospitalariesmartorell.org\/entre-tots\/category\/actualitat\/\" rel=\"category tag\">ACTUALITAT<\/a>","author_info_v2":{"name":"Alba Felip","url":"https:\/\/fundaciohospitalariesmartorell.org\/entre-tots\/author\/afelipr\/"},"comments_num_v2":"0 comments","_links":{"self":[{"href":"https:\/\/fundaciohospitalariesmartorell.org\/entre-tots\/wp-json\/wp\/v2\/posts\/9433","targetHints":{"allow":["GET"]}}],"collection":[{"href":"https:\/\/fundaciohospitalariesmartorell.org\/entre-tots\/wp-json\/wp\/v2\/posts"}],"about":[{"href":"https:\/\/fundaciohospitalariesmartorell.org\/entre-tots\/wp-json\/wp\/v2\/types\/post"}],"author":[{"embeddable":true,"href":"https:\/\/fundaciohospitalariesmartorell.org\/entre-tots\/wp-json\/wp\/v2\/users\/5"}],"replies":[{"embeddable":true,"href":"https:\/\/fundaciohospitalariesmartorell.org\/entre-tots\/wp-json\/wp\/v2\/comments?post=9433"}],"version-history":[{"count":6,"href":"https:\/\/fundaciohospitalariesmartorell.org\/entre-tots\/wp-json\/wp\/v2\/posts\/9433\/revisions"}],"predecessor-version":[{"id":9499,"href":"https:\/\/fundaciohospitalariesmartorell.org\/entre-tots\/wp-json\/wp\/v2\/posts\/9433\/revisions\/9499"}],"wp:featuredmedia":[{"embeddable":true,"href":"https:\/\/fundaciohospitalariesmartorell.org\/entre-tots\/wp-json\/wp\/v2\/media\/9435"}],"wp:attachment":[{"href":"https:\/\/fundaciohospitalariesmartorell.org\/entre-tots\/wp-json\/wp\/v2\/media?parent=9433"}],"wp:term":[{"taxonomy":"category","embeddable":true,"href":"https:\/\/fundaciohospitalariesmartorell.org\/entre-tots\/wp-json\/wp\/v2\/categories?post=9433"},{"taxonomy":"post_tag","embeddable":true,"href":"https:\/\/fundaciohospitalariesmartorell.org\/entre-tots\/wp-json\/wp\/v2\/tags?post=9433"}],"curies":[{"name":"wp","href":"https:\/\/api.w.org\/{rel}","templated":true}]}}