{"id":9441,"date":"2024-06-18T07:23:39","date_gmt":"2024-06-18T06:23:39","guid":{"rendered":"https:\/\/hospitalsagratcormartorell.org\/entre-tots\/?p=9441"},"modified":"2024-06-18T09:28:48","modified_gmt":"2024-06-18T08:28:48","slug":"la-unitat-integral-de-recuperacio-de-poblacio-adulta-amb-tca-suposa-un-nou-recurs-assistencial-per-als-casos-mes-complexos","status":"publish","type":"post","link":"https:\/\/fundaciohospitalariesmartorell.org\/entre-tots\/2024\/06\/la-unitat-integral-de-recuperacio-de-poblacio-adulta-amb-tca-suposa-un-nou-recurs-assistencial-per-als-casos-mes-complexos\/","title":{"rendered":"La Unitat Integral de Recuperaci\u00f3 de poblaci\u00f3 adulta amb TCA suposa un nou recurs assistencial per als casos m\u00e9s complexos"},"content":{"rendered":"\n<figure class=\"wp-block-image size-full\"><img loading=\"lazy\" decoding=\"async\" width=\"1024\" height=\"680\" src=\"https:\/\/hospitalsagratcormartorell.org\/entre-tots\/wp-content\/uploads\/2024\/06\/PSQ-Germanes-Hospitalaries-Martorell_240220_137-1024x680-1.jpg\" alt=\"\" class=\"wp-image-9442\" srcset=\"https:\/\/fundaciohospitalariesmartorell.org\/entre-tots\/wp-content\/uploads\/2024\/06\/PSQ-Germanes-Hospitalaries-Martorell_240220_137-1024x680-1.jpg 1024w, https:\/\/fundaciohospitalariesmartorell.org\/entre-tots\/wp-content\/uploads\/2024\/06\/PSQ-Germanes-Hospitalaries-Martorell_240220_137-1024x680-1-300x199.jpg 300w, https:\/\/fundaciohospitalariesmartorell.org\/entre-tots\/wp-content\/uploads\/2024\/06\/PSQ-Germanes-Hospitalaries-Martorell_240220_137-1024x680-1-768x510.jpg 768w\" sizes=\"auto, (max-width: 1024px) 100vw, 1024px\" \/><\/figure>\n\n\n\n<p>El <a href=\"https:\/\/govern.cat\/salapremsa\/notes-premsa\/616942\/salut-impulsa-unitat-pionera-tractar-poblacio-adulta-trastorns-conducta-alimentaria-dalta-complexitat-llarga-durada\">Departament de Salut<\/a> ha impulsat la primera unitat per tractar poblaci\u00f3 adulta amb trastorns de la conducta aliment\u00e0ria (TCA) d\u2019alta complexitat i llarga durada, ubicada a l\u2019Hospital Sagrat Cor. Es tracta d\u2019una iniciativa que ofereix un model innovador d\u2019atenci\u00f3 a la cronicitat i que s\u2019emmarca en el pla de xoc per millorar l\u2019atenci\u00f3, la detecci\u00f3, el diagn\u00f2stic i la prevenci\u00f3 dels trastorns de la conducta aliment\u00e0ria, que s\u2019han vist agreujats els darrers anys i especialment despr\u00e9s de la pand\u00e8mia. La unitat es va posar en marxa el passat mes de desembre.<\/p>\n\n\n\n<p>Aquest recurs assistencial dona servei a tot Catalunya i \u00e9s gestionat de manera conjunta per l\u2019Hospital Sagrat Cor i l\u2019Hospital Universitari de Bellvitge, que \u00e9s el responsable de la seva direcci\u00f3 assistencial i cient\u00edfica. Es diferencia de les unitats de TCA (UTCA) pel fet d\u2019oferir a persones adultes amb TCA una hospitalitzaci\u00f3 de mitjana estada (de 3 a 4 mesos).<\/p>\n\n\n\n<p>\u201cEls i les pacients de la nova unitat pateixen el trastorn des de fa m\u00e9s de deu anys i han exhaurit altres unitats o dispositius de trastorns alimentaris previs. D\u2019aquesta manera, oferim una nova esperan\u00e7a de recuperaci\u00f3 a persones que pr\u00e0cticament ja l\u2019havien perduda del tot\u201d,\u00a0explica el Dr. Fernando Fern\u00e1ndez Aranda, encarregat de dirigir l\u2019\u00c0rea de TCA Bellvitge-Sagrat Cor, on s\u2019emmarca la nova unitat.<\/p>\n\n\n\n<h2 class=\"wp-block-heading\">Un nou tipus de recurs assistencial<\/h2>\n\n\n\n<p>La difer\u00e8ncia entre aquesta unitat i les de TCA (UTCA) \u00e9s que en aquest cas s\u2019ofereix a persones adultes una hospitalitzaci\u00f3 de mitjana estada, de tres a quatre mesos, i un tractament intensiu i integral on, a banda de treballar aspectes d\u2019alimentaci\u00f3 o de pes, s\u2019aborden els factors psicosocials associats a la patologia. Aix\u00ed, a m\u00e9s de la recuperaci\u00f3 de pes i nutricional de la persona, es du a terme un abordatge en l&#8217;\u00e0mbit psicoterap\u00e8utic centrat, inicialment, a treballar el vincle terap\u00e8utic i la motivaci\u00f3 al canvi. En una segona fase, s\u2019estableixen uns objectius i es crea un pla terap\u00e8utic personalitzat, en el qual es treballen t\u00e8cniques d\u2019empoderament personal, de ter\u00e0pia familiar, etc.<\/p>\n\n\n\n<p>\u201cTenim grups terap\u00e8utics de mindfulness, regulaci\u00f3 emocional, imatge corporal, rehabilitaci\u00f3 cognitiva, habilitats socials, reestructuraci\u00f3 cognitiva, autoconeixement personal, ergoter\u00e0pia, que \u00e9s la ter\u00e0pia a trav\u00e9s de l\u2019art\u2026 i tamb\u00e9 es duen a terme tallers psicoeducatius, d\u2019autocura i d\u2019oci\u201d, descriu la Dra. Nuria Jaurrieta Guarner, coordinadora de la Unitat. En una \u00faltima fase, on es va flexibilitzant l\u2019ingr\u00e9s a trav\u00e9s de permisos i vinculaci\u00f3 sociolaboral i funcional, es treballa la nova vinculaci\u00f3 a la UTCA de refer\u00e8ncia i als recursos comunitaris necessaris.<\/p>\n\n\n\n<figure class=\"wp-block-image size-large\"><img loading=\"lazy\" decoding=\"async\" width=\"1024\" height=\"680\" src=\"https:\/\/hospitalsagratcormartorell.org\/entre-tots\/wp-content\/uploads\/2024\/06\/PSQ-Germanes-Hospitalaries-Martorell_240220_86-1024x680.jpg\" alt=\"\" class=\"wp-image-9444\" srcset=\"https:\/\/fundaciohospitalariesmartorell.org\/entre-tots\/wp-content\/uploads\/2024\/06\/PSQ-Germanes-Hospitalaries-Martorell_240220_86-1024x680.jpg 1024w, https:\/\/fundaciohospitalariesmartorell.org\/entre-tots\/wp-content\/uploads\/2024\/06\/PSQ-Germanes-Hospitalaries-Martorell_240220_86-300x199.jpg 300w, https:\/\/fundaciohospitalariesmartorell.org\/entre-tots\/wp-content\/uploads\/2024\/06\/PSQ-Germanes-Hospitalaries-Martorell_240220_86-768x510.jpg 768w, https:\/\/fundaciohospitalariesmartorell.org\/entre-tots\/wp-content\/uploads\/2024\/06\/PSQ-Germanes-Hospitalaries-Martorell_240220_86-1536x1020.jpg 1536w, https:\/\/fundaciohospitalariesmartorell.org\/entre-tots\/wp-content\/uploads\/2024\/06\/PSQ-Germanes-Hospitalaries-Martorell_240220_86-2048x1359.jpg 2048w, https:\/\/fundaciohospitalariesmartorell.org\/entre-tots\/wp-content\/uploads\/2024\/06\/PSQ-Germanes-Hospitalaries-Martorell_240220_86-1320x876.jpg 1320w\" sizes=\"auto, (max-width: 1024px) 100vw, 1024px\" \/><\/figure>\n\n\n\n<p>A fi d\u2019afavorir la vinculaci\u00f3 de la persona amb els recursos comunitaris, aquest dispositiu es coordinar\u00e0 amb les UTCA existents, amb un contacte peri\u00f2dic entre ambd\u00f3s recursos, que garanteixi la continu\u00eftat assistencial a l\u2019ingr\u00e9s, durant el tractament i el proc\u00e9s de transici\u00f3 a l\u2019alta i el seu retorn a la UTCA. Des del mes de gener, ja s\u2019han anat produint les primeres derivacions i s\u2019espera un increment esglaonat a mesura que es vagi coneixent l\u2019exist\u00e8ncia d\u2019aquest nou dispositiu.<\/p>\n\n\n\n<p>Per poder prestar aquesta atenci\u00f3 integral, la Unitat Integral de Recuperaci\u00f3 de poblaci\u00f3 adulta amb TCA d\u2019alta complexitat i durada disposa d&#8217;un equip multidisciplinari integrat per professionals de treball social, ter\u00e0pia ocupacional, fisioter\u00e0pia, infermeria, psicologia i psiquiatria. Tamb\u00e9 rebr\u00e0 el suport d\u2019un \/ una metge internista i nutricionista.<\/p>\n\n\n\n<h2 class=\"wp-block-heading\">Alian\u00e7a estrat\u00e8gica en el camp dels trastorns de la conducta aliment\u00e0ria<\/h2>\n\n\n\n<p>La cooperaci\u00f3 en el maneig dels casos de TCA entre la UTCA de l&#8217;Hospital Universitari de Bellvitge i els serveis de salut mental comunitaris de l&#8217;Hospital Sagrat Cor es remunta a molts anys enrere. El 2019, es va normalitzar per mitj\u00e0 de la signatura d\u2019un conveni estrat\u00e8gic de col\u00b7laboraci\u00f3 entre les dues institucions.<\/p>\n\n\n\n<p>\u201cAquest precedent de treball conjunt en el camp dels TCA, juntament amb les condicions favorables que ha propiciat el Departament de Salut, afegit a la disponibilitat d\u2019un nou edifici assistencial al nostre Hospital, han fet possible aquesta alian\u00e7a estrat\u00e8gica per desenvolupar un projecte assistencial conjunt, on cada centre aporta la seva expertesa en l&#8217;\u00e0mbit de la salut mental hospital\u00e0ria i comunit\u00e0ria i en el maneig d\u2019aquests trastorns\u201d, destaca el doctor Carles Franquelo-Cruz, director m\u00e8dic de l\u2019Hospital Sagrat Cor de Germanes Hospital\u00e0ries.<\/p>\n\n\n\n<p>La finalitat de tots els actors implicats en la iniciativa \u00e9s que aquest dispositiu assistencial sigui un centre de refer\u00e8ncia per tractar persones ateses amb TCA de llarga evoluci\u00f3 i gravetat, aix\u00ed com que esdevingui una unitat docent i de recerca reconeguda.<\/p>\n\n\n\n<figure class=\"wp-block-embed is-type-video is-provider-youtube wp-block-embed-youtube wp-embed-aspect-16-9 wp-has-aspect-ratio\"><div class=\"wp-block-embed__wrapper\">\n<iframe loading=\"lazy\" title=\"Unitat Integral de Recuperaci\u00f3 de poblaci\u00f3 adulta amb TCA d&#039;alta complexitat i durada\" width=\"1290\" height=\"726\" src=\"https:\/\/www.youtube.com\/embed\/xmoRjWie5kk?feature=oembed\" frameborder=\"0\" allow=\"accelerometer; autoplay; clipboard-write; encrypted-media; gyroscope; picture-in-picture; web-share\" referrerpolicy=\"strict-origin-when-cross-origin\" allowfullscreen><\/iframe>\n<\/div><\/figure>\n","protected":false},"excerpt":{"rendered":"<p>El Departament de Salut ha impulsat la primera unitat per tractar poblaci\u00f3 adulta amb trastorns de la conducta aliment\u00e0ria (TCA) d\u2019alta complexitat i llarga durada, ubicada a l\u2019Hospital Sagrat Cor. Es tracta d\u2019una iniciativa que ofereix un model innovador d\u2019atenci\u00f3 a la cronicitat i que s\u2019emmarca en el pla de xoc per millorar l\u2019atenci\u00f3, la [&hellip;]<\/p>\n","protected":false},"author":5,"featured_media":9442,"comment_status":"closed","ping_status":"closed","sticky":false,"template":"","format":"standard","meta":{"footnotes":""},"categories":[27],"tags":[],"class_list":["post-9441","post","type-post","status-publish","format-standard","has-post-thumbnail","hentry","category-actualitat"],"blocksy_meta":[],"featured_image_urls_v2":{"full":["https:\/\/fundaciohospitalariesmartorell.org\/entre-tots\/wp-content\/uploads\/2024\/06\/PSQ-Germanes-Hospitalaries-Martorell_240220_137-1024x680-1.jpg",1024,680,false],"thumbnail":["https:\/\/fundaciohospitalariesmartorell.org\/entre-tots\/wp-content\/uploads\/2024\/06\/PSQ-Germanes-Hospitalaries-Martorell_240220_137-1024x680-1-150x150.jpg",150,150,true],"medium":["https:\/\/fundaciohospitalariesmartorell.org\/entre-tots\/wp-content\/uploads\/2024\/06\/PSQ-Germanes-Hospitalaries-Martorell_240220_137-1024x680-1-300x199.jpg",300,199,true],"medium_large":["https:\/\/fundaciohospitalariesmartorell.org\/entre-tots\/wp-content\/uploads\/2024\/06\/PSQ-Germanes-Hospitalaries-Martorell_240220_137-1024x680-1-768x510.jpg",768,510,true],"large":["https:\/\/fundaciohospitalariesmartorell.org\/entre-tots\/wp-content\/uploads\/2024\/06\/PSQ-Germanes-Hospitalaries-Martorell_240220_137-1024x680-1.jpg",1024,680,false],"1536x1536":["https:\/\/fundaciohospitalariesmartorell.org\/entre-tots\/wp-content\/uploads\/2024\/06\/PSQ-Germanes-Hospitalaries-Martorell_240220_137-1024x680-1.jpg",1024,680,false],"2048x2048":["https:\/\/fundaciohospitalariesmartorell.org\/entre-tots\/wp-content\/uploads\/2024\/06\/PSQ-Germanes-Hospitalaries-Martorell_240220_137-1024x680-1.jpg",1024,680,false],"mailpoet_newsletter_max":["https:\/\/fundaciohospitalariesmartorell.org\/entre-tots\/wp-content\/uploads\/2024\/06\/PSQ-Germanes-Hospitalaries-Martorell_240220_137-1024x680-1.jpg",1024,680,false]},"post_excerpt_stackable_v2":"<p>El Departament de Salut ha impulsat la primera unitat per tractar poblaci\u00f3 adulta amb trastorns de la conducta aliment\u00e0ria (TCA) d\u2019alta complexitat i llarga durada, ubicada a l\u2019Hospital Sagrat Cor. Es tracta d\u2019una iniciativa que ofereix un model innovador d\u2019atenci\u00f3 a la cronicitat i que s\u2019emmarca en el pla de xoc per millorar l\u2019atenci\u00f3, la detecci\u00f3, el diagn\u00f2stic i la prevenci\u00f3 dels trastorns de la conducta aliment\u00e0ria, que s\u2019han vist agreujats els darrers anys i especialment despr\u00e9s de la pand\u00e8mia. La unitat es va posar en marxa el passat mes de desembre. Aquest recurs assistencial dona servei a tot Catalunya&hellip;<\/p>\n","category_list_v2":"<a href=\"https:\/\/fundaciohospitalariesmartorell.org\/entre-tots\/category\/actualitat\/\" rel=\"category tag\">ACTUALITAT<\/a>","author_info_v2":{"name":"Alba Felip","url":"https:\/\/fundaciohospitalariesmartorell.org\/entre-tots\/author\/afelipr\/"},"comments_num_v2":"0 comments","_links":{"self":[{"href":"https:\/\/fundaciohospitalariesmartorell.org\/entre-tots\/wp-json\/wp\/v2\/posts\/9441","targetHints":{"allow":["GET"]}}],"collection":[{"href":"https:\/\/fundaciohospitalariesmartorell.org\/entre-tots\/wp-json\/wp\/v2\/posts"}],"about":[{"href":"https:\/\/fundaciohospitalariesmartorell.org\/entre-tots\/wp-json\/wp\/v2\/types\/post"}],"author":[{"embeddable":true,"href":"https:\/\/fundaciohospitalariesmartorell.org\/entre-tots\/wp-json\/wp\/v2\/users\/5"}],"replies":[{"embeddable":true,"href":"https:\/\/fundaciohospitalariesmartorell.org\/entre-tots\/wp-json\/wp\/v2\/comments?post=9441"}],"version-history":[{"count":3,"href":"https:\/\/fundaciohospitalariesmartorell.org\/entre-tots\/wp-json\/wp\/v2\/posts\/9441\/revisions"}],"predecessor-version":[{"id":9459,"href":"https:\/\/fundaciohospitalariesmartorell.org\/entre-tots\/wp-json\/wp\/v2\/posts\/9441\/revisions\/9459"}],"wp:featuredmedia":[{"embeddable":true,"href":"https:\/\/fundaciohospitalariesmartorell.org\/entre-tots\/wp-json\/wp\/v2\/media\/9442"}],"wp:attachment":[{"href":"https:\/\/fundaciohospitalariesmartorell.org\/entre-tots\/wp-json\/wp\/v2\/media?parent=9441"}],"wp:term":[{"taxonomy":"category","embeddable":true,"href":"https:\/\/fundaciohospitalariesmartorell.org\/entre-tots\/wp-json\/wp\/v2\/categories?post=9441"},{"taxonomy":"post_tag","embeddable":true,"href":"https:\/\/fundaciohospitalariesmartorell.org\/entre-tots\/wp-json\/wp\/v2\/tags?post=9441"}],"curies":[{"name":"wp","href":"https:\/\/api.w.org\/{rel}","templated":true}]}}