{"id":9446,"date":"2024-06-18T07:37:19","date_gmt":"2024-06-18T06:37:19","guid":{"rendered":"https:\/\/hospitalsagratcormartorell.org\/entre-tots\/?p=9446"},"modified":"2024-06-18T07:37:32","modified_gmt":"2024-06-18T06:37:32","slug":"lodissea-de-ressorgir-del-trastorn-alimentari-que-senquista-mestava-matant","status":"publish","type":"post","link":"https:\/\/fundaciohospitalariesmartorell.org\/entre-tots\/2024\/06\/lodissea-de-ressorgir-del-trastorn-alimentari-que-senquista-mestava-matant\/","title":{"rendered":"L&#8217;odissea de ressorgir del trastorn alimentari que s&#8217;enquista: \u201cM&#8217;estava matant\u201d"},"content":{"rendered":"\n<figure class=\"wp-block-image size-large\"><img loading=\"lazy\" decoding=\"async\" width=\"1024\" height=\"723\" src=\"https:\/\/hospitalsagratcormartorell.org\/entre-tots\/wp-content\/uploads\/2024\/06\/Captura-de-pantalla-2024-06-18-083202-1024x723.png\" alt=\"\" class=\"wp-image-9447\" srcset=\"https:\/\/fundaciohospitalariesmartorell.org\/entre-tots\/wp-content\/uploads\/2024\/06\/Captura-de-pantalla-2024-06-18-083202-1024x723.png 1024w, https:\/\/fundaciohospitalariesmartorell.org\/entre-tots\/wp-content\/uploads\/2024\/06\/Captura-de-pantalla-2024-06-18-083202-300x212.png 300w, https:\/\/fundaciohospitalariesmartorell.org\/entre-tots\/wp-content\/uploads\/2024\/06\/Captura-de-pantalla-2024-06-18-083202-768x542.png 768w, https:\/\/fundaciohospitalariesmartorell.org\/entre-tots\/wp-content\/uploads\/2024\/06\/Captura-de-pantalla-2024-06-18-083202.png 1150w\" sizes=\"auto, (max-width: 1024px) 100vw, 1024px\" \/><\/figure>\n\n\n\n<p>El diari El Pa\u00eds s&#8217;ha fet ress\u00f3 dels testimonis de Bego\u00f1a i Edurne, dues usu\u00e0ries de la <a href=\"https:\/\/hospitalsagratcormartorell.org\/entre-tots\/2024\/06\/la-unitat-integral-de-recuperacio-de-poblacio-adulta-amb-tca-suposa-un-nou-recurs-assistencial-per-als-casos-mes-complexos\/\" data-type=\"post\" data-id=\"9441\">Unitat Integral de Rehabilitaci\u00f3<\/a> que han volgut compartir el seu testimoni d&#8217;esperan\u00e7a amb el nou model terap\u00e8utic per a tractar a les pacients amb una malaltia resistent de molts anys d&#8217;evoluci\u00f3 que s&#8217;est\u00e0 desenvolupant al nostre hospital en alian\u00e7a amb Bellvitge.<\/p>\n\n\n\n<p>Podeu llegir l&#8217;article, <a href=\"https:\/\/elpais.com\/salud-y-bienestar\/2024-06-18\/la-odisea-de-resurgir-del-trastorno-alimentario-que-se-enquista-me-estaba-matando.html#\">aqu\u00ed<\/a>.<\/p>\n","protected":false},"excerpt":{"rendered":"<p>El diari El Pa\u00eds s&#8217;ha fet ress\u00f3 dels testimonis de Bego\u00f1a i Edurne, dues usu\u00e0ries de la Unitat Integral de Rehabilitaci\u00f3 que han volgut compartir el seu testimoni d&#8217;esperan\u00e7a amb el nou model terap\u00e8utic per a tractar a les pacients amb una malaltia resistent de molts anys d&#8217;evoluci\u00f3 que s&#8217;est\u00e0 desenvolupant al nostre hospital en [&hellip;]<\/p>\n","protected":false},"author":5,"featured_media":9447,"comment_status":"closed","ping_status":"closed","sticky":false,"template":"","format":"standard","meta":{"footnotes":""},"categories":[44],"tags":[],"class_list":["post-9446","post","type-post","status-publish","format-standard","has-post-thumbnail","hentry","category-entre-noticies"],"blocksy_meta":[],"featured_image_urls_v2":{"full":["https:\/\/fundaciohospitalariesmartorell.org\/entre-tots\/wp-content\/uploads\/2024\/06\/Captura-de-pantalla-2024-06-18-083202.png",1150,812,false],"thumbnail":["https:\/\/fundaciohospitalariesmartorell.org\/entre-tots\/wp-content\/uploads\/2024\/06\/Captura-de-pantalla-2024-06-18-083202-150x150.png",150,150,true],"medium":["https:\/\/fundaciohospitalariesmartorell.org\/entre-tots\/wp-content\/uploads\/2024\/06\/Captura-de-pantalla-2024-06-18-083202-300x212.png",300,212,true],"medium_large":["https:\/\/fundaciohospitalariesmartorell.org\/entre-tots\/wp-content\/uploads\/2024\/06\/Captura-de-pantalla-2024-06-18-083202-768x542.png",768,542,true],"large":["https:\/\/fundaciohospitalariesmartorell.org\/entre-tots\/wp-content\/uploads\/2024\/06\/Captura-de-pantalla-2024-06-18-083202-1024x723.png",1024,723,true],"1536x1536":["https:\/\/fundaciohospitalariesmartorell.org\/entre-tots\/wp-content\/uploads\/2024\/06\/Captura-de-pantalla-2024-06-18-083202.png",1150,812,false],"2048x2048":["https:\/\/fundaciohospitalariesmartorell.org\/entre-tots\/wp-content\/uploads\/2024\/06\/Captura-de-pantalla-2024-06-18-083202.png",1150,812,false],"mailpoet_newsletter_max":["https:\/\/fundaciohospitalariesmartorell.org\/entre-tots\/wp-content\/uploads\/2024\/06\/Captura-de-pantalla-2024-06-18-083202.png",1150,812,false]},"post_excerpt_stackable_v2":"<p>El diari El Pa\u00eds s&#8217;ha fet ress\u00f3 dels testimonis de Bego\u00f1a i Edurne, dues usu\u00e0ries de la Unitat Integral de Rehabilitaci\u00f3 que han volgut compartir el seu testimoni d&#8217;esperan\u00e7a amb el nou model terap\u00e8utic per a tractar a les pacients amb una malaltia resistent de molts anys d&#8217;evoluci\u00f3 que s&#8217;est\u00e0 desenvolupant al nostre hospital en alian\u00e7a amb Bellvitge. Podeu llegir l&#8217;article, aqu\u00ed.<\/p>\n","category_list_v2":"<a href=\"https:\/\/fundaciohospitalariesmartorell.org\/entre-tots\/category\/entre-noticies\/\" rel=\"category tag\">ENTRE NOT\u00cdCIES<\/a>","author_info_v2":{"name":"Alba Felip","url":"https:\/\/fundaciohospitalariesmartorell.org\/entre-tots\/author\/afelipr\/"},"comments_num_v2":"0 comments","_links":{"self":[{"href":"https:\/\/fundaciohospitalariesmartorell.org\/entre-tots\/wp-json\/wp\/v2\/posts\/9446","targetHints":{"allow":["GET"]}}],"collection":[{"href":"https:\/\/fundaciohospitalariesmartorell.org\/entre-tots\/wp-json\/wp\/v2\/posts"}],"about":[{"href":"https:\/\/fundaciohospitalariesmartorell.org\/entre-tots\/wp-json\/wp\/v2\/types\/post"}],"author":[{"embeddable":true,"href":"https:\/\/fundaciohospitalariesmartorell.org\/entre-tots\/wp-json\/wp\/v2\/users\/5"}],"replies":[{"embeddable":true,"href":"https:\/\/fundaciohospitalariesmartorell.org\/entre-tots\/wp-json\/wp\/v2\/comments?post=9446"}],"version-history":[{"count":1,"href":"https:\/\/fundaciohospitalariesmartorell.org\/entre-tots\/wp-json\/wp\/v2\/posts\/9446\/revisions"}],"predecessor-version":[{"id":9448,"href":"https:\/\/fundaciohospitalariesmartorell.org\/entre-tots\/wp-json\/wp\/v2\/posts\/9446\/revisions\/9448"}],"wp:featuredmedia":[{"embeddable":true,"href":"https:\/\/fundaciohospitalariesmartorell.org\/entre-tots\/wp-json\/wp\/v2\/media\/9447"}],"wp:attachment":[{"href":"https:\/\/fundaciohospitalariesmartorell.org\/entre-tots\/wp-json\/wp\/v2\/media?parent=9446"}],"wp:term":[{"taxonomy":"category","embeddable":true,"href":"https:\/\/fundaciohospitalariesmartorell.org\/entre-tots\/wp-json\/wp\/v2\/categories?post=9446"},{"taxonomy":"post_tag","embeddable":true,"href":"https:\/\/fundaciohospitalariesmartorell.org\/entre-tots\/wp-json\/wp\/v2\/tags?post=9446"}],"curies":[{"name":"wp","href":"https:\/\/api.w.org\/{rel}","templated":true}]}}