{"id":9449,"date":"2024-06-18T07:42:56","date_gmt":"2024-06-18T06:42:56","guid":{"rendered":"https:\/\/hospitalsagratcormartorell.org\/entre-tots\/?p=9449"},"modified":"2024-06-18T07:56:56","modified_gmt":"2024-06-18T06:56:56","slug":"proven-un-tractament-pioner-a-europa-de-tca-en-adults-fas-un-clic-que-ho-canvia-tot","status":"publish","type":"post","link":"https:\/\/fundaciohospitalariesmartorell.org\/entre-tots\/2024\/06\/proven-un-tractament-pioner-a-europa-de-tca-en-adults-fas-un-clic-que-ho-canvia-tot\/","title":{"rendered":"Proven un tractament pioner a Europa de TCA en adults: &#8220;Fas un clic que ho canvia tot&#8221;"},"content":{"rendered":"\n<figure class=\"wp-block-image size-full\"><img loading=\"lazy\" decoding=\"async\" width=\"668\" height=\"372\" src=\"https:\/\/hospitalsagratcormartorell.org\/entre-tots\/wp-content\/uploads\/2024\/06\/Captura-de-pantalla-2024-06-18-084159.png\" alt=\"\" class=\"wp-image-9450\" srcset=\"https:\/\/fundaciohospitalariesmartorell.org\/entre-tots\/wp-content\/uploads\/2024\/06\/Captura-de-pantalla-2024-06-18-084159.png 668w, https:\/\/fundaciohospitalariesmartorell.org\/entre-tots\/wp-content\/uploads\/2024\/06\/Captura-de-pantalla-2024-06-18-084159-300x167.png 300w\" sizes=\"auto, (max-width: 668px) 100vw, 668px\" \/><\/figure>\n\n\n\n<p>La Thais i la Claudia son les protagonistes del reportatge que TV3 ha dedicat a la<a href=\"https:\/\/hospitalsagratcormartorell.org\/entre-tots\/2024\/06\/la-unitat-integral-de-recuperacio-de-poblacio-adulta-amb-tca-suposa-un-nou-recurs-assistencial-per-als-casos-mes-complexos\/\" data-type=\"post\" data-id=\"9441\"> UIR de TCA<\/a>, la unitat pionera a Europa d&#8217;ingr\u00e9s de llarga durada per a adults amb trastorns de conducta aliment\u00e0ria que tenim al nostre hospital en alian\u00e7a amb Bellvitge.<\/p>\n\n\n\n<p>Les pacients diuen que la malaltia \u00e9s una veu que les sotmet i fa que se sentin petites. Per silenciar aquesta veu han aturat les seves vides i feines. Totes s\u00f3n ja adultes i han ingressat volunt\u00e0riament a la unitat.<\/p>\n\n\n\n<p>Podeu veure el v\u00eddeo,<a href=\"https:\/\/www.ccma.cat\/3cat\/unitat-pionera-per-tractar-trastorns-de-la-conducta-alimentaria-cronificats\/video\/6288280\/\"> aqu\u00ed.<\/a><\/p>\n\n\n\n<p><\/p>\n","protected":false},"excerpt":{"rendered":"<p>La Thais i la Claudia son les protagonistes del reportatge que TV3 ha dedicat a la UIR de TCA, la unitat pionera a Europa d&#8217;ingr\u00e9s de llarga durada per a adults amb trastorns de conducta aliment\u00e0ria que tenim al nostre hospital en alian\u00e7a amb Bellvitge. Les pacients diuen que la malaltia \u00e9s una veu que [&hellip;]<\/p>\n","protected":false},"author":5,"featured_media":9450,"comment_status":"closed","ping_status":"closed","sticky":false,"template":"","format":"standard","meta":{"footnotes":""},"categories":[44],"tags":[],"class_list":["post-9449","post","type-post","status-publish","format-standard","has-post-thumbnail","hentry","category-entre-noticies"],"blocksy_meta":[],"featured_image_urls_v2":{"full":["https:\/\/fundaciohospitalariesmartorell.org\/entre-tots\/wp-content\/uploads\/2024\/06\/Captura-de-pantalla-2024-06-18-084159.png",668,372,false],"thumbnail":["https:\/\/fundaciohospitalariesmartorell.org\/entre-tots\/wp-content\/uploads\/2024\/06\/Captura-de-pantalla-2024-06-18-084159-150x150.png",150,150,true],"medium":["https:\/\/fundaciohospitalariesmartorell.org\/entre-tots\/wp-content\/uploads\/2024\/06\/Captura-de-pantalla-2024-06-18-084159-300x167.png",300,167,true],"medium_large":["https:\/\/fundaciohospitalariesmartorell.org\/entre-tots\/wp-content\/uploads\/2024\/06\/Captura-de-pantalla-2024-06-18-084159.png",668,372,false],"large":["https:\/\/fundaciohospitalariesmartorell.org\/entre-tots\/wp-content\/uploads\/2024\/06\/Captura-de-pantalla-2024-06-18-084159.png",668,372,false],"1536x1536":["https:\/\/fundaciohospitalariesmartorell.org\/entre-tots\/wp-content\/uploads\/2024\/06\/Captura-de-pantalla-2024-06-18-084159.png",668,372,false],"2048x2048":["https:\/\/fundaciohospitalariesmartorell.org\/entre-tots\/wp-content\/uploads\/2024\/06\/Captura-de-pantalla-2024-06-18-084159.png",668,372,false],"mailpoet_newsletter_max":["https:\/\/fundaciohospitalariesmartorell.org\/entre-tots\/wp-content\/uploads\/2024\/06\/Captura-de-pantalla-2024-06-18-084159.png",668,372,false]},"post_excerpt_stackable_v2":"<p>La Thais i la Claudia son les protagonistes del reportatge que TV3 ha dedicat a la UIR de TCA, la unitat pionera a Europa d&#8217;ingr\u00e9s de llarga durada per a adults amb trastorns de conducta aliment\u00e0ria que tenim al nostre hospital en alian\u00e7a amb Bellvitge. Les pacients diuen que la malaltia \u00e9s una veu que les sotmet i fa que se sentin petites. Per silenciar aquesta veu han aturat les seves vides i feines. Totes s\u00f3n ja adultes i han ingressat volunt\u00e0riament a la unitat. Podeu veure el v\u00eddeo, aqu\u00ed.<\/p>\n","category_list_v2":"<a href=\"https:\/\/fundaciohospitalariesmartorell.org\/entre-tots\/category\/entre-noticies\/\" rel=\"category tag\">ENTRE NOT\u00cdCIES<\/a>","author_info_v2":{"name":"Alba Felip","url":"https:\/\/fundaciohospitalariesmartorell.org\/entre-tots\/author\/afelipr\/"},"comments_num_v2":"0 comments","_links":{"self":[{"href":"https:\/\/fundaciohospitalariesmartorell.org\/entre-tots\/wp-json\/wp\/v2\/posts\/9449","targetHints":{"allow":["GET"]}}],"collection":[{"href":"https:\/\/fundaciohospitalariesmartorell.org\/entre-tots\/wp-json\/wp\/v2\/posts"}],"about":[{"href":"https:\/\/fundaciohospitalariesmartorell.org\/entre-tots\/wp-json\/wp\/v2\/types\/post"}],"author":[{"embeddable":true,"href":"https:\/\/fundaciohospitalariesmartorell.org\/entre-tots\/wp-json\/wp\/v2\/users\/5"}],"replies":[{"embeddable":true,"href":"https:\/\/fundaciohospitalariesmartorell.org\/entre-tots\/wp-json\/wp\/v2\/comments?post=9449"}],"version-history":[{"count":2,"href":"https:\/\/fundaciohospitalariesmartorell.org\/entre-tots\/wp-json\/wp\/v2\/posts\/9449\/revisions"}],"predecessor-version":[{"id":9453,"href":"https:\/\/fundaciohospitalariesmartorell.org\/entre-tots\/wp-json\/wp\/v2\/posts\/9449\/revisions\/9453"}],"wp:featuredmedia":[{"embeddable":true,"href":"https:\/\/fundaciohospitalariesmartorell.org\/entre-tots\/wp-json\/wp\/v2\/media\/9450"}],"wp:attachment":[{"href":"https:\/\/fundaciohospitalariesmartorell.org\/entre-tots\/wp-json\/wp\/v2\/media?parent=9449"}],"wp:term":[{"taxonomy":"category","embeddable":true,"href":"https:\/\/fundaciohospitalariesmartorell.org\/entre-tots\/wp-json\/wp\/v2\/categories?post=9449"},{"taxonomy":"post_tag","embeddable":true,"href":"https:\/\/fundaciohospitalariesmartorell.org\/entre-tots\/wp-json\/wp\/v2\/tags?post=9449"}],"curies":[{"name":"wp","href":"https:\/\/api.w.org\/{rel}","templated":true}]}}