{"id":9454,"date":"2024-06-18T08:00:52","date_gmt":"2024-06-18T07:00:52","guid":{"rendered":"https:\/\/hospitalsagratcormartorell.org\/entre-tots\/?p=9454"},"modified":"2024-06-18T08:01:01","modified_gmt":"2024-06-18T07:01:01","slug":"tve-pla-de-xoc-contra-els-trastorns-alimentaris-que-es-fan-cronics","status":"publish","type":"post","link":"https:\/\/fundaciohospitalariesmartorell.org\/entre-tots\/2024\/06\/tve-pla-de-xoc-contra-els-trastorns-alimentaris-que-es-fan-cronics\/","title":{"rendered":"TVE &#8211; Pla de xoc contra els trastorns alimentaris que es fan cr\u00f2nics"},"content":{"rendered":"\n<figure class=\"wp-block-image aligncenter size-full\"><img loading=\"lazy\" decoding=\"async\" width=\"560\" height=\"315\" src=\"https:\/\/hospitalsagratcormartorell.org\/entre-tots\/wp-content\/uploads\/2024\/06\/Captura-de-pantalla-2024-06-18-085908.png\" alt=\"\" class=\"wp-image-9455\" srcset=\"https:\/\/fundaciohospitalariesmartorell.org\/entre-tots\/wp-content\/uploads\/2024\/06\/Captura-de-pantalla-2024-06-18-085908.png 560w, https:\/\/fundaciohospitalariesmartorell.org\/entre-tots\/wp-content\/uploads\/2024\/06\/Captura-de-pantalla-2024-06-18-085908-300x169.png 300w\" sizes=\"auto, (max-width: 560px) 100vw, 560px\" \/><\/figure>\n\n\n\n<p>TVE ha vingut a la Unitat de Rehabilitaci\u00f3 Integral de TCA i ha fet un magn\u00edfic reportatge sobre aquesta unitat, pionera a Europa, per a persones que fa m\u00e9s d&#8217;una d\u00e8cada pateixen la malaltia.<\/p>\n\n\n\n<p>Podeu veure el v\u00eddeo, <a href=\"https:\/\/x.com\/rtvenoticies\/status\/1802709272666489340?s=48&amp;t=gi4AtPtXS0WVUpchuxcppg\" data-type=\"link\" data-id=\"https:\/\/x.com\/rtvenoticies\/status\/1802709272666489340?s=48&amp;t=gi4AtPtXS0WVUpchuxcppg\">aqu\u00ed<\/a>. <\/p>\n","protected":false},"excerpt":{"rendered":"<p>TVE ha vingut a la Unitat de Rehabilitaci\u00f3 Integral de TCA i ha fet un magn\u00edfic reportatge sobre aquesta unitat, pionera a Europa, per a persones que fa m\u00e9s d&#8217;una d\u00e8cada pateixen la malaltia. Podeu veure el v\u00eddeo, aqu\u00ed.<\/p>\n","protected":false},"author":5,"featured_media":9455,"comment_status":"closed","ping_status":"closed","sticky":false,"template":"","format":"standard","meta":{"footnotes":""},"categories":[44],"tags":[],"class_list":["post-9454","post","type-post","status-publish","format-standard","has-post-thumbnail","hentry","category-entre-noticies"],"blocksy_meta":[],"featured_image_urls_v2":{"full":["https:\/\/fundaciohospitalariesmartorell.org\/entre-tots\/wp-content\/uploads\/2024\/06\/Captura-de-pantalla-2024-06-18-085908.png",560,315,false],"thumbnail":["https:\/\/fundaciohospitalariesmartorell.org\/entre-tots\/wp-content\/uploads\/2024\/06\/Captura-de-pantalla-2024-06-18-085908-150x150.png",150,150,true],"medium":["https:\/\/fundaciohospitalariesmartorell.org\/entre-tots\/wp-content\/uploads\/2024\/06\/Captura-de-pantalla-2024-06-18-085908-300x169.png",300,169,true],"medium_large":["https:\/\/fundaciohospitalariesmartorell.org\/entre-tots\/wp-content\/uploads\/2024\/06\/Captura-de-pantalla-2024-06-18-085908.png",560,315,false],"large":["https:\/\/fundaciohospitalariesmartorell.org\/entre-tots\/wp-content\/uploads\/2024\/06\/Captura-de-pantalla-2024-06-18-085908.png",560,315,false],"1536x1536":["https:\/\/fundaciohospitalariesmartorell.org\/entre-tots\/wp-content\/uploads\/2024\/06\/Captura-de-pantalla-2024-06-18-085908.png",560,315,false],"2048x2048":["https:\/\/fundaciohospitalariesmartorell.org\/entre-tots\/wp-content\/uploads\/2024\/06\/Captura-de-pantalla-2024-06-18-085908.png",560,315,false],"mailpoet_newsletter_max":["https:\/\/fundaciohospitalariesmartorell.org\/entre-tots\/wp-content\/uploads\/2024\/06\/Captura-de-pantalla-2024-06-18-085908.png",560,315,false]},"post_excerpt_stackable_v2":"<p>TVE ha vingut a la Unitat de Rehabilitaci\u00f3 Integral de TCA i ha fet un magn\u00edfic reportatge sobre aquesta unitat, pionera a Europa, per a persones que fa m\u00e9s d&#8217;una d\u00e8cada pateixen la malaltia. Podeu veure el v\u00eddeo, aqu\u00ed.<\/p>\n","category_list_v2":"<a href=\"https:\/\/fundaciohospitalariesmartorell.org\/entre-tots\/category\/entre-noticies\/\" rel=\"category tag\">ENTRE NOT\u00cdCIES<\/a>","author_info_v2":{"name":"Alba Felip","url":"https:\/\/fundaciohospitalariesmartorell.org\/entre-tots\/author\/afelipr\/"},"comments_num_v2":"0 comments","_links":{"self":[{"href":"https:\/\/fundaciohospitalariesmartorell.org\/entre-tots\/wp-json\/wp\/v2\/posts\/9454","targetHints":{"allow":["GET"]}}],"collection":[{"href":"https:\/\/fundaciohospitalariesmartorell.org\/entre-tots\/wp-json\/wp\/v2\/posts"}],"about":[{"href":"https:\/\/fundaciohospitalariesmartorell.org\/entre-tots\/wp-json\/wp\/v2\/types\/post"}],"author":[{"embeddable":true,"href":"https:\/\/fundaciohospitalariesmartorell.org\/entre-tots\/wp-json\/wp\/v2\/users\/5"}],"replies":[{"embeddable":true,"href":"https:\/\/fundaciohospitalariesmartorell.org\/entre-tots\/wp-json\/wp\/v2\/comments?post=9454"}],"version-history":[{"count":2,"href":"https:\/\/fundaciohospitalariesmartorell.org\/entre-tots\/wp-json\/wp\/v2\/posts\/9454\/revisions"}],"predecessor-version":[{"id":9457,"href":"https:\/\/fundaciohospitalariesmartorell.org\/entre-tots\/wp-json\/wp\/v2\/posts\/9454\/revisions\/9457"}],"wp:featuredmedia":[{"embeddable":true,"href":"https:\/\/fundaciohospitalariesmartorell.org\/entre-tots\/wp-json\/wp\/v2\/media\/9455"}],"wp:attachment":[{"href":"https:\/\/fundaciohospitalariesmartorell.org\/entre-tots\/wp-json\/wp\/v2\/media?parent=9454"}],"wp:term":[{"taxonomy":"category","embeddable":true,"href":"https:\/\/fundaciohospitalariesmartorell.org\/entre-tots\/wp-json\/wp\/v2\/categories?post=9454"},{"taxonomy":"post_tag","embeddable":true,"href":"https:\/\/fundaciohospitalariesmartorell.org\/entre-tots\/wp-json\/wp\/v2\/tags?post=9454"}],"curies":[{"name":"wp","href":"https:\/\/api.w.org\/{rel}","templated":true}]}}