{"id":9460,"date":"2024-06-19T09:23:12","date_gmt":"2024-06-19T08:23:12","guid":{"rendered":"https:\/\/hospitalsagratcormartorell.org\/entre-tots\/?p=9460"},"modified":"2024-06-25T07:41:09","modified_gmt":"2024-06-25T06:41:09","slug":"jornada-dacollida-per-al-nou-personal-col-laborador","status":"publish","type":"post","link":"https:\/\/fundaciohospitalariesmartorell.org\/entre-tots\/2024\/06\/jornada-dacollida-per-al-nou-personal-col-laborador\/","title":{"rendered":"Jornada d\u2019acollida per al nou personal col.laborador"},"content":{"rendered":"\n<figure class=\"wp-block-image size-large\"><img loading=\"lazy\" decoding=\"async\" width=\"1920\" height=\"1080\" src=\"https:\/\/hospitalsagratcormartorell.org\/entre-tots\/wp-content\/uploads\/2024\/06\/thumbnail_IMG_0716-edited.jpg\" alt=\"\" class=\"wp-image-9462\" srcset=\"https:\/\/fundaciohospitalariesmartorell.org\/entre-tots\/wp-content\/uploads\/2024\/06\/thumbnail_IMG_0716-edited.jpg 1920w, https:\/\/fundaciohospitalariesmartorell.org\/entre-tots\/wp-content\/uploads\/2024\/06\/thumbnail_IMG_0716-edited-300x169.jpg 300w, https:\/\/fundaciohospitalariesmartorell.org\/entre-tots\/wp-content\/uploads\/2024\/06\/thumbnail_IMG_0716-edited-1024x576.jpg 1024w, https:\/\/fundaciohospitalariesmartorell.org\/entre-tots\/wp-content\/uploads\/2024\/06\/thumbnail_IMG_0716-edited-768x432.jpg 768w, https:\/\/fundaciohospitalariesmartorell.org\/entre-tots\/wp-content\/uploads\/2024\/06\/thumbnail_IMG_0716-edited-1536x864.jpg 1536w, https:\/\/fundaciohospitalariesmartorell.org\/entre-tots\/wp-content\/uploads\/2024\/06\/thumbnail_IMG_0716-edited-1320x743.jpg 1320w\" sizes=\"auto, (max-width: 1920px) 100vw, 1920px\" \/><\/figure>\n\n\n\n<p>Com \u00e9s habitual en aquestes dates, l\u2019Hospital Sagrat Cor ha organitzat una jornada d\u2019acollida per al nou personal col\u00b7laborador. L\u2019acte, que es va celebrar aquest dimarts 18 de juny, va servir per donar la benvinguda a&nbsp;36 persones, tant les noves incorporacions per donar cobertura durant el per\u00edode de vacances com les persones que s&#8217;han anat incorporant durant el primer semestre de 2024.<\/p>\n\n\n\n<p>La superiora del centre, Sor Isabel Bl\u00e1zquez, va fer la presentaci\u00f3 institucional, acollint el nou personal col\u00b7laborador en nom del consell de direcci\u00f3 i els coordinadors i coordinadores de les diferents \u00e0rees, recordant que a l\u2019Hospital Sagrat Cor es viu una universitat de la quotidianitat, on els mestres tamb\u00e9 s\u00f3n les persones que atenem. Va subratllar la import\u00e0ncia d\u2019entrar en l\u2019espai que cada persona ens permeti i exercir l\u2019hospitalitat en tot all\u00f2 que fem i all\u00e0 on anem.<\/p>\n\n\n\n<div class=\"wp-block-getwid-images-slider has-arrows-inside has-dots-inside has-images-center has-cropped-images\"><div class=\"wp-block-getwid-images-slider__wrapper\" data-effect=\"slide\" data-slides-show=\"1\" data-slides-show-laptop=\"1\" data-slides-show-tablet=\"1\" data-slides-show-mobile=\"1\" data-slides-scroll=\"1\" data-autoplay=\"false\" data-autoplay-speed=\"6000\" data-infinite=\"true\" data-animation-speed=\"800\" data-center-mode=\"false\" data-variable-width=\"false\" data-arrows=\"inside\" data-dots=\"inside\" data-spacing=\"none\"><div class=\"wp-block-getwid-images-slider__item\"><figure><img loading=\"lazy\" decoding=\"async\" width=\"1024\" height=\"768\" src=\"https:\/\/hospitalsagratcormartorell.org\/entre-tots\/wp-content\/uploads\/2024\/06\/20240618_103940-1024x768.jpg\" alt=\"\" data-id=\"9464\" class=\"wp-block-getwid-images-slider__image wp-image-9464\" srcset=\"https:\/\/fundaciohospitalariesmartorell.org\/entre-tots\/wp-content\/uploads\/2024\/06\/20240618_103940-1024x768.jpg 1024w, https:\/\/fundaciohospitalariesmartorell.org\/entre-tots\/wp-content\/uploads\/2024\/06\/20240618_103940-300x225.jpg 300w, https:\/\/fundaciohospitalariesmartorell.org\/entre-tots\/wp-content\/uploads\/2024\/06\/20240618_103940-768x576.jpg 768w, https:\/\/fundaciohospitalariesmartorell.org\/entre-tots\/wp-content\/uploads\/2024\/06\/20240618_103940-1536x1152.jpg 1536w, https:\/\/fundaciohospitalariesmartorell.org\/entre-tots\/wp-content\/uploads\/2024\/06\/20240618_103940-2048x1536.jpg 2048w, https:\/\/fundaciohospitalariesmartorell.org\/entre-tots\/wp-content\/uploads\/2024\/06\/20240618_103940-1320x990.jpg 1320w\" sizes=\"auto, (max-width: 1024px) 100vw, 1024px\" \/><\/figure><\/div><div class=\"wp-block-getwid-images-slider__item\"><figure><img loading=\"lazy\" decoding=\"async\" width=\"1024\" height=\"768\" src=\"https:\/\/hospitalsagratcormartorell.org\/entre-tots\/wp-content\/uploads\/2024\/06\/20240618_104112-1024x768.jpg\" alt=\"\" data-id=\"9463\" class=\"wp-block-getwid-images-slider__image wp-image-9463\" srcset=\"https:\/\/fundaciohospitalariesmartorell.org\/entre-tots\/wp-content\/uploads\/2024\/06\/20240618_104112-1024x768.jpg 1024w, https:\/\/fundaciohospitalariesmartorell.org\/entre-tots\/wp-content\/uploads\/2024\/06\/20240618_104112-300x225.jpg 300w, https:\/\/fundaciohospitalariesmartorell.org\/entre-tots\/wp-content\/uploads\/2024\/06\/20240618_104112-768x576.jpg 768w, https:\/\/fundaciohospitalariesmartorell.org\/entre-tots\/wp-content\/uploads\/2024\/06\/20240618_104112-1536x1152.jpg 1536w, https:\/\/fundaciohospitalariesmartorell.org\/entre-tots\/wp-content\/uploads\/2024\/06\/20240618_104112-2048x1536.jpg 2048w, https:\/\/fundaciohospitalariesmartorell.org\/entre-tots\/wp-content\/uploads\/2024\/06\/20240618_104112-1320x990.jpg 1320w\" sizes=\"auto, (max-width: 1024px) 100vw, 1024px\" \/><\/figure><\/div><div class=\"wp-block-getwid-images-slider__item\"><figure><img loading=\"lazy\" decoding=\"async\" width=\"1024\" height=\"768\" src=\"https:\/\/hospitalsagratcormartorell.org\/entre-tots\/wp-content\/uploads\/2024\/06\/20240618_110014-1024x768.jpg\" alt=\"\" data-id=\"9466\" class=\"wp-block-getwid-images-slider__image wp-image-9466\" srcset=\"https:\/\/fundaciohospitalariesmartorell.org\/entre-tots\/wp-content\/uploads\/2024\/06\/20240618_110014-1024x768.jpg 1024w, https:\/\/fundaciohospitalariesmartorell.org\/entre-tots\/wp-content\/uploads\/2024\/06\/20240618_110014-300x225.jpg 300w, https:\/\/fundaciohospitalariesmartorell.org\/entre-tots\/wp-content\/uploads\/2024\/06\/20240618_110014-768x576.jpg 768w, https:\/\/fundaciohospitalariesmartorell.org\/entre-tots\/wp-content\/uploads\/2024\/06\/20240618_110014-1536x1152.jpg 1536w, https:\/\/fundaciohospitalariesmartorell.org\/entre-tots\/wp-content\/uploads\/2024\/06\/20240618_110014-2048x1536.jpg 2048w, https:\/\/fundaciohospitalariesmartorell.org\/entre-tots\/wp-content\/uploads\/2024\/06\/20240618_110014-1320x990.jpg 1320w\" sizes=\"auto, (max-width: 1024px) 100vw, 1024px\" \/><\/figure><\/div><div class=\"wp-block-getwid-images-slider__item\"><figure><img loading=\"lazy\" decoding=\"async\" width=\"1024\" height=\"768\" src=\"https:\/\/hospitalsagratcormartorell.org\/entre-tots\/wp-content\/uploads\/2024\/06\/20240618_111704-1024x768.jpg\" alt=\"\" data-id=\"9465\" class=\"wp-block-getwid-images-slider__image wp-image-9465\" srcset=\"https:\/\/fundaciohospitalariesmartorell.org\/entre-tots\/wp-content\/uploads\/2024\/06\/20240618_111704-1024x768.jpg 1024w, https:\/\/fundaciohospitalariesmartorell.org\/entre-tots\/wp-content\/uploads\/2024\/06\/20240618_111704-300x225.jpg 300w, https:\/\/fundaciohospitalariesmartorell.org\/entre-tots\/wp-content\/uploads\/2024\/06\/20240618_111704-768x576.jpg 768w, https:\/\/fundaciohospitalariesmartorell.org\/entre-tots\/wp-content\/uploads\/2024\/06\/20240618_111704-1536x1152.jpg 1536w, https:\/\/fundaciohospitalariesmartorell.org\/entre-tots\/wp-content\/uploads\/2024\/06\/20240618_111704-2048x1536.jpg 2048w, https:\/\/fundaciohospitalariesmartorell.org\/entre-tots\/wp-content\/uploads\/2024\/06\/20240618_111704-1320x990.jpg 1320w\" sizes=\"auto, (max-width: 1024px) 100vw, 1024px\" \/><\/figure><\/div><\/div><\/div>\n\n\n\n<p>La jornada tamb\u00e9 va comptar amb la participaci\u00f3 del Servei de Pastoral Espiritual i Religiosa (PAER), l\u2019\u00c0rea de Persones i les Coordinacions d\u2019Infermeria i Bugaderia. Aix\u00ed, els assistents van poder con\u00e8ixer la hist\u00f2ria, missi\u00f3 i valors de la Congregaci\u00f3, la seva pres\u00e8ncia als diferents pa\u00efsos, aix\u00ed com altres aspectes identitaris i organitzatius de Germanes Hospital\u00e0ries i del centre, com la distribuci\u00f3 de l\u2019hospital, l\u2019organitzaci\u00f3, els protocols i circuits o els serveis centrals.<\/p>\n\n\n\n<p>Finalment, les noves incorporacions van aterrar a les seves unitats o \u00e0rees de treball de la m\u00e0 dels coordinadors d\u2019infermeria i responsables dels diferents serveis.<\/p>\n\n\n\n<p>Molt benvinguts i benvingudes!<\/p>\n","protected":false},"excerpt":{"rendered":"<p>Com \u00e9s habitual en aquestes dates, l\u2019Hospital Sagrat Cor ha organitzat una jornada d\u2019acollida per al nou personal col\u00b7laborador. L\u2019acte, que es va celebrar aquest dimarts 18 de juny, va servir per donar la benvinguda a&nbsp;36 persones, tant les noves incorporacions per donar cobertura durant el per\u00edode de vacances com les persones que s&#8217;han anat [&hellip;]<\/p>\n","protected":false},"author":5,"featured_media":9462,"comment_status":"closed","ping_status":"closed","sticky":false,"template":"","format":"standard","meta":{"footnotes":""},"categories":[27],"tags":[],"class_list":["post-9460","post","type-post","status-publish","format-standard","has-post-thumbnail","hentry","category-actualitat"],"blocksy_meta":[],"featured_image_urls_v2":{"full":["https:\/\/fundaciohospitalariesmartorell.org\/entre-tots\/wp-content\/uploads\/2024\/06\/thumbnail_IMG_0716-edited.jpg",1920,1080,false],"thumbnail":["https:\/\/fundaciohospitalariesmartorell.org\/entre-tots\/wp-content\/uploads\/2024\/06\/thumbnail_IMG_0716-edited-150x150.jpg",150,150,true],"medium":["https:\/\/fundaciohospitalariesmartorell.org\/entre-tots\/wp-content\/uploads\/2024\/06\/thumbnail_IMG_0716-edited-300x169.jpg",300,169,true],"medium_large":["https:\/\/fundaciohospitalariesmartorell.org\/entre-tots\/wp-content\/uploads\/2024\/06\/thumbnail_IMG_0716-edited-768x432.jpg",768,432,true],"large":["https:\/\/fundaciohospitalariesmartorell.org\/entre-tots\/wp-content\/uploads\/2024\/06\/thumbnail_IMG_0716-edited-1024x576.jpg",1024,576,true],"1536x1536":["https:\/\/fundaciohospitalariesmartorell.org\/entre-tots\/wp-content\/uploads\/2024\/06\/thumbnail_IMG_0716-edited-1536x864.jpg",1536,864,true],"2048x2048":["https:\/\/fundaciohospitalariesmartorell.org\/entre-tots\/wp-content\/uploads\/2024\/06\/thumbnail_IMG_0716-edited.jpg",1920,1080,false],"mailpoet_newsletter_max":["https:\/\/fundaciohospitalariesmartorell.org\/entre-tots\/wp-content\/uploads\/2024\/06\/thumbnail_IMG_0716-edited-1320x743.jpg",1320,743,true]},"post_excerpt_stackable_v2":"<p>Com \u00e9s habitual en aquestes dates, l\u2019Hospital Sagrat Cor ha organitzat una jornada d\u2019acollida per al nou personal col\u00b7laborador. L\u2019acte, que es va celebrar aquest dimarts 18 de juny, va servir per donar la benvinguda a&nbsp;36 persones, tant les noves incorporacions per donar cobertura durant el per\u00edode de vacances com les persones que s&#8217;han anat incorporant durant el primer semestre de 2024. La superiora del centre, Sor Isabel Bl\u00e1zquez, va fer la presentaci\u00f3 institucional, acollint el nou personal col\u00b7laborador en nom del consell de direcci\u00f3 i els coordinadors i coordinadores de les diferents \u00e0rees, recordant que a l\u2019Hospital Sagrat Cor&hellip;<\/p>\n","category_list_v2":"<a href=\"https:\/\/fundaciohospitalariesmartorell.org\/entre-tots\/category\/actualitat\/\" rel=\"category tag\">ACTUALITAT<\/a>","author_info_v2":{"name":"Alba Felip","url":"https:\/\/fundaciohospitalariesmartorell.org\/entre-tots\/author\/afelipr\/"},"comments_num_v2":"0 comments","_links":{"self":[{"href":"https:\/\/fundaciohospitalariesmartorell.org\/entre-tots\/wp-json\/wp\/v2\/posts\/9460","targetHints":{"allow":["GET"]}}],"collection":[{"href":"https:\/\/fundaciohospitalariesmartorell.org\/entre-tots\/wp-json\/wp\/v2\/posts"}],"about":[{"href":"https:\/\/fundaciohospitalariesmartorell.org\/entre-tots\/wp-json\/wp\/v2\/types\/post"}],"author":[{"embeddable":true,"href":"https:\/\/fundaciohospitalariesmartorell.org\/entre-tots\/wp-json\/wp\/v2\/users\/5"}],"replies":[{"embeddable":true,"href":"https:\/\/fundaciohospitalariesmartorell.org\/entre-tots\/wp-json\/wp\/v2\/comments?post=9460"}],"version-history":[{"count":3,"href":"https:\/\/fundaciohospitalariesmartorell.org\/entre-tots\/wp-json\/wp\/v2\/posts\/9460\/revisions"}],"predecessor-version":[{"id":9481,"href":"https:\/\/fundaciohospitalariesmartorell.org\/entre-tots\/wp-json\/wp\/v2\/posts\/9460\/revisions\/9481"}],"wp:featuredmedia":[{"embeddable":true,"href":"https:\/\/fundaciohospitalariesmartorell.org\/entre-tots\/wp-json\/wp\/v2\/media\/9462"}],"wp:attachment":[{"href":"https:\/\/fundaciohospitalariesmartorell.org\/entre-tots\/wp-json\/wp\/v2\/media?parent=9460"}],"wp:term":[{"taxonomy":"category","embeddable":true,"href":"https:\/\/fundaciohospitalariesmartorell.org\/entre-tots\/wp-json\/wp\/v2\/categories?post=9460"},{"taxonomy":"post_tag","embeddable":true,"href":"https:\/\/fundaciohospitalariesmartorell.org\/entre-tots\/wp-json\/wp\/v2\/tags?post=9460"}],"curies":[{"name":"wp","href":"https:\/\/api.w.org\/{rel}","templated":true}]}}