{"id":9470,"date":"2024-06-21T09:19:46","date_gmt":"2024-06-21T08:19:46","guid":{"rendered":"https:\/\/hospitalsagratcormartorell.org\/entre-tots\/?p=9470"},"modified":"2024-06-26T06:51:10","modified_gmt":"2024-06-26T05:51:10","slug":"136-comandaments-intermedis-formats-en-lideratge-als-centres-de-germanes-hospitalaries-de-catalunya","status":"publish","type":"post","link":"https:\/\/fundaciohospitalariesmartorell.org\/entre-tots\/2024\/06\/136-comandaments-intermedis-formats-en-lideratge-als-centres-de-germanes-hospitalaries-de-catalunya\/","title":{"rendered":"136 comandaments intermedis formats en lideratge als centres de Germanes Hospital\u00e0ries de Catalunya"},"content":{"rendered":"\n<figure class=\"wp-block-image size-large\"><img loading=\"lazy\" decoding=\"async\" width=\"1024\" height=\"683\" src=\"https:\/\/hospitalsagratcormartorell.org\/entre-tots\/wp-content\/uploads\/2024\/06\/WhatsApp-Image-2024-06-20-at-17.09.11-1024x683.jpeg\" alt=\"\" class=\"wp-image-9471\" srcset=\"https:\/\/fundaciohospitalariesmartorell.org\/entre-tots\/wp-content\/uploads\/2024\/06\/WhatsApp-Image-2024-06-20-at-17.09.11-1024x683.jpeg 1024w, https:\/\/fundaciohospitalariesmartorell.org\/entre-tots\/wp-content\/uploads\/2024\/06\/WhatsApp-Image-2024-06-20-at-17.09.11-300x200.jpeg 300w, https:\/\/fundaciohospitalariesmartorell.org\/entre-tots\/wp-content\/uploads\/2024\/06\/WhatsApp-Image-2024-06-20-at-17.09.11-768x512.jpeg 768w, https:\/\/fundaciohospitalariesmartorell.org\/entre-tots\/wp-content\/uploads\/2024\/06\/WhatsApp-Image-2024-06-20-at-17.09.11-1536x1024.jpeg 1536w, https:\/\/fundaciohospitalariesmartorell.org\/entre-tots\/wp-content\/uploads\/2024\/06\/WhatsApp-Image-2024-06-20-at-17.09.11-1320x880.jpeg 1320w, https:\/\/fundaciohospitalariesmartorell.org\/entre-tots\/wp-content\/uploads\/2024\/06\/WhatsApp-Image-2024-06-20-at-17.09.11.jpeg 1600w\" sizes=\"auto, (max-width: 1024px) 100vw, 1024px\" \/><\/figure>\n\n\n\n<p>En els darrers nou mesos, un total de 136 comandaments intermedis dels centres de Germanes Hospital\u00e0ries de Catalunya han completat l&#8217;Itinerari de Lideratge, un programa formatiu dissenyat per enfortir les seves habilitats de lideratge. Aquesta iniciativa ha estat desenvolupada de manera conjunta entre les Direccions de les \u00c0rees de Persones dels centres de Germanes Hospital\u00e0ries de Catalunya i de la Prov\u00edncia d&#8217;Espanya.<\/p>\n\n\n\n<p>El passat dijous 20 de juny va tenir lloc l&#8217;acte de cloenda, que va comptar amb la pres\u00e8ncia de l&#8217;Honorable Dr. Manel Balcells,&nbsp;conseller&nbsp;de Salut de la Generalitat de Catalunya, qui va destacar la import\u00e0ncia d&#8217;enfortir el lideratge en el sector de la salut i treballar en equip, tant a dins dels centres com amb els altres recursos assistencials del territori, per aconseguir un futur millor per a tota la societat.<\/p>\n\n\n\n<figure class=\"wp-block-gallery has-nested-images columns-default is-cropped wp-block-gallery-1 is-layout-flex wp-block-gallery-is-layout-flex\">\n<figure class=\"wp-block-image size-large\"><img loading=\"lazy\" decoding=\"async\" width=\"998\" height=\"748\" data-id=\"9472\" src=\"https:\/\/hospitalsagratcormartorell.org\/entre-tots\/wp-content\/uploads\/2024\/06\/Hna-Conseller.png\" alt=\"\" class=\"wp-image-9472\" srcset=\"https:\/\/fundaciohospitalariesmartorell.org\/entre-tots\/wp-content\/uploads\/2024\/06\/Hna-Conseller.png 998w, https:\/\/fundaciohospitalariesmartorell.org\/entre-tots\/wp-content\/uploads\/2024\/06\/Hna-Conseller-300x225.png 300w, https:\/\/fundaciohospitalariesmartorell.org\/entre-tots\/wp-content\/uploads\/2024\/06\/Hna-Conseller-768x576.png 768w\" sizes=\"auto, (max-width: 998px) 100vw, 998px\" \/><\/figure>\n\n\n\n<figure class=\"wp-block-image size-large\"><img loading=\"lazy\" decoding=\"async\" width=\"1024\" height=\"663\" data-id=\"9473\" src=\"https:\/\/hospitalsagratcormartorell.org\/entre-tots\/wp-content\/uploads\/2024\/06\/publico-1024x663.png\" alt=\"\" class=\"wp-image-9473\" srcset=\"https:\/\/fundaciohospitalariesmartorell.org\/entre-tots\/wp-content\/uploads\/2024\/06\/publico-1024x663.png 1024w, https:\/\/fundaciohospitalariesmartorell.org\/entre-tots\/wp-content\/uploads\/2024\/06\/publico-300x194.png 300w, https:\/\/fundaciohospitalariesmartorell.org\/entre-tots\/wp-content\/uploads\/2024\/06\/publico-768x497.png 768w, https:\/\/fundaciohospitalariesmartorell.org\/entre-tots\/wp-content\/uploads\/2024\/06\/publico.png 1152w\" sizes=\"auto, (max-width: 1024px) 100vw, 1024px\" \/><\/figure>\n<\/figure>\n\n\n\n<p>La jornada va incloure diverses taules rodones moderades per experts del sector. Pedro&nbsp;Roy, coordinador assistencial de Germanes Hospital\u00e0ries Catalunya, va moderar la taula sobre els reptes assistencials, que va comptar amb la participaci\u00f3 de Jordi Armengol, director de Salut Mental i Addiccions i director executiu dels Sectors Sanitaris Nou Barris, Horta-Guinard\u00f3 i Sant Andreu i de l&#8217;\u00c0rea Integral de Salut Barcelona Nord del Consorci Sanitari de Barcelona\/Regi\u00f3 Sanit\u00e0ria Barcelona, aix\u00ed com&nbsp;Alejandro&nbsp;Florit, director d&#8217;Identitat, Assistencial i Educatiu de Germanes Hospital\u00e0ries.<\/p>\n\n\n\n<p>La taula rodona sobre lideratge va ser moderada per&nbsp;Fuencisla&nbsp;de&nbsp;Santos, directora de l&#8217;\u00c0rea de Persones de Germanes Hospital\u00e0ries, i va comptar amb la participaci\u00f3 de&nbsp;F\u00e9lix&nbsp;Sanz, psic\u00f2leg, consultor i formador pel Desenvolupament de Persones, Equips i Organitzacions, i Manel Salcedo, cap de l&#8217;\u00c0rea Laboral del Servei Catal\u00e0 de la Salut.<\/p>\n\n\n\n<figure class=\"wp-block-image size-large\"><img loading=\"lazy\" decoding=\"async\" width=\"1024\" height=\"634\" src=\"https:\/\/hospitalsagratcormartorell.org\/entre-tots\/wp-content\/uploads\/2024\/06\/cloenda-1024x634.png\" alt=\"\" class=\"wp-image-9474\" srcset=\"https:\/\/fundaciohospitalariesmartorell.org\/entre-tots\/wp-content\/uploads\/2024\/06\/cloenda-1024x634.png 1024w, https:\/\/fundaciohospitalariesmartorell.org\/entre-tots\/wp-content\/uploads\/2024\/06\/cloenda-300x186.png 300w, https:\/\/fundaciohospitalariesmartorell.org\/entre-tots\/wp-content\/uploads\/2024\/06\/cloenda-768x476.png 768w, https:\/\/fundaciohospitalariesmartorell.org\/entre-tots\/wp-content\/uploads\/2024\/06\/cloenda.png 1167w\" sizes=\"auto, (max-width: 1024px) 100vw, 1024px\" \/><\/figure>\n\n\n\n<p>L&#8217;acte va culminar amb l&#8217;entrega de diplomes en mans de Sor Matilde&nbsp;Porras, Superiora Provincial,&nbsp;Alberto&nbsp;Mart\u00edn, director general, i&nbsp;Jos\u00e9 Rom\u00e1n, Jes\u00fas&nbsp;Ezquerra&nbsp;i Joan Orrit, gerents dels centres de Germanes Hospital\u00e0ries a Catalunya.<\/p>\n\n\n\n<p>Fuencisla&nbsp;de&nbsp;Santos&nbsp;va assenyalar que &#8220;l&#8217;Itinerari de Lideratge \u00e9s un projecte pilot a Catalunya que es traslladar\u00e0 a la resta dels centres d&#8217;Espanya. El lideratge \u00e9s un tema estrat\u00e8gic en totes les organitzacions, per\u00f2 per a Germanes Hospital\u00e0ries, ho \u00e9s encara m\u00e9s, ja que els nostres l\u00edders han de ser exemple dels valors i l&#8217;estil hospitalari&#8221;.<\/p>\n\n\n\n<p>Amb aquesta iniciativa, la Instituci\u00f3 vol reafirmar el comprom\u00eds amb l&#8217;excel\u00b7l\u00e8ncia i el lideratge en el sector de la salut, amb l&#8217;objectiu de millorar l&#8217;atenci\u00f3 i servei a les persones que atenem.<\/p>\n\n\n\n<figure class=\"wp-block-embed is-type-video is-provider-youtube wp-block-embed-youtube wp-embed-aspect-16-9 wp-has-aspect-ratio\"><div class=\"wp-block-embed__wrapper\">\n<iframe loading=\"lazy\" title=\"136 comandaments intermedis formats en lideratge als centres de Germanes Hospital\u00e0ries de Catalunya\" width=\"1290\" height=\"726\" src=\"https:\/\/www.youtube.com\/embed\/5lJH2PPQ3GY?feature=oembed\" frameborder=\"0\" allow=\"accelerometer; autoplay; clipboard-write; encrypted-media; gyroscope; picture-in-picture; web-share\" referrerpolicy=\"strict-origin-when-cross-origin\" allowfullscreen><\/iframe>\n<\/div><\/figure>\n\n\n\n<figure class=\"wp-block-image size-full\"><img loading=\"lazy\" decoding=\"async\" width=\"950\" height=\"540\" src=\"https:\/\/hospitalsagratcormartorell.org\/entre-tots\/wp-content\/uploads\/2024\/06\/joranda-lideratge.png\" alt=\"\" class=\"wp-image-9489\" srcset=\"https:\/\/fundaciohospitalariesmartorell.org\/entre-tots\/wp-content\/uploads\/2024\/06\/joranda-lideratge.png 950w, https:\/\/fundaciohospitalariesmartorell.org\/entre-tots\/wp-content\/uploads\/2024\/06\/joranda-lideratge-300x171.png 300w, https:\/\/fundaciohospitalariesmartorell.org\/entre-tots\/wp-content\/uploads\/2024\/06\/joranda-lideratge-768x437.png 768w\" sizes=\"auto, (max-width: 950px) 100vw, 950px\" \/><\/figure>\n\n\n\n<figure class=\"wp-block-embed aligncenter is-type-rich is-provider-flickr wp-block-embed-flickr\"><div class=\"wp-block-embed__wrapper\">\n<a data-flickr-embed='true' href='https:\/\/www.flickr.com\/photos\/200846637@N07\/albums\/72177720318250903' title='2024 Acte de cloenda Itinerari de lideratge by redsocial.hsagratcor, on Flickr'><img src='https:\/\/live.staticflickr.com\/65535\/53815011951_5940845a40_b.jpg' width='800' height='600' alt='Clausura Itinerari de lideratge'><\/a><script async src='https:\/\/embedr.flickr.com\/assets\/client-code.js' charset='utf-8'><\/script>\n<\/div><\/figure>\n","protected":false},"excerpt":{"rendered":"<p>En els darrers nou mesos, un total de 136 comandaments intermedis dels centres de Germanes Hospital\u00e0ries de Catalunya han completat l&#8217;Itinerari de Lideratge, un programa formatiu dissenyat per enfortir les seves habilitats de lideratge. Aquesta iniciativa ha estat desenvolupada de manera conjunta entre les Direccions de les \u00c0rees de Persones dels centres de Germanes Hospital\u00e0ries [&hellip;]<\/p>\n","protected":false},"author":5,"featured_media":9471,"comment_status":"closed","ping_status":"closed","sticky":false,"template":"","format":"standard","meta":{"footnotes":""},"categories":[27],"tags":[],"class_list":["post-9470","post","type-post","status-publish","format-standard","has-post-thumbnail","hentry","category-actualitat"],"blocksy_meta":[],"featured_image_urls_v2":{"full":["https:\/\/fundaciohospitalariesmartorell.org\/entre-tots\/wp-content\/uploads\/2024\/06\/WhatsApp-Image-2024-06-20-at-17.09.11.jpeg",1600,1067,false],"thumbnail":["https:\/\/fundaciohospitalariesmartorell.org\/entre-tots\/wp-content\/uploads\/2024\/06\/WhatsApp-Image-2024-06-20-at-17.09.11-150x150.jpeg",150,150,true],"medium":["https:\/\/fundaciohospitalariesmartorell.org\/entre-tots\/wp-content\/uploads\/2024\/06\/WhatsApp-Image-2024-06-20-at-17.09.11-300x200.jpeg",300,200,true],"medium_large":["https:\/\/fundaciohospitalariesmartorell.org\/entre-tots\/wp-content\/uploads\/2024\/06\/WhatsApp-Image-2024-06-20-at-17.09.11-768x512.jpeg",768,512,true],"large":["https:\/\/fundaciohospitalariesmartorell.org\/entre-tots\/wp-content\/uploads\/2024\/06\/WhatsApp-Image-2024-06-20-at-17.09.11-1024x683.jpeg",1024,683,true],"1536x1536":["https:\/\/fundaciohospitalariesmartorell.org\/entre-tots\/wp-content\/uploads\/2024\/06\/WhatsApp-Image-2024-06-20-at-17.09.11-1536x1024.jpeg",1536,1024,true],"2048x2048":["https:\/\/fundaciohospitalariesmartorell.org\/entre-tots\/wp-content\/uploads\/2024\/06\/WhatsApp-Image-2024-06-20-at-17.09.11.jpeg",1600,1067,false],"mailpoet_newsletter_max":["https:\/\/fundaciohospitalariesmartorell.org\/entre-tots\/wp-content\/uploads\/2024\/06\/WhatsApp-Image-2024-06-20-at-17.09.11-1320x880.jpeg",1320,880,true]},"post_excerpt_stackable_v2":"<p>En els darrers nou mesos, un total de 136 comandaments intermedis dels centres de Germanes Hospital\u00e0ries de Catalunya han completat l&#8217;Itinerari de Lideratge, un programa formatiu dissenyat per enfortir les seves habilitats de lideratge. Aquesta iniciativa ha estat desenvolupada de manera conjunta entre les Direccions de les \u00c0rees de Persones dels centres de Germanes Hospital\u00e0ries de Catalunya i de la Prov\u00edncia d&#8217;Espanya. El passat dijous 20 de juny va tenir lloc l&#8217;acte de cloenda, que va comptar amb la pres\u00e8ncia de l&#8217;Honorable Dr. Manel Balcells,&nbsp;conseller&nbsp;de Salut de la Generalitat de Catalunya, qui va destacar la import\u00e0ncia d&#8217;enfortir el lideratge en&hellip;<\/p>\n","category_list_v2":"<a href=\"https:\/\/fundaciohospitalariesmartorell.org\/entre-tots\/category\/actualitat\/\" rel=\"category tag\">ACTUALITAT<\/a>","author_info_v2":{"name":"Alba Felip","url":"https:\/\/fundaciohospitalariesmartorell.org\/entre-tots\/author\/afelipr\/"},"comments_num_v2":"0 comments","_links":{"self":[{"href":"https:\/\/fundaciohospitalariesmartorell.org\/entre-tots\/wp-json\/wp\/v2\/posts\/9470","targetHints":{"allow":["GET"]}}],"collection":[{"href":"https:\/\/fundaciohospitalariesmartorell.org\/entre-tots\/wp-json\/wp\/v2\/posts"}],"about":[{"href":"https:\/\/fundaciohospitalariesmartorell.org\/entre-tots\/wp-json\/wp\/v2\/types\/post"}],"author":[{"embeddable":true,"href":"https:\/\/fundaciohospitalariesmartorell.org\/entre-tots\/wp-json\/wp\/v2\/users\/5"}],"replies":[{"embeddable":true,"href":"https:\/\/fundaciohospitalariesmartorell.org\/entre-tots\/wp-json\/wp\/v2\/comments?post=9470"}],"version-history":[{"count":6,"href":"https:\/\/fundaciohospitalariesmartorell.org\/entre-tots\/wp-json\/wp\/v2\/posts\/9470\/revisions"}],"predecessor-version":[{"id":9505,"href":"https:\/\/fundaciohospitalariesmartorell.org\/entre-tots\/wp-json\/wp\/v2\/posts\/9470\/revisions\/9505"}],"wp:featuredmedia":[{"embeddable":true,"href":"https:\/\/fundaciohospitalariesmartorell.org\/entre-tots\/wp-json\/wp\/v2\/media\/9471"}],"wp:attachment":[{"href":"https:\/\/fundaciohospitalariesmartorell.org\/entre-tots\/wp-json\/wp\/v2\/media?parent=9470"}],"wp:term":[{"taxonomy":"category","embeddable":true,"href":"https:\/\/fundaciohospitalariesmartorell.org\/entre-tots\/wp-json\/wp\/v2\/categories?post=9470"},{"taxonomy":"post_tag","embeddable":true,"href":"https:\/\/fundaciohospitalariesmartorell.org\/entre-tots\/wp-json\/wp\/v2\/tags?post=9470"}],"curies":[{"name":"wp","href":"https:\/\/api.w.org\/{rel}","templated":true}]}}