{"id":9477,"date":"2024-06-21T09:32:57","date_gmt":"2024-06-21T08:32:57","guid":{"rendered":"https:\/\/hospitalsagratcormartorell.org\/entre-tots\/?p=9477"},"modified":"2024-06-25T14:16:15","modified_gmt":"2024-06-25T13:16:15","slug":"gran-exit-de-participacio-en-la-primera-campanya-de-donacio-de-sang-de-lhospital-sagrat-cor","status":"publish","type":"post","link":"https:\/\/fundaciohospitalariesmartorell.org\/entre-tots\/2024\/06\/gran-exit-de-participacio-en-la-primera-campanya-de-donacio-de-sang-de-lhospital-sagrat-cor\/","title":{"rendered":"Gran \u00e8xit de participaci\u00f3 en la primera campanya de donaci\u00f3 de sang de l\u2019Hospital Sagrat Cor"},"content":{"rendered":"\n<figure class=\"wp-block-image size-large\"><img loading=\"lazy\" decoding=\"async\" width=\"1024\" height=\"768\" src=\"https:\/\/hospitalsagratcormartorell.org\/entre-tots\/wp-content\/uploads\/2024\/06\/20240611_103321-1024x768.jpg\" alt=\"\" class=\"wp-image-9478\" srcset=\"https:\/\/fundaciohospitalariesmartorell.org\/entre-tots\/wp-content\/uploads\/2024\/06\/20240611_103321-1024x768.jpg 1024w, https:\/\/fundaciohospitalariesmartorell.org\/entre-tots\/wp-content\/uploads\/2024\/06\/20240611_103321-300x225.jpg 300w, https:\/\/fundaciohospitalariesmartorell.org\/entre-tots\/wp-content\/uploads\/2024\/06\/20240611_103321-768x576.jpg 768w, https:\/\/fundaciohospitalariesmartorell.org\/entre-tots\/wp-content\/uploads\/2024\/06\/20240611_103321.jpg 1260w\" sizes=\"auto, (max-width: 1024px) 100vw, 1024px\" \/><\/figure>\n\n\n\n<p>El passat 11 de juny, en vig\u00edlies del Dia Internacional del Donant de Sang, que se celebra el 15 de juny, la comissi\u00f3 Cuida\u2019t x Cuidar, en col\u00b7laboraci\u00f3 amb el Banc de Sang i Teixits, va organitzar una jornada de donaci\u00f3 de sang a l\u2019Hospital Sagrat Cor. Aquesta va ser la primera vegada que es va dur a terme una activitat d\u2019aquest tipus al nostre centre.<\/p>\n\n\n\n<p>Per a aquesta ocasi\u00f3, una unitat m\u00f2bil per a la donaci\u00f3 de sang es va instal\u00b7lar al costat del p\u00e0rquing, a la porta d\u2019entrada de l\u2019Hospital de Dia. L\u2019activitat va ser tot un \u00e8xit, amb una gran participaci\u00f3 de la comunitat hospital\u00e0ria. Un total de trenta-una persones es van apropar a la unitat m\u00f2bil, i vint-i-cinc d\u2019elles van poder donar sang. Entre els donants, quatre ho van fer per primera vegada.<\/p>\n\n\n\n<figure class=\"wp-block-image size-large\"><img loading=\"lazy\" decoding=\"async\" width=\"1024\" height=\"862\" src=\"https:\/\/hospitalsagratcormartorell.org\/entre-tots\/wp-content\/uploads\/2024\/06\/AGRAIMENT-HOSPITAL-SAGRAT-COR-JUNY-24_1-1024x862.jpg\" alt=\"\" class=\"wp-image-9497\" srcset=\"https:\/\/fundaciohospitalariesmartorell.org\/entre-tots\/wp-content\/uploads\/2024\/06\/AGRAIMENT-HOSPITAL-SAGRAT-COR-JUNY-24_1-1024x862.jpg 1024w, https:\/\/fundaciohospitalariesmartorell.org\/entre-tots\/wp-content\/uploads\/2024\/06\/AGRAIMENT-HOSPITAL-SAGRAT-COR-JUNY-24_1-300x252.jpg 300w, https:\/\/fundaciohospitalariesmartorell.org\/entre-tots\/wp-content\/uploads\/2024\/06\/AGRAIMENT-HOSPITAL-SAGRAT-COR-JUNY-24_1-768x646.jpg 768w, https:\/\/fundaciohospitalariesmartorell.org\/entre-tots\/wp-content\/uploads\/2024\/06\/AGRAIMENT-HOSPITAL-SAGRAT-COR-JUNY-24_1-1536x1293.jpg 1536w, https:\/\/fundaciohospitalariesmartorell.org\/entre-tots\/wp-content\/uploads\/2024\/06\/AGRAIMENT-HOSPITAL-SAGRAT-COR-JUNY-24_1-1320x1111.jpg 1320w, https:\/\/fundaciohospitalariesmartorell.org\/entre-tots\/wp-content\/uploads\/2024\/06\/AGRAIMENT-HOSPITAL-SAGRAT-COR-JUNY-24_1.jpg 1754w\" sizes=\"auto, (max-width: 1024px) 100vw, 1024px\" \/><\/figure>\n\n\n\n<p>Aquestes donacions permetran que setanta-cinc pacients es puguin beneficiar d\u2019aquesta acci\u00f3 solid\u00e0ria. Aquest \u00e8xit posa de manifest la solidaritat i el comprom\u00eds de la nostra comunitat amb la salut i el benestar dels altres.<\/p>\n\n\n\n<p>Agra\u00efm a tots els participants i al Banc de Sang i Teixits per la seva col\u00b7laboraci\u00f3 i suport en aquesta iniciativa.<\/p>\n\n\n\n<p>Vegeu un v\u00eddeo de la jornada <a href=\"https:\/\/www.instagram.com\/reel\/C8EaukjISZH\/?utm_source=ig_web_copy_link&amp;igsh=MzRlODBiNWFlZA==\" target=\"_blank\" rel=\"noreferrer noopener\">aqu\u00ed<\/a>.<\/p>\n","protected":false},"excerpt":{"rendered":"<p>El passat 11 de juny, en vig\u00edlies del Dia Internacional del Donant de Sang, que se celebra el 15 de juny, la comissi\u00f3 Cuida\u2019t x Cuidar, en col\u00b7laboraci\u00f3 amb el Banc de Sang i Teixits, va organitzar una jornada de donaci\u00f3 de sang a l\u2019Hospital Sagrat Cor. Aquesta va ser la primera vegada que es [&hellip;]<\/p>\n","protected":false},"author":5,"featured_media":9478,"comment_status":"closed","ping_status":"closed","sticky":false,"template":"","format":"standard","meta":{"footnotes":""},"categories":[27],"tags":[],"class_list":["post-9477","post","type-post","status-publish","format-standard","has-post-thumbnail","hentry","category-actualitat"],"blocksy_meta":[],"featured_image_urls_v2":{"full":["https:\/\/fundaciohospitalariesmartorell.org\/entre-tots\/wp-content\/uploads\/2024\/06\/20240611_103321.jpg",1260,945,false],"thumbnail":["https:\/\/fundaciohospitalariesmartorell.org\/entre-tots\/wp-content\/uploads\/2024\/06\/20240611_103321-150x150.jpg",150,150,true],"medium":["https:\/\/fundaciohospitalariesmartorell.org\/entre-tots\/wp-content\/uploads\/2024\/06\/20240611_103321-300x225.jpg",300,225,true],"medium_large":["https:\/\/fundaciohospitalariesmartorell.org\/entre-tots\/wp-content\/uploads\/2024\/06\/20240611_103321-768x576.jpg",768,576,true],"large":["https:\/\/fundaciohospitalariesmartorell.org\/entre-tots\/wp-content\/uploads\/2024\/06\/20240611_103321-1024x768.jpg",1024,768,true],"1536x1536":["https:\/\/fundaciohospitalariesmartorell.org\/entre-tots\/wp-content\/uploads\/2024\/06\/20240611_103321.jpg",1260,945,false],"2048x2048":["https:\/\/fundaciohospitalariesmartorell.org\/entre-tots\/wp-content\/uploads\/2024\/06\/20240611_103321.jpg",1260,945,false],"mailpoet_newsletter_max":["https:\/\/fundaciohospitalariesmartorell.org\/entre-tots\/wp-content\/uploads\/2024\/06\/20240611_103321.jpg",1260,945,false]},"post_excerpt_stackable_v2":"<p>El passat 11 de juny, en vig\u00edlies del Dia Internacional del Donant de Sang, que se celebra el 15 de juny, la comissi\u00f3 Cuida\u2019t x Cuidar, en col\u00b7laboraci\u00f3 amb el Banc de Sang i Teixits, va organitzar una jornada de donaci\u00f3 de sang a l\u2019Hospital Sagrat Cor. Aquesta va ser la primera vegada que es va dur a terme una activitat d\u2019aquest tipus al nostre centre. Per a aquesta ocasi\u00f3, una unitat m\u00f2bil per a la donaci\u00f3 de sang es va instal\u00b7lar al costat del p\u00e0rquing, a la porta d\u2019entrada de l\u2019Hospital de Dia. L\u2019activitat va ser tot un \u00e8xit,&hellip;<\/p>\n","category_list_v2":"<a href=\"https:\/\/fundaciohospitalariesmartorell.org\/entre-tots\/category\/actualitat\/\" rel=\"category tag\">ACTUALITAT<\/a>","author_info_v2":{"name":"Alba Felip","url":"https:\/\/fundaciohospitalariesmartorell.org\/entre-tots\/author\/afelipr\/"},"comments_num_v2":"0 comments","_links":{"self":[{"href":"https:\/\/fundaciohospitalariesmartorell.org\/entre-tots\/wp-json\/wp\/v2\/posts\/9477","targetHints":{"allow":["GET"]}}],"collection":[{"href":"https:\/\/fundaciohospitalariesmartorell.org\/entre-tots\/wp-json\/wp\/v2\/posts"}],"about":[{"href":"https:\/\/fundaciohospitalariesmartorell.org\/entre-tots\/wp-json\/wp\/v2\/types\/post"}],"author":[{"embeddable":true,"href":"https:\/\/fundaciohospitalariesmartorell.org\/entre-tots\/wp-json\/wp\/v2\/users\/5"}],"replies":[{"embeddable":true,"href":"https:\/\/fundaciohospitalariesmartorell.org\/entre-tots\/wp-json\/wp\/v2\/comments?post=9477"}],"version-history":[{"count":2,"href":"https:\/\/fundaciohospitalariesmartorell.org\/entre-tots\/wp-json\/wp\/v2\/posts\/9477\/revisions"}],"predecessor-version":[{"id":9498,"href":"https:\/\/fundaciohospitalariesmartorell.org\/entre-tots\/wp-json\/wp\/v2\/posts\/9477\/revisions\/9498"}],"wp:featuredmedia":[{"embeddable":true,"href":"https:\/\/fundaciohospitalariesmartorell.org\/entre-tots\/wp-json\/wp\/v2\/media\/9478"}],"wp:attachment":[{"href":"https:\/\/fundaciohospitalariesmartorell.org\/entre-tots\/wp-json\/wp\/v2\/media?parent=9477"}],"wp:term":[{"taxonomy":"category","embeddable":true,"href":"https:\/\/fundaciohospitalariesmartorell.org\/entre-tots\/wp-json\/wp\/v2\/categories?post=9477"},{"taxonomy":"post_tag","embeddable":true,"href":"https:\/\/fundaciohospitalariesmartorell.org\/entre-tots\/wp-json\/wp\/v2\/tags?post=9477"}],"curies":[{"name":"wp","href":"https:\/\/api.w.org\/{rel}","templated":true}]}}