{"id":9500,"date":"2024-06-25T23:57:20","date_gmt":"2024-06-25T22:57:20","guid":{"rendered":"https:\/\/hospitalsagratcormartorell.org\/entre-tots\/?p=9500"},"modified":"2024-06-28T09:41:19","modified_gmt":"2024-06-28T08:41:19","slug":"la-dra-montserrat-guitart-nova-coordinadora-de-larea-datencio-comunitaria-en-salut-mental-de-lhospital-sagrat-cor","status":"publish","type":"post","link":"https:\/\/fundaciohospitalariesmartorell.org\/entre-tots\/2024\/06\/la-dra-montserrat-guitart-nova-coordinadora-de-larea-datencio-comunitaria-en-salut-mental-de-lhospital-sagrat-cor\/","title":{"rendered":"La Dra. Montserrat Guitart, nova coordinadora de l\u2019\u00c0rea d\u2019Atenci\u00f3 Comunit\u00e0ria en Salut Mental"},"content":{"rendered":"\n<figure class=\"wp-block-image size-large\"><img loading=\"lazy\" decoding=\"async\" width=\"1024\" height=\"614\" src=\"https:\/\/hospitalsagratcormartorell.org\/entre-tots\/wp-content\/uploads\/2024\/06\/WhatsApp-Image-2024-06-26-at-10.39.55-e1719391419538-1024x614.jpeg\" alt=\"\" class=\"wp-image-9506\" srcset=\"https:\/\/fundaciohospitalariesmartorell.org\/entre-tots\/wp-content\/uploads\/2024\/06\/WhatsApp-Image-2024-06-26-at-10.39.55-e1719391419538-1024x614.jpeg 1024w, https:\/\/fundaciohospitalariesmartorell.org\/entre-tots\/wp-content\/uploads\/2024\/06\/WhatsApp-Image-2024-06-26-at-10.39.55-e1719391419538-300x180.jpeg 300w, https:\/\/fundaciohospitalariesmartorell.org\/entre-tots\/wp-content\/uploads\/2024\/06\/WhatsApp-Image-2024-06-26-at-10.39.55-e1719391419538-768x461.jpeg 768w, https:\/\/fundaciohospitalariesmartorell.org\/entre-tots\/wp-content\/uploads\/2024\/06\/WhatsApp-Image-2024-06-26-at-10.39.55-e1719391419538-1536x922.jpeg 1536w, https:\/\/fundaciohospitalariesmartorell.org\/entre-tots\/wp-content\/uploads\/2024\/06\/WhatsApp-Image-2024-06-26-at-10.39.55-e1719391419538-1320x792.jpeg 1320w, https:\/\/fundaciohospitalariesmartorell.org\/entre-tots\/wp-content\/uploads\/2024\/06\/WhatsApp-Image-2024-06-26-at-10.39.55-e1719391419538.jpeg 2000w\" sizes=\"auto, (max-width: 1024px) 100vw, 1024px\" \/><\/figure>\n\n\n\n<p>Des de l\u20191 de juny, la Dra. Montserrat Guitart ha assumit la coordinaci\u00f3 de l\u2019\u00c0rea d\u2019Atenci\u00f3 Comunit\u00e0ria en Salut Mental de l\u2019Hospital Sagrat Cor. Aquesta nova \u00e0rea inclou els Centres de Salut Mental d\u2019Adults (CSMA), els Centres de Salut Mental Infantojuvenil (CSMIJ), els Hospitals de Dia de Salut Mental, tant d\u2019adults com infantojuvenils, i els Centres d\u2019Atenci\u00f3 i Seguiment a les Drogodepend\u00e8ncies (CASD).<\/p>\n\n\n\n<p>L\u2019Hospital Sagrat Cor disposa d\u2019una \u00e0mplia xarxa d\u2019atenci\u00f3 comunit\u00e0ria en salut mental, desplegada en diversos territoris del pa\u00eds i que els darrers anys ha crescut significativament en serveis i programes. La creaci\u00f3 d\u2019aquesta nova \u00e0rea t\u00e9 com a objectiu principal integrar la xarxa comunit\u00e0ria en salut mental de l\u2019hospital i millorar la coordinaci\u00f3 amb els serveis d\u2019hospitalitzaci\u00f3 i altres serveis sanitaris i socials.<\/p>\n\n\n\n<p>La Dra. Guitart, que fins ara era la responsable dels Serveis Comunitaris de Salut Mental del Bergued\u00e0, abordar\u00e0 aquest repte, a m\u00e9s d\u2019impulsar l\u2019estrat\u00e8gia del centre en els espais de coordinaci\u00f3 i relaci\u00f3 amb altres prove\u00efdors de salut i l\u2019administraci\u00f3 sanit\u00e0ria. Estem segurs de la bona acollida que rebr\u00e0 per part de tots i totes en aquesta nova responsabilitat, en la qual li desitgem el millor.<\/p>\n","protected":false},"excerpt":{"rendered":"<p>Des de l\u20191 de juny, la Dra. Montserrat Guitart ha assumit la coordinaci\u00f3 de l\u2019\u00c0rea d\u2019Atenci\u00f3 Comunit\u00e0ria en Salut Mental de l\u2019Hospital Sagrat Cor. Aquesta nova \u00e0rea inclou els Centres de Salut Mental d\u2019Adults (CSMA), els Centres de Salut Mental Infantojuvenil (CSMIJ), els Hospitals de Dia de Salut Mental, tant d\u2019adults com infantojuvenils, i els [&hellip;]<\/p>\n","protected":false},"author":5,"featured_media":9506,"comment_status":"closed","ping_status":"closed","sticky":false,"template":"","format":"standard","meta":{"footnotes":""},"categories":[27],"tags":[],"class_list":["post-9500","post","type-post","status-publish","format-standard","has-post-thumbnail","hentry","category-actualitat"],"blocksy_meta":[],"featured_image_urls_v2":{"full":["https:\/\/fundaciohospitalariesmartorell.org\/entre-tots\/wp-content\/uploads\/2024\/06\/WhatsApp-Image-2024-06-26-at-10.39.55-e1719391419538.jpeg",2000,1200,false],"thumbnail":["https:\/\/fundaciohospitalariesmartorell.org\/entre-tots\/wp-content\/uploads\/2024\/06\/WhatsApp-Image-2024-06-26-at-10.39.55-e1719391419538-150x150.jpeg",150,150,true],"medium":["https:\/\/fundaciohospitalariesmartorell.org\/entre-tots\/wp-content\/uploads\/2024\/06\/WhatsApp-Image-2024-06-26-at-10.39.55-e1719391419538-300x180.jpeg",300,180,true],"medium_large":["https:\/\/fundaciohospitalariesmartorell.org\/entre-tots\/wp-content\/uploads\/2024\/06\/WhatsApp-Image-2024-06-26-at-10.39.55-e1719391419538-768x461.jpeg",768,461,true],"large":["https:\/\/fundaciohospitalariesmartorell.org\/entre-tots\/wp-content\/uploads\/2024\/06\/WhatsApp-Image-2024-06-26-at-10.39.55-e1719391419538-1024x614.jpeg",1024,614,true],"1536x1536":["https:\/\/fundaciohospitalariesmartorell.org\/entre-tots\/wp-content\/uploads\/2024\/06\/WhatsApp-Image-2024-06-26-at-10.39.55-e1719391419538-1536x922.jpeg",1536,922,true],"2048x2048":["https:\/\/fundaciohospitalariesmartorell.org\/entre-tots\/wp-content\/uploads\/2024\/06\/WhatsApp-Image-2024-06-26-at-10.39.55-e1719391419538.jpeg",2000,1200,false],"mailpoet_newsletter_max":["https:\/\/fundaciohospitalariesmartorell.org\/entre-tots\/wp-content\/uploads\/2024\/06\/WhatsApp-Image-2024-06-26-at-10.39.55-e1719391419538-1320x792.jpeg",1320,792,true]},"post_excerpt_stackable_v2":"<p>Des de l\u20191 de juny, la Dra. Montserrat Guitart ha assumit la coordinaci\u00f3 de l\u2019\u00c0rea d\u2019Atenci\u00f3 Comunit\u00e0ria en Salut Mental de l\u2019Hospital Sagrat Cor. Aquesta nova \u00e0rea inclou els Centres de Salut Mental d\u2019Adults (CSMA), els Centres de Salut Mental Infantojuvenil (CSMIJ), els Hospitals de Dia de Salut Mental, tant d\u2019adults com infantojuvenils, i els Centres d\u2019Atenci\u00f3 i Seguiment a les Drogodepend\u00e8ncies (CASD). L\u2019Hospital Sagrat Cor disposa d\u2019una \u00e0mplia xarxa d\u2019atenci\u00f3 comunit\u00e0ria en salut mental, desplegada en diversos territoris del pa\u00eds i que els darrers anys ha crescut significativament en serveis i programes. La creaci\u00f3 d\u2019aquesta nova \u00e0rea t\u00e9 com&hellip;<\/p>\n","category_list_v2":"<a href=\"https:\/\/fundaciohospitalariesmartorell.org\/entre-tots\/category\/actualitat\/\" rel=\"category tag\">ACTUALITAT<\/a>","author_info_v2":{"name":"Alba Felip","url":"https:\/\/fundaciohospitalariesmartorell.org\/entre-tots\/author\/afelipr\/"},"comments_num_v2":"0 comments","_links":{"self":[{"href":"https:\/\/fundaciohospitalariesmartorell.org\/entre-tots\/wp-json\/wp\/v2\/posts\/9500","targetHints":{"allow":["GET"]}}],"collection":[{"href":"https:\/\/fundaciohospitalariesmartorell.org\/entre-tots\/wp-json\/wp\/v2\/posts"}],"about":[{"href":"https:\/\/fundaciohospitalariesmartorell.org\/entre-tots\/wp-json\/wp\/v2\/types\/post"}],"author":[{"embeddable":true,"href":"https:\/\/fundaciohospitalariesmartorell.org\/entre-tots\/wp-json\/wp\/v2\/users\/5"}],"replies":[{"embeddable":true,"href":"https:\/\/fundaciohospitalariesmartorell.org\/entre-tots\/wp-json\/wp\/v2\/comments?post=9500"}],"version-history":[{"count":3,"href":"https:\/\/fundaciohospitalariesmartorell.org\/entre-tots\/wp-json\/wp\/v2\/posts\/9500\/revisions"}],"predecessor-version":[{"id":9534,"href":"https:\/\/fundaciohospitalariesmartorell.org\/entre-tots\/wp-json\/wp\/v2\/posts\/9500\/revisions\/9534"}],"wp:featuredmedia":[{"embeddable":true,"href":"https:\/\/fundaciohospitalariesmartorell.org\/entre-tots\/wp-json\/wp\/v2\/media\/9506"}],"wp:attachment":[{"href":"https:\/\/fundaciohospitalariesmartorell.org\/entre-tots\/wp-json\/wp\/v2\/media?parent=9500"}],"wp:term":[{"taxonomy":"category","embeddable":true,"href":"https:\/\/fundaciohospitalariesmartorell.org\/entre-tots\/wp-json\/wp\/v2\/categories?post=9500"},{"taxonomy":"post_tag","embeddable":true,"href":"https:\/\/fundaciohospitalariesmartorell.org\/entre-tots\/wp-json\/wp\/v2\/tags?post=9500"}],"curies":[{"name":"wp","href":"https:\/\/api.w.org\/{rel}","templated":true}]}}