{"id":9541,"date":"2024-07-03T07:37:16","date_gmt":"2024-07-03T06:37:16","guid":{"rendered":"https:\/\/hospitalsagratcormartorell.org\/entre-tots\/?p=9541"},"modified":"2024-07-03T07:37:17","modified_gmt":"2024-07-03T06:37:17","slug":"lhospital-sagrat-cor-i-umanresa-fub-reforcen-lalianca-per-a-la-formacio-dinfermeres-i-infermers","status":"publish","type":"post","link":"https:\/\/fundaciohospitalariesmartorell.org\/entre-tots\/2024\/07\/lhospital-sagrat-cor-i-umanresa-fub-reforcen-lalianca-per-a-la-formacio-dinfermeres-i-infermers\/","title":{"rendered":"L\u2019Hospital Sagrat Cor i UManresa &#8211; FUB reforcen l\u2019alian\u00e7a per a la formaci\u00f3 d&#8217;infermeres i infermers"},"content":{"rendered":"\n<figure class=\"wp-block-image size-large\"><img loading=\"lazy\" decoding=\"async\" width=\"1024\" height=\"768\" src=\"https:\/\/hospitalsagratcormartorell.org\/entre-tots\/wp-content\/uploads\/2024\/07\/20240701_114051-1024x768.jpg\" alt=\"\" class=\"wp-image-9542\" srcset=\"https:\/\/fundaciohospitalariesmartorell.org\/entre-tots\/wp-content\/uploads\/2024\/07\/20240701_114051-1024x768.jpg 1024w, https:\/\/fundaciohospitalariesmartorell.org\/entre-tots\/wp-content\/uploads\/2024\/07\/20240701_114051-300x225.jpg 300w, https:\/\/fundaciohospitalariesmartorell.org\/entre-tots\/wp-content\/uploads\/2024\/07\/20240701_114051-768x576.jpg 768w, https:\/\/fundaciohospitalariesmartorell.org\/entre-tots\/wp-content\/uploads\/2024\/07\/20240701_114051-1536x1152.jpg 1536w, https:\/\/fundaciohospitalariesmartorell.org\/entre-tots\/wp-content\/uploads\/2024\/07\/20240701_114051-2048x1536.jpg 2048w, https:\/\/fundaciohospitalariesmartorell.org\/entre-tots\/wp-content\/uploads\/2024\/07\/20240701_114051-1320x990.jpg 1320w\" sizes=\"auto, (max-width: 1024px) 100vw, 1024px\" \/><\/figure>\n\n\n\n<p>Representants d\u2019UManresa \u2013 Fundaci\u00f3 Universit\u00e0ria del Bages i una part del consell de direcci\u00f3 de l\u2019Hospital Sagrat Cor es van reunir el passat dilluns, 1 de juliol, a Martorell per tal d\u2019avaluar l\u2019alian\u00e7a de col\u00b7laboraci\u00f3 entre ambdues institucions, que fa dues d\u00e8cades que perdura. La trobada, a m\u00e9s, va servir per plantejar possibles noves col\u00b7laboracions i projectes conjunts.<\/p>\n\n\n\n<p>La trobada va comptar amb la pres\u00e8ncia del Sr. Antoni Llobet, actual director general de la Fundaci\u00f3 Universit\u00e0ria del Bages, la Dra. Mireia Torralba, degana de la Facultat de Ci\u00e8ncies de la Salut, i Carmen Valiente, directora del Grau en Infermeria. Per part nostra, hi van assistir Carlos M\u00e1rquez, tutor referent de l\u2019alumnat que acudeix al nostre centre procedentd\u2019UManresa &#8211; FUB, el Dr. Manel S\u00e1nchez, responsable de doc\u00e8ncia del nostre hospital, aix\u00ed com el Dr. Jes\u00fas Ezquerra, director gerent, el Dr. Carles Franquelo, director m\u00e8dic, i Pilar Herrero, directora d\u2019infermeria.<\/p>\n\n\n\n<p>La col\u00b7laboraci\u00f3 amb UManresa \u2013 FUB es remunta als anys 2004-2005, per\u00edode des del qual hem estat atenent alumnes de tercer i, actualment, de quart curs del Grau en Infermeria. La reuni\u00f3 va ser molt productiva i es preveu que, ben aviat, formalitzarem nous acords que benefici\u00efn ambdues parts.<\/p>\n\n\n\n<p>Finalment, es va fer una visita a l&#8217;edifici 9 de l&#8217;Hospital Sagrat Cor, on l&#8217;infermer Alberto Garc\u00eda va explicar el programa de la nova Unitat de Rehabilitaci\u00f3 Integral de TCA Sagrat Cor-Bellvitge. A m\u00e9s d&#8217;aquesta unitat, es van visitar els nous espais de farm\u00e0cia i doc\u00e8ncia.<\/p>\n","protected":false},"excerpt":{"rendered":"<p>Representants d\u2019UManresa \u2013 Fundaci\u00f3 Universit\u00e0ria del Bages i una part del consell de direcci\u00f3 de l\u2019Hospital Sagrat Cor es van reunir el passat dilluns, 1 de juliol, a Martorell per tal d\u2019avaluar l\u2019alian\u00e7a de col\u00b7laboraci\u00f3 entre ambdues institucions, que fa dues d\u00e8cades que perdura. La trobada, a m\u00e9s, va servir per plantejar possibles noves col\u00b7laboracions [&hellip;]<\/p>\n","protected":false},"author":2,"featured_media":9542,"comment_status":"closed","ping_status":"closed","sticky":false,"template":"","format":"standard","meta":{"footnotes":""},"categories":[27],"tags":[],"class_list":["post-9541","post","type-post","status-publish","format-standard","has-post-thumbnail","hentry","category-actualitat"],"blocksy_meta":[],"featured_image_urls_v2":{"full":["https:\/\/fundaciohospitalariesmartorell.org\/entre-tots\/wp-content\/uploads\/2024\/07\/20240701_114051-scaled.jpg",2560,1920,false],"thumbnail":["https:\/\/fundaciohospitalariesmartorell.org\/entre-tots\/wp-content\/uploads\/2024\/07\/20240701_114051-150x150.jpg",150,150,true],"medium":["https:\/\/fundaciohospitalariesmartorell.org\/entre-tots\/wp-content\/uploads\/2024\/07\/20240701_114051-300x225.jpg",300,225,true],"medium_large":["https:\/\/fundaciohospitalariesmartorell.org\/entre-tots\/wp-content\/uploads\/2024\/07\/20240701_114051-768x576.jpg",768,576,true],"large":["https:\/\/fundaciohospitalariesmartorell.org\/entre-tots\/wp-content\/uploads\/2024\/07\/20240701_114051-1024x768.jpg",1024,768,true],"1536x1536":["https:\/\/fundaciohospitalariesmartorell.org\/entre-tots\/wp-content\/uploads\/2024\/07\/20240701_114051-1536x1152.jpg",1536,1152,true],"2048x2048":["https:\/\/fundaciohospitalariesmartorell.org\/entre-tots\/wp-content\/uploads\/2024\/07\/20240701_114051-2048x1536.jpg",2048,1536,true],"mailpoet_newsletter_max":["https:\/\/fundaciohospitalariesmartorell.org\/entre-tots\/wp-content\/uploads\/2024\/07\/20240701_114051-1320x990.jpg",1320,990,true]},"post_excerpt_stackable_v2":"<p>Representants d\u2019UManresa \u2013 Fundaci\u00f3 Universit\u00e0ria del Bages i una part del consell de direcci\u00f3 de l\u2019Hospital Sagrat Cor es van reunir el passat dilluns, 1 de juliol, a Martorell per tal d\u2019avaluar l\u2019alian\u00e7a de col\u00b7laboraci\u00f3 entre ambdues institucions, que fa dues d\u00e8cades que perdura. La trobada, a m\u00e9s, va servir per plantejar possibles noves col\u00b7laboracions i projectes conjunts. La trobada va comptar amb la pres\u00e8ncia del Sr. Antoni Llobet, actual director general de la Fundaci\u00f3 Universit\u00e0ria del Bages, la Dra. Mireia Torralba, degana de la Facultat de Ci\u00e8ncies de la Salut, i Carmen Valiente, directora del Grau en Infermeria. Per&hellip;<\/p>\n","category_list_v2":"<a href=\"https:\/\/fundaciohospitalariesmartorell.org\/entre-tots\/category\/actualitat\/\" rel=\"category tag\">ACTUALITAT<\/a>","author_info_v2":{"name":"Sagrat Cor","url":"https:\/\/fundaciohospitalariesmartorell.org\/entre-tots\/author\/daniel\/"},"comments_num_v2":"0 comments","_links":{"self":[{"href":"https:\/\/fundaciohospitalariesmartorell.org\/entre-tots\/wp-json\/wp\/v2\/posts\/9541","targetHints":{"allow":["GET"]}}],"collection":[{"href":"https:\/\/fundaciohospitalariesmartorell.org\/entre-tots\/wp-json\/wp\/v2\/posts"}],"about":[{"href":"https:\/\/fundaciohospitalariesmartorell.org\/entre-tots\/wp-json\/wp\/v2\/types\/post"}],"author":[{"embeddable":true,"href":"https:\/\/fundaciohospitalariesmartorell.org\/entre-tots\/wp-json\/wp\/v2\/users\/2"}],"replies":[{"embeddable":true,"href":"https:\/\/fundaciohospitalariesmartorell.org\/entre-tots\/wp-json\/wp\/v2\/comments?post=9541"}],"version-history":[{"count":1,"href":"https:\/\/fundaciohospitalariesmartorell.org\/entre-tots\/wp-json\/wp\/v2\/posts\/9541\/revisions"}],"predecessor-version":[{"id":9543,"href":"https:\/\/fundaciohospitalariesmartorell.org\/entre-tots\/wp-json\/wp\/v2\/posts\/9541\/revisions\/9543"}],"wp:featuredmedia":[{"embeddable":true,"href":"https:\/\/fundaciohospitalariesmartorell.org\/entre-tots\/wp-json\/wp\/v2\/media\/9542"}],"wp:attachment":[{"href":"https:\/\/fundaciohospitalariesmartorell.org\/entre-tots\/wp-json\/wp\/v2\/media?parent=9541"}],"wp:term":[{"taxonomy":"category","embeddable":true,"href":"https:\/\/fundaciohospitalariesmartorell.org\/entre-tots\/wp-json\/wp\/v2\/categories?post=9541"},{"taxonomy":"post_tag","embeddable":true,"href":"https:\/\/fundaciohospitalariesmartorell.org\/entre-tots\/wp-json\/wp\/v2\/tags?post=9541"}],"curies":[{"name":"wp","href":"https:\/\/api.w.org\/{rel}","templated":true}]}}