{"id":9544,"date":"2024-07-03T10:15:22","date_gmt":"2024-07-03T09:15:22","guid":{"rendered":"https:\/\/hospitalsagratcormartorell.org\/entre-tots\/?p=9544"},"modified":"2024-07-03T10:36:13","modified_gmt":"2024-07-03T09:36:13","slug":"compartim-els-resultats-de-lenquesta-sobre-la-percepcio-del-collectiu-lgbtiq","status":"publish","type":"post","link":"https:\/\/fundaciohospitalariesmartorell.org\/entre-tots\/2024\/07\/compartim-els-resultats-de-lenquesta-sobre-la-percepcio-del-collectiu-lgbtiq\/","title":{"rendered":"Compartim els resultats de l\u2019enquesta sobre la percepci\u00f3 del col.lectiu LGBTIQ+"},"content":{"rendered":"\n<figure class=\"wp-block-image size-large\"><a href=\"https:\/\/hospitalsagratcormartorell.org\/entre-tots\/wp-content\/uploads\/2024\/06\/hsc_28juny_resultats_rev3.pdf\" target=\"_blank\" rel=\"noreferrer noopener\"><img loading=\"lazy\" decoding=\"async\" width=\"1024\" height=\"485\" src=\"https:\/\/hospitalsagratcormartorell.org\/entre-tots\/wp-content\/uploads\/2024\/07\/Sin-titulo-1-scaled-e1719999210853-1024x485.jpg\" alt=\"\" class=\"wp-image-9545\" srcset=\"https:\/\/fundaciohospitalariesmartorell.org\/entre-tots\/wp-content\/uploads\/2024\/07\/Sin-titulo-1-scaled-e1719999210853-1024x485.jpg 1024w, https:\/\/fundaciohospitalariesmartorell.org\/entre-tots\/wp-content\/uploads\/2024\/07\/Sin-titulo-1-scaled-e1719999210853-300x142.jpg 300w, https:\/\/fundaciohospitalariesmartorell.org\/entre-tots\/wp-content\/uploads\/2024\/07\/Sin-titulo-1-scaled-e1719999210853-768x364.jpg 768w, https:\/\/fundaciohospitalariesmartorell.org\/entre-tots\/wp-content\/uploads\/2024\/07\/Sin-titulo-1-scaled-e1719999210853-1536x728.jpg 1536w, https:\/\/fundaciohospitalariesmartorell.org\/entre-tots\/wp-content\/uploads\/2024\/07\/Sin-titulo-1-scaled-e1719999210853-2048x970.jpg 2048w, https:\/\/fundaciohospitalariesmartorell.org\/entre-tots\/wp-content\/uploads\/2024\/07\/Sin-titulo-1-scaled-e1719999210853-1320x625.jpg 1320w\" sizes=\"auto, (max-width: 1024px) 100vw, 1024px\" \/><\/a><\/figure>\n\n\n\n<p>Amb motiu de la celebraci\u00f3 del Dia Internacional de l\u2019Orgull LGBTIQ+, que va tenir lloc el 28 de juny, es van compartir els resultats de l\u2019enquesta sobre la percepci\u00f3 d\u2019aquest col\u00b7lectiu al nostre centre, que es va fer al personal col\u00b7laborador el mes d\u2019abril. Un total de 119 persones, representant aproximadament el 21 % de la plantilla de l\u2019hospital, van participar en l\u2019enquesta. Els resultats es van presentar en un p\u00f2ster compartit el 28 de juny amb tot el personal col\u00b7laborador.<\/p>\n\n\n\n<p>L\u2019enquesta consistia en cinc afirmacions sobre el col\u00b7lectiu LGBTIQ+, que s\u2019havien de respondre com a veritables o falses. Alguns dels resultats destacats inclouen:<\/p>\n\n\n\n<ul class=\"wp-block-list\">\n<li>El 95 % dels enquestats van considerar veritable l&#8217;afirmaci\u00f3 que l\u2019homosexualitat es defineix com la interacci\u00f3 o l\u2019atracci\u00f3 sexual, afectiva i emocional entre persones del mateix g\u00e8nere.<\/li>\n\n\n\n<li>El 89 % van considerar veritable l&#8217;afirmaci\u00f3 que la bisexualitat es caracteritza per comportaments i\/o respostes sexuals cap a persones d\u2019ambd\u00f3s sexes.<\/li>\n\n\n\n<li>El 89 % van considerar falsa l&#8217;afirmaci\u00f3 que nom\u00e9s es considera una persona transsexual aquella que s\u2019ha sotm\u00e8s a una operaci\u00f3 de reassignaci\u00f3 genital completa.<\/li>\n<\/ul>\n\n\n\n<p>Els resultats de l&#8217;enquesta posen de manifest l&#8217;esfor\u00e7 continu del centre en la formaci\u00f3 del personal en q\u00fcestions de g\u00e8nere i diversitat. Tot i aix\u00f2, \u00e9s important seguir treballant per sensibilitzar i garantir que el nostre entorn de treball sigui un espai segur i acollidor per a totes les persones, indistintament de l\u2019orientaci\u00f3 sexual o la identitat de g\u00e8nere.<\/p>\n\n\n\n<p>Des de la Comissi\u00f3 d\u2019Igualtat, continuaran impulsant iniciatives de formaci\u00f3 en sensibilitzaci\u00f3 per tal de mantenir i refor\u00e7ar una cultura organitzativa que celebra la diversitat en totes les formes.<\/p>\n\n\n\n<p>Agra\u00efm la vostra col\u00b7laboraci\u00f3 i comprom\u00eds en aquest cam\u00ed.<\/p>\n\n\n\n<p>Us podeu descarregar el p\u00f2ster&nbsp;<a href=\"https:\/\/hospitalsagratcormartorell.org\/entre-tots\/wp-content\/uploads\/2024\/06\/hsc_28juny_resultats_rev3.pdf\">aqu\u00ed<\/a>.<\/p>\n","protected":false},"excerpt":{"rendered":"<p>Amb motiu de la celebraci\u00f3 del Dia Internacional de l\u2019Orgull LGBTIQ+, que va tenir lloc el 28 de juny, es van compartir els resultats de l\u2019enquesta sobre la percepci\u00f3 d\u2019aquest col\u00b7lectiu al nostre centre, que es va fer al personal col\u00b7laborador el mes d\u2019abril. Un total de 119 persones, representant aproximadament el 21 % de [&hellip;]<\/p>\n","protected":false},"author":3,"featured_media":9550,"comment_status":"closed","ping_status":"closed","sticky":false,"template":"","format":"standard","meta":{"footnotes":""},"categories":[27],"tags":[],"class_list":["post-9544","post","type-post","status-publish","format-standard","has-post-thumbnail","hentry","category-actualitat"],"blocksy_meta":[],"featured_image_urls_v2":{"full":["https:\/\/fundaciohospitalariesmartorell.org\/entre-tots\/wp-content\/uploads\/2024\/07\/Sin-titulo-1-1-scaled-e1719999364642.jpg",2286,1847,false],"thumbnail":["https:\/\/fundaciohospitalariesmartorell.org\/entre-tots\/wp-content\/uploads\/2024\/07\/Sin-titulo-1-1-scaled-e1719999364642-150x150.jpg",150,150,true],"medium":["https:\/\/fundaciohospitalariesmartorell.org\/entre-tots\/wp-content\/uploads\/2024\/07\/Sin-titulo-1-1-scaled-e1719999364642-300x242.jpg",300,242,true],"medium_large":["https:\/\/fundaciohospitalariesmartorell.org\/entre-tots\/wp-content\/uploads\/2024\/07\/Sin-titulo-1-1-scaled-e1719999364642-768x621.jpg",768,621,true],"large":["https:\/\/fundaciohospitalariesmartorell.org\/entre-tots\/wp-content\/uploads\/2024\/07\/Sin-titulo-1-1-scaled-e1719999364642-1024x827.jpg",1024,827,true],"1536x1536":["https:\/\/fundaciohospitalariesmartorell.org\/entre-tots\/wp-content\/uploads\/2024\/07\/Sin-titulo-1-1-scaled-e1719999364642-1536x1241.jpg",1536,1241,true],"2048x2048":["https:\/\/fundaciohospitalariesmartorell.org\/entre-tots\/wp-content\/uploads\/2024\/07\/Sin-titulo-1-1-scaled-e1719999364642-2048x1655.jpg",2048,1655,true],"mailpoet_newsletter_max":["https:\/\/fundaciohospitalariesmartorell.org\/entre-tots\/wp-content\/uploads\/2024\/07\/Sin-titulo-1-1-scaled-e1719999364642-1320x1067.jpg",1320,1067,true]},"post_excerpt_stackable_v2":"<p>Amb motiu de la celebraci\u00f3 del Dia Internacional de l\u2019Orgull LGBTIQ+, que va tenir lloc el 28 de juny, es van compartir els resultats de l\u2019enquesta sobre la percepci\u00f3 d\u2019aquest col\u00b7lectiu al nostre centre, que es va fer al personal col\u00b7laborador el mes d\u2019abril. Un total de 119 persones, representant aproximadament el 21 % de la plantilla de l\u2019hospital, van participar en l\u2019enquesta. Els resultats es van presentar en un p\u00f2ster compartit el 28 de juny amb tot el personal col\u00b7laborador. L\u2019enquesta consistia en cinc afirmacions sobre el col\u00b7lectiu LGBTIQ+, que s\u2019havien de respondre com a veritables o falses. Alguns&hellip;<\/p>\n","category_list_v2":"<a href=\"https:\/\/fundaciohospitalariesmartorell.org\/entre-tots\/category\/actualitat\/\" rel=\"category tag\">ACTUALITAT<\/a>","author_info_v2":{"name":"Anna Casanovas","url":"https:\/\/fundaciohospitalariesmartorell.org\/entre-tots\/author\/acasanovasr\/"},"comments_num_v2":"0 comments","_links":{"self":[{"href":"https:\/\/fundaciohospitalariesmartorell.org\/entre-tots\/wp-json\/wp\/v2\/posts\/9544","targetHints":{"allow":["GET"]}}],"collection":[{"href":"https:\/\/fundaciohospitalariesmartorell.org\/entre-tots\/wp-json\/wp\/v2\/posts"}],"about":[{"href":"https:\/\/fundaciohospitalariesmartorell.org\/entre-tots\/wp-json\/wp\/v2\/types\/post"}],"author":[{"embeddable":true,"href":"https:\/\/fundaciohospitalariesmartorell.org\/entre-tots\/wp-json\/wp\/v2\/users\/3"}],"replies":[{"embeddable":true,"href":"https:\/\/fundaciohospitalariesmartorell.org\/entre-tots\/wp-json\/wp\/v2\/comments?post=9544"}],"version-history":[{"count":3,"href":"https:\/\/fundaciohospitalariesmartorell.org\/entre-tots\/wp-json\/wp\/v2\/posts\/9544\/revisions"}],"predecessor-version":[{"id":9549,"href":"https:\/\/fundaciohospitalariesmartorell.org\/entre-tots\/wp-json\/wp\/v2\/posts\/9544\/revisions\/9549"}],"wp:featuredmedia":[{"embeddable":true,"href":"https:\/\/fundaciohospitalariesmartorell.org\/entre-tots\/wp-json\/wp\/v2\/media\/9550"}],"wp:attachment":[{"href":"https:\/\/fundaciohospitalariesmartorell.org\/entre-tots\/wp-json\/wp\/v2\/media?parent=9544"}],"wp:term":[{"taxonomy":"category","embeddable":true,"href":"https:\/\/fundaciohospitalariesmartorell.org\/entre-tots\/wp-json\/wp\/v2\/categories?post=9544"},{"taxonomy":"post_tag","embeddable":true,"href":"https:\/\/fundaciohospitalariesmartorell.org\/entre-tots\/wp-json\/wp\/v2\/tags?post=9544"}],"curies":[{"name":"wp","href":"https:\/\/api.w.org\/{rel}","templated":true}]}}